{"id":89534,"date":"2016-06-19T18:55:26","date_gmt":"2016-06-19T21:55:26","guid":{"rendered":"http:\/\/aconteceunovale.com.br\/portal\/?p=89534"},"modified":"2016-06-19T18:55:26","modified_gmt":"2016-06-19T21:55:26","slug":"estilista-mineira-desenha-vestido-da-primeira-princesa-latina-da-disney","status":"publish","type":"post","link":"https:\/\/aconteceunovale.com.br\/portal\/?p=89534","title":{"rendered":"Estilista mineira desenha vestido da primeira princesa latina da Disney"},"content":{"rendered":"<p>Atende pelo nome de Layana Aguilar a estilista escolhida para desenhar o vestido da primeira princesa latina da Disney. Nascida em Minas Gerais e radicada em Nova York, Layana desenvolveu o longo vermelho de Elena de Avalor \u2013 com ombros \u00e0 mostra, marca\u00e7\u00e3o na cintura, babados que v\u00e3o at\u00e9 a barra e estampas florais (a primeira vez que a trend fashion surge em uma vestimenta de princesa da Disney). Caso voc\u00ea, leitor mais atento, acredite j\u00e1 viu o rosto de Layana em algum lugar, calma: a estilista ganhou fama nos Estados Unidos ao integrar a segunda temporada de \u201cProject Runway\u201d, reality show fashion. Depois, ela participou da quinta temporada do \u201cProject Runway All Stars\u201d, voltado para ex-participantes que se destacaram em edi\u00e7\u00f5es anteriores.<\/p>\n<p>A estilista, ali\u00e1s, foi indicada pelo c\u00e9lebre consultor de moda e coach do programa, Tim Gunn. \u201cQuando recebi a liga\u00e7\u00e3o do produtor do desenho e ele me contou da princesa Elena, imediatamente eu sabia que a cor tinha que ser vermelha. Como a nossa cultura \u00e9 rica em cores e folclore, decidi fazer algo bem diferente e criar uma estampa colorida para o vestido\u201d, revelou. Layana j\u00e1 contou tamb\u00e9m que se deixou levar por influ\u00eancias \u201cperuanas\u201d e \u201cincas\u201d para compor a roupa de Elena \u2013 \u201cuma adolescente segura de si\u201d, segundo a Disney. Elena de Avalor far\u00e1 a sua estreia no ver\u00e3o do Hemisf\u00e9rio Norte no Disney Channel e poder\u00e1 ser vista nos parques da Disney em Orlando e na Calif\u00f3rnia.<\/p>\n<p><img decoding=\"async\" src=\"http:\/\/aconteceunovale.com.br\/portal\/wp-content\/uploads\/2016\/06\/estilista_princesa.jpg\" alt=\"\" \/><em>Layana Aguilar desenhou o vestido da princesa Elena de Avalor (Foto: Reprodu\u00e7\u00e3o)<\/em><br \/>\n<\/br><\/p>\n<p><em>(Fonte: Heloisa tolipan \/ IG)<\/em><\/p>\n","protected":false},"excerpt":{"rendered":"<p>Atende pelo nome de Layana Aguilar a estilista escolhida para desenhar o vestido da primeira princesa latina da Disney. Nascida em Minas Gerais e radicada em Nova York, Layana desenvolveu o longo vermelho de Elena de Avalor \u2013 com ombros \u00e0 mostra, marca\u00e7\u00e3o na cintura, babados que v\u00e3o at\u00e9 a barra e estampas florais (a [&hellip;]<\/p>\n","protected":false},"author":1,"featured_media":89535,"comment_status":"open","ping_status":"closed","sticky":false,"template":"","format":"standard","meta":{"amp_status":"","footnotes":""},"categories":[123,28848],"tags":[38989,99781,99782,99779,99790,99769,99776,99783,99784,99774,99778,99777,99773,44106,99771,99772,99775,99780,99785,99786,99787,99788,99770,99789],"class_list":["post-89534","post","type-post","status-publish","format-standard","has-post-thumbnail","hentry","category-gerais","category-mundo","tag-california","tag-disney","tag-disney-channel","tag-elena-de-avalor","tag-estilista-brasileira-que-desenhou-o-vestido-da-primeira-princesa-latina-da-disney","tag-estilista-mineira-desenha-vestido-da-primeira-princesa-latina-da-disney","tag-estilista-mineira-layana-aguilar","tag-heloisa-tolipan","tag-ht","tag-layana-aguilar","tag-layana-aguilar-desenvolveu-o-longo-vermelho-de-elena-de-avalor","tag-layana-aguilar-foi-escolhida-para-desenhar-o-vestido-da-primeira-princesa-latina-da-disney","tag-layana-aguilar-ganhou-fama-nos-eua-ao-integrar-a-segunda-temporada-de-project-runway","tag-orlando","tag-primeira-princesa-latina-da-disney","tag-princesa-latina-da-disney","tag-project-runway","tag-project-runway-all-stars","tag-siteheloisatolipan","tag-siteht","tag-tim-gunn","tag-tolipan","tag-vestido-da-primeira-princesa-latina-da-disney","tag-walt-disney"],"_links":{"self":[{"href":"https:\/\/aconteceunovale.com.br\/portal\/index.php?rest_route=\/wp\/v2\/posts\/89534","targetHints":{"allow":["GET"]}}],"collection":[{"href":"https:\/\/aconteceunovale.com.br\/portal\/index.php?rest_route=\/wp\/v2\/posts"}],"about":[{"href":"https:\/\/aconteceunovale.com.br\/portal\/index.php?rest_route=\/wp\/v2\/types\/post"}],"author":[{"embeddable":true,"href":"https:\/\/aconteceunovale.com.br\/portal\/index.php?rest_route=\/wp\/v2\/users\/1"}],"replies":[{"embeddable":true,"href":"https:\/\/aconteceunovale.com.br\/portal\/index.php?rest_route=%2Fwp%2Fv2%2Fcomments&post=89534"}],"version-history":[{"count":0,"href":"https:\/\/aconteceunovale.com.br\/portal\/index.php?rest_route=\/wp\/v2\/posts\/89534\/revisions"}],"wp:featuredmedia":[{"embeddable":true,"href":"https:\/\/aconteceunovale.com.br\/portal\/index.php?rest_route=\/wp\/v2\/media\/89535"}],"wp:attachment":[{"href":"https:\/\/aconteceunovale.com.br\/portal\/index.php?rest_route=%2Fwp%2Fv2%2Fmedia&parent=89534"}],"wp:term":[{"taxonomy":"category","embeddable":true,"href":"https:\/\/aconteceunovale.com.br\/portal\/index.php?rest_route=%2Fwp%2Fv2%2Fcategories&post=89534"},{"taxonomy":"post_tag","embeddable":true,"href":"https:\/\/aconteceunovale.com.br\/portal\/index.php?rest_route=%2Fwp%2Fv2%2Ftags&post=89534"}],"curies":[{"name":"wp","href":"https:\/\/api.w.org\/{rel}","templated":true}]}}