{"id":89526,"date":"2016-06-19T18:19:02","date_gmt":"2016-06-19T21:19:02","guid":{"rendered":"http:\/\/aconteceunovale.com.br\/portal\/?p=89526"},"modified":"2016-06-19T18:19:02","modified_gmt":"2016-06-19T21:19:02","slug":"dez-orgaos-publicos-abrem-inscricoes-para-820-vagas-nesta-segunda-feira-2","status":"publish","type":"post","link":"https:\/\/aconteceunovale.com.br\/portal\/?p=89526","title":{"rendered":"Dez \u00f3rg\u00e3os p\u00fablicos abrem inscri\u00e7\u00f5es para 820 vagas nesta segunda-feira"},"content":{"rendered":"<p>Pelo menos dez \u00f3rg\u00e3os abrem inscri\u00e7\u00f5es de concursos p\u00fablicos, na segunda-feira (20\/6\/2016), para 820 vagas e forma\u00e7\u00e3o de cadastro de reserva em cargos de n\u00edveis fundamental, m\u00e9dio\/t\u00e9cnico e superior.<\/p>\n<p>Na modalidade de forma\u00e7\u00e3o de cadastro de reserva, os candidatos aprovados s\u00e3o chamados conforme a abertura de vagas durante a validade do concurso.<\/p>\n<p>Os sal\u00e1rios chegam a R$ 15.534,77 na Prefeitura de Coronel Vivida (PR). Somente na Prefeitura de N\u00edsia Floresta (RN) s\u00e3o 563 vagas. Veja os concursos que abrem inscri\u00e7\u00f5es na segunda:<\/p>\n<p><strong>Conselho Regional de Educa\u00e7\u00e3o F\u00edsica da 3\u00aa Regi\u00e3o<\/strong><\/p>\n<p>O Conselho Regional de Educa\u00e7\u00e3o F\u00edsica da 3\u00aa Regi\u00e3o, em Santa Catarina, divulgou edital de concurso p\u00fablico para 4 vagas em cargos de todos os n\u00edveis de escolaridade. As remunera\u00e7\u00f5es variam de R$ 1.100 a R$ 4.780,87. As inscri\u00e7\u00f5es estar\u00e3o abertas de 20 de junho a 19 de julho pelo site www.iobv.org.br. A sele\u00e7\u00e3o ter\u00e1 prova objetiva, reda\u00e7\u00e3o e prova de t\u00edtulos, de acordo com o cargo\u00a0<a href=\"http:\/\/www.crefsc.org.br\/conselho-lanca-edital-de-concurso-publico\/\" target=\"_blank\"><font color=\"blue\">(veja o edital no site do conselho)<\/font><\/a>.<\/p>\n<p><strong>Prefeitura de Coronel Vivida (PR)<\/strong><\/p>\n<p>A Prefeitura de Coronel Vivida (PR) vai abrir concurso para 22 vagas em cargos de n\u00edveis fundamental, m\u00e9dio e superior. Os sal\u00e1rios v\u00e3o de R$ 882,75 a R$ 15.534,77. Os candidatos podem se inscrever pelo site www.fauel.org.br de 20 de junho a 6 de julho. A prova ser\u00e1 aplicada em 7 de agosto\u00a0<a href=\"http:\/\/www.fauel.org.br\/paginaconcurso.php?concurso=cb70ab375662576bd1ac5aaf16b3fca4\" target=\"_blank\"><font color=\"blue\">(veja o edital no site da organizadora)<\/font><\/a>.<\/p>\n<p><strong>Prefeitura de\u00a0Cotia\u00a0(SP)<\/strong><\/p>\n<p>A Prefeitura de Cotia, na Grande S\u00e3o Paulo, divulgou edital de concurso\u00a0p\u00fablico para 20 vagas para o cargo de advogado. O sal\u00e1rio \u00e9 de R$ 5.896,80. As inscri\u00e7\u00f5es devem ser feitas pelo site www.cetroconcursos.org.br no per\u00edodo de 20 de junho a 28 de julho. A sele\u00e7\u00e3o ser\u00e1 feita por meio de prova objetiva e prova discursiva \u2013 pe\u00e7a processual. A prova objetiva ser\u00e1 aplicada em 28 de agosto\u00a0<a href=\"http:\/\/www.cetroconcursos.org.br\/Projetos\/projeto-detalhes.aspx?id=1oRFpZIxZBo=\" target=\"_blank\"><font color=\"blue\">(veja o edital no site da organizadora)<\/font><\/a>.<\/p>\n<p><strong>Prefeitura de Delfim Moreira (MG)<\/strong><\/p>\n<p>A Prefeitura de Delfim Moreira (MG) vai abrir concurso para 36 vagas em cargos de n\u00edveis fundamental, m\u00e9dio\/ t\u00e9cnico e superior. As remunera\u00e7\u00f5es v\u00e3o de R$ 880,00 a R$ 2.756,50.\u00a0 Os candidatos poder\u00e3o se inscrever no per\u00edodo de 20 de junho a 19 de julho pelo site www.maximaauditores.com.br. A prova ser\u00e1 aplicada na data prov\u00e1vel de 31 de julho\u00a0<a href=\"http:\/\/www.maximaauditores.com.br\/v2\/site\/?p=concurso_detalhes&amp;tipo=6&amp;id=90\" target=\"_blank\"><font color=\"blue\">(veja o edital no site da organizadora)<\/font><\/a>.<\/p>\n<p><strong>Prefeitura de Lagoa D&#8217;Anta (RN)<\/strong><\/p>\n<p>A Prefeitura de Lagoa D&#8217;Anta (RN) far\u00e1 concurso para 5 vagas\u00a0em cargos de n\u00edveis m\u00e9dio e superior. Os sal\u00e1rios chegam a R$ 2.300. As inscri\u00e7\u00f5es podem ser feitas pelo site www.compreve.ufrn.br de 20 de junho a 20 de julho. A prova ser\u00e1 na data prov\u00e1vel de 21 de agosto <a href=\"http:\/\/www.comperve.ufrn.br\/conteudo\/concursos\/prefeitura_lagoa_danta_201601\/informacoes.php\" target=\"_blank\"><font color=\"blue\">(veja o edital no site da organizadora)<\/font><\/a>.<\/p>\n<p><strong>Prefeitura de N\u00edsia Floresta (RN)<\/strong><\/p>\n<p>A Prefeitura de N\u00edsia Floresta (RN) lan\u00e7ou edital de concurso p\u00fablico para todos os n\u00edveis de escolaridade.\u00a0Ao todo, s\u00e3o 563 vagas e os sal\u00e1rios chegam a R$ 2.082. As inscri\u00e7\u00f5es come\u00e7am no dia 20 de junho e seguem at\u00e9 20 de julho pelo site www.comperve.ufrn.br. A prova ter\u00e1 35 quest\u00f5es e ser\u00e1 aplicada no dia 21 de agosto\u00a0<a href=\"http:\/\/www.comperve.ufrn.br\/conteudo\/concursos\/prefeitura_nisia_floresta_201601\/informacoes.php\" target=\"_blank\"><font color=\"blue\">(veja o edital no site da organizadora)<\/font><\/a>.<\/p>\n<p><strong>Prefeitura de Santa Cruz do Escalvado (MG)<\/strong><\/p>\n<p>A Prefeitura de Santa Cruz do Escalvado (MG) vai abrir concurso para 38 vagas em cargos de n\u00edveis fundamental, m\u00e9dio e superior. Os sal\u00e1rios v\u00e3o de R$ 880 a R$ 6.097,95. Os candidatos podem se inscrever pelo site www.agoraconsultoria.srv.br de 20 de junho a 3 de julho. A prova objetiva ser\u00e1 aplicada em 31 de julho\u00a0<a href=\"http:\/\/www.agoraconsultoria.srv.br\/v2\/site\/?p=concurso_detalhes&amp;tipo=1&amp;id=84\" target=\"_blank\"><font color=\"blue\">(veja o edital no site da organizadora)<\/font><\/a>.<\/p>\n<p><strong>Prefeitura de S\u00e3o Rafael (RN)<\/strong><\/p>\n<p>A Prefeitura de S\u00e3o Rafael (RN) divulgou edital de concurso p\u00fablico para 64 vagas\u00a0em cargos de n\u00edveis fundamental, m\u00e9dio e superior. As remunera\u00e7\u00f5es variam de R$ 880 a R$ 2 mil. Os candidatos podem se inscrever de 20 de junho a 20 de julho pelo site www.comperve.ufrn.br. A prova objetiva est\u00e1 prevista para o dia 21 de agosto\u00a0<a href=\"http:\/\/www.comperve.ufrn.br\/conteudo\/concursos\/prefeitura_sao_rafael_201601\/informacoes.php\" target=\"_blank\"><font color=\"blue\">(veja o edital no site da organizadora)<\/font><\/a>.<\/p>\n<p><strong>Prefeitura de Tesouro (MT)<\/strong><\/p>\n<p>A Prefeitura de Tesouro (MT) vai realizar concurso para 59 vagas\u00a0em cargos de todos os n\u00edveis de escolaridade. As remunera\u00e7\u00f5es v\u00e3o de R$ 880 a R$ 5,5 mil. As inscri\u00e7\u00f5es come\u00e7am no dia 20 de junho e v\u00e3o at\u00e9 o dia 20 de julho pelo site www.pmtesouro.com.br. A prova objetiva ser\u00e1 no dia 4 de setembro\u00a0<a href=\"http:\/\/www.pmtesouro.com.br\/novo_site\/index.php?exibir=editais&#038;nome=Concursos\" target=\"_blank\"><font color=\"blue\">(veja o edital no site da prefeitura)<\/font><\/a>.<\/p>\n<p><strong>Universidade Federal de Uberl\u00e2ndia (UFU)<\/strong><\/p>\n<p>A Universidade Federal de Uberl\u00e2ndia (UFU), em Minas Gerais, vai abrir concurso para 9 vagas\u00a0em cargos t\u00e9cnico-administrativos de todos os n\u00edveis de escolaridade. Os sal\u00e1rios v\u00e3o de R$ 1.739,04 a R$ 3.666,54. As inscri\u00e7\u00f5es podem ser feitas a partir do dia 20 de junho e v\u00e3o at\u00e9 o dia 7 de julho pelo site www.ingresso.ufu.br\/concursos. As provas ser\u00e3o aplicadas em 31 de julho <a href=\"http:\/\/www.ingresso.ufu.br\/concursos\" target=\"_blank\"><font color=\"blue\">(veja o edital no site da organizadora)<\/font><\/a>.<\/p>\n<p><em>(Fonte: G1 Concursos e Emprego)<\/em><\/p>\n","protected":false},"excerpt":{"rendered":"<p>Pelo menos dez \u00f3rg\u00e3os abrem inscri\u00e7\u00f5es de concursos p\u00fablicos, na segunda-feira (20\/6\/2016), para 820 vagas e forma\u00e7\u00e3o de cadastro de reserva em cargos de n\u00edveis fundamental, m\u00e9dio\/t\u00e9cnico e superior. Na modalidade de forma\u00e7\u00e3o de cadastro de reserva, os candidatos aprovados s\u00e3o chamados conforme a abertura de vagas durante a validade do concurso. Os sal\u00e1rios chegam [&hellip;]<\/p>\n","protected":false},"author":1,"featured_media":13951,"comment_status":"open","ping_status":"closed","sticky":false,"template":"","format":"standard","meta":{"amp_status":"","footnotes":""},"categories":[6,40237,40236,123],"tags":[99739,99741,99744,99748,99750,99752,99754,99756,99758,87952,87951,99738,99742,90973,51736,99759,99745,81521,99740,99743,99747,99749,99751,99753,99755,99757,1775,99746,49594,42967,31010],"class_list":["post-89526","post","type-post","status-publish","format-standard","has-post-thumbnail","hentry","category-br","category-concursos","category-empregos-2","category-gerais","tag-concurso-conselho-regional-de-educacao-fisica-da-3a-regiao","tag-concurso-prefeitura-de-coronel-vivida","tag-concurso-prefeitura-de-cotia","tag-concurso-prefeitura-de-delfim-moreira","tag-concurso-prefeitura-de-lagoa-danta","tag-concurso-prefeitura-de-nisia-floresta","tag-concurso-prefeitura-de-santa-cruz-do-escalvado","tag-concurso-prefeitura-de-sao-rafael","tag-concurso-prefeitura-de-tesouro","tag-concurso-ufu","tag-concurso-universidade-federal-de-uberlandia","tag-conselho-regional-de-educacao-fisica-da-3a-regiao","tag-coronel-vivida","tag-cotia","tag-delfim-moreira","tag-dez-orgaos-publicos-abrem-inscricoes-para-820-vagas-nesta-segunda-feira","tag-lagoa-danta","tag-nisia-floresta","tag-prefeitura-de-coronel-vivida","tag-prefeitura-de-cotia","tag-prefeitura-de-delfim-moreira","tag-prefeitura-de-lagoa-danta","tag-prefeitura-de-nisia-floresta","tag-prefeitura-de-santa-cruz-do-escalvado","tag-prefeitura-de-sao-rafael","tag-prefeitura-de-tesouro","tag-santa-cruz-do-escalvado","tag-sao-rafael","tag-tesouro","tag-ufu","tag-universidade-federal-de-uberlandia"],"_links":{"self":[{"href":"https:\/\/aconteceunovale.com.br\/portal\/index.php?rest_route=\/wp\/v2\/posts\/89526","targetHints":{"allow":["GET"]}}],"collection":[{"href":"https:\/\/aconteceunovale.com.br\/portal\/index.php?rest_route=\/wp\/v2\/posts"}],"about":[{"href":"https:\/\/aconteceunovale.com.br\/portal\/index.php?rest_route=\/wp\/v2\/types\/post"}],"author":[{"embeddable":true,"href":"https:\/\/aconteceunovale.com.br\/portal\/index.php?rest_route=\/wp\/v2\/users\/1"}],"replies":[{"embeddable":true,"href":"https:\/\/aconteceunovale.com.br\/portal\/index.php?rest_route=%2Fwp%2Fv2%2Fcomments&post=89526"}],"version-history":[{"count":0,"href":"https:\/\/aconteceunovale.com.br\/portal\/index.php?rest_route=\/wp\/v2\/posts\/89526\/revisions"}],"wp:featuredmedia":[{"embeddable":true,"href":"https:\/\/aconteceunovale.com.br\/portal\/index.php?rest_route=\/wp\/v2\/media\/13951"}],"wp:attachment":[{"href":"https:\/\/aconteceunovale.com.br\/portal\/index.php?rest_route=%2Fwp%2Fv2%2Fmedia&parent=89526"}],"wp:term":[{"taxonomy":"category","embeddable":true,"href":"https:\/\/aconteceunovale.com.br\/portal\/index.php?rest_route=%2Fwp%2Fv2%2Fcategories&post=89526"},{"taxonomy":"post_tag","embeddable":true,"href":"https:\/\/aconteceunovale.com.br\/portal\/index.php?rest_route=%2Fwp%2Fv2%2Ftags&post=89526"}],"curies":[{"name":"wp","href":"https:\/\/api.w.org\/{rel}","templated":true}]}}