{"id":89507,"date":"2016-06-18T19:41:54","date_gmt":"2016-06-18T22:41:54","guid":{"rendered":"http:\/\/aconteceunovale.com.br\/portal\/?p=89507"},"modified":"2016-06-18T19:46:55","modified_gmt":"2016-06-18T22:46:55","slug":"veiculo-de-dupla-sertaneja-mineira-tomba-em-avenida-de-belo-horizonte","status":"publish","type":"post","link":"https:\/\/aconteceunovale.com.br\/portal\/?p=89507","title":{"rendered":"Ve\u00edculo de dupla sertaneja mineira tomba em avenida de Belo Horizonte"},"content":{"rendered":"<p>O micro-\u00f4nibus da dupla sertaneja &#8216;Johny Marcos e Maurinho&#8217; se acidentou no in\u00edcio da tarde deste s\u00e1bado (18\/6) na avenida Ant\u00f4nio Carlos, no bairro S\u00e3o Francisco, na regi\u00e3o da Pampulha, em Belo Horizonte. Oito pessoas estavam dentro do ve\u00edculo, entre elas os cantores, que voltavam de um show em Br\u00e1s Pires (MG). O Corpo de Bombeiros ajudou na retirada das pessoas de dentro do ve\u00edculo.<\/p>\n<p>O empres\u00e1rio da dupla, La\u00e9rcio Rodrigues, relembra o momento do susto. &#8220;A gente ouviu o motorista gritando &#8216;acabou o freio&#8217;. A\u00ed a gente pediu para tirar dos carros. O sinal tava fechado. Ele tentou desviar e acabou caindo na vala&#8221;, conta. O micro-\u00f4nibus foi parar nas margens da avenida, que liga a regi\u00e3o da Pampulha ao Centro da capital.<\/p>\n<p>A dupla &#8216;Johny Marcos e Maurinho&#8217; n\u00e3o teve ferimentos. &#8220;Eles est\u00e3o bem e n\u00e3o tiveram nenhum arranh\u00e3o. Foi s\u00f3 o susto mesmo gra\u00e7as a Deus&#8221;, completa Rodrigues. <\/p>\n<p><img decoding=\"async\" src=\"http:\/\/aconteceunovale.com.br\/portal\/wp-content\/uploads\/2016\/06\/acidente_bh_1.jpg\" alt=\"\" \/><em>Acidente aconteceu na Avenida Ant\u00f4nio Carlos (Foto: Divulga\u00e7\u00e3o\/Corpo de Bombeiros)<\/em><br \/>\n<\/br><\/p>\n<p>Em relato aos militares do 3\u00ba Batalh\u00e3o do Corpo de Bombeiros, que fica pr\u00f3ximo ao local do acidente, o motorista do ve\u00edculo confirmou que perdeu o controle e jogou o micro-\u00f4nibus para a lateral da pista, para evitar maiores acidentes, mas o ve\u00edculo capotou.<\/p>\n<p>Das pessoas que estavam dentro do micro-\u00f4nibus, tr\u00eas foram atendidas com dores generalizadas, mas apenas o baixista Edmilson Alves dos Santos, de 37 anos, foi encaminhado com dores na lombar para o Hospital de Pronto-socorro Jo\u00e3o XXIII. Segundo Rodrigues, ele est\u00e1 bem e aguarda avalia\u00e7\u00e3o m\u00e9dica no hospital.<\/p>\n<p>O micro-\u00f4nibus foi retirado do local no fim da tarde deste s\u00e1bado (18). <\/p>\n<p><strong>Show neste s\u00e1bado<\/strong><\/p>\n<p>A  dupla &#8216;Johny Marcos e Maurinho&#8217; e os membros da banda estavam indo em dire\u00e7\u00e3o ao bairro Itapu\u00e3, na regi\u00e3o da Pampulha, onde est\u00e1 programada uma apresenta\u00e7\u00e3o para a noite deste s\u00e1bado (18). &#8220;Ainda n\u00e3o d\u00e1 para confirmar se o show vai acontecer, falta acertar alguns detalhes. Mas, se Deus quiser n\u00f3s vamos, sim&#8221;, afirma o empres\u00e1rio da dupla.<\/p>\n<p><img decoding=\"async\" src=\"http:\/\/aconteceunovale.com.br\/portal\/wp-content\/uploads\/2016\/06\/acidente_bh_2.jpg\" alt=\"\" \/><em>Acidente aconteceu na Avenida Ant\u00f4nio Carlos (Foto: Divulga\u00e7\u00e3o\/Corpo de Bombeiros)<\/em><br \/>\n<\/br><\/p>\n<p><img decoding=\"async\" src=\"http:\/\/aconteceunovale.com.br\/portal\/wp-content\/uploads\/2016\/06\/acidente_bh_3.jpg\" alt=\"\" \/><em>Acidente aconteceu na Avenida Ant\u00f4nio Carlos (Foto: Divulga\u00e7\u00e3o\/Corpo de Bombeiros)<\/em><br \/>\n<\/br><\/p>\n<p><em>(Fonte: O Tempo \/ Rep\u00f3rteres: Camila Kifer e Isabela Meireles)<\/em><\/p>\n","protected":false},"excerpt":{"rendered":"<p>O micro-\u00f4nibus da dupla sertaneja &#8216;Johny Marcos e Maurinho&#8217; se acidentou no in\u00edcio da tarde deste s\u00e1bado (18\/6) na avenida Ant\u00f4nio Carlos, no bairro S\u00e3o Francisco, na regi\u00e3o da Pampulha, em Belo Horizonte. Oito pessoas estavam dentro do ve\u00edculo, entre elas os cantores, que voltavam de um show em Br\u00e1s Pires (MG). O Corpo de [&hellip;]<\/p>\n","protected":false},"author":1,"featured_media":89509,"comment_status":"open","ping_status":"closed","sticky":false,"template":"","format":"standard","meta":{"amp_status":"","footnotes":""},"categories":[123],"tags":[74565,99724,99719,99718,99721,194,1559,1018,99725,99726,99723,99722,99720,99717],"class_list":["post-89507","post","type-post","status-publish","format-standard","has-post-thumbnail","hentry","category-gerais","tag-acidente-em-belo-horizonte","tag-acidente-johny-marcos-e-maurinho","tag-acidente-na-avenida-antonio-carlos","tag-acidente-na-avenida-antonio-carlos-belo-horizonte","tag-acidente-onibus-da-dupla-mineira-johny-marcos-e-maurinho","tag-belo-horizonte","tag-bras-pires","tag-destaque","tag-edimilson-campos","tag-edmilson-alves-dos-santos","tag-johny-marcos-e-maurinho","tag-onibus-da-dupla-johny-marcos-e-maurinho","tag-onibus-da-dupla-mineira-johny-marcos-e-maurinho","tag-veiculo-de-dupla-sertaneja-mineira-tomba-em-avenida-de-belo-horizonte"],"_links":{"self":[{"href":"https:\/\/aconteceunovale.com.br\/portal\/index.php?rest_route=\/wp\/v2\/posts\/89507","targetHints":{"allow":["GET"]}}],"collection":[{"href":"https:\/\/aconteceunovale.com.br\/portal\/index.php?rest_route=\/wp\/v2\/posts"}],"about":[{"href":"https:\/\/aconteceunovale.com.br\/portal\/index.php?rest_route=\/wp\/v2\/types\/post"}],"author":[{"embeddable":true,"href":"https:\/\/aconteceunovale.com.br\/portal\/index.php?rest_route=\/wp\/v2\/users\/1"}],"replies":[{"embeddable":true,"href":"https:\/\/aconteceunovale.com.br\/portal\/index.php?rest_route=%2Fwp%2Fv2%2Fcomments&post=89507"}],"version-history":[{"count":0,"href":"https:\/\/aconteceunovale.com.br\/portal\/index.php?rest_route=\/wp\/v2\/posts\/89507\/revisions"}],"wp:featuredmedia":[{"embeddable":true,"href":"https:\/\/aconteceunovale.com.br\/portal\/index.php?rest_route=\/wp\/v2\/media\/89509"}],"wp:attachment":[{"href":"https:\/\/aconteceunovale.com.br\/portal\/index.php?rest_route=%2Fwp%2Fv2%2Fmedia&parent=89507"}],"wp:term":[{"taxonomy":"category","embeddable":true,"href":"https:\/\/aconteceunovale.com.br\/portal\/index.php?rest_route=%2Fwp%2Fv2%2Fcategories&post=89507"},{"taxonomy":"post_tag","embeddable":true,"href":"https:\/\/aconteceunovale.com.br\/portal\/index.php?rest_route=%2Fwp%2Fv2%2Ftags&post=89507"}],"curies":[{"name":"wp","href":"https:\/\/api.w.org\/{rel}","templated":true}]}}