{"id":89497,"date":"2016-06-18T11:25:14","date_gmt":"2016-06-18T14:25:14","guid":{"rendered":"http:\/\/aconteceunovale.com.br\/portal\/?p=89497"},"modified":"2016-06-18T11:25:14","modified_gmt":"2016-06-18T14:25:14","slug":"suspeito-de-trafico-interestadual-e-preso-com-drogas-e-mais-de-r-10-mil-em-governador-valadares","status":"publish","type":"post","link":"https:\/\/aconteceunovale.com.br\/portal\/?p=89497","title":{"rendered":"Suspeito de tr\u00e1fico interestadual \u00e9 preso com drogas e mais de R$ 10 mil em Governador Valadares"},"content":{"rendered":"<p>A Pol\u00edcia Militar (PM) prendeu na tarde desta sexta-feira, 17 de junho, um homem com grande de quantidade de droga e mais de R$ 10 mil em dinheiro. Segundo a PM, um denunciante an\u00f4nimo teria informado que o suspeito Tayllon O.A.S, contra quem j\u00e1 havia um mandado de pris\u00e3o em aberto, estava traficando no Bairro Gr\u00e3-Duquesa.<\/p>\n<p>A equipe compareceu ao local e o homem evadiu, mas foi capturado tentando entrar na casa onde morava. Na resid\u00eancia, foi apreendido cerca de quatro quilos de maconha e aproximadamente dois quilos de crack, al\u00e9m de R$ 10.490, quatro balan\u00e7as de precis\u00e3o e dois celulares.<\/p>\n<p>O homem e o material foram encaminhados para a Pol\u00edcia Federal, uma vez que h\u00e1 ind\u00edcios de que o suspeito praticava tr\u00e1fico de drogas entre estados da Federa\u00e7\u00e3o.<\/p>\n<p><img decoding=\"async\" src=\"http:\/\/aconteceunovale.com.br\/portal\/wp-content\/uploads\/2016\/06\/trafico_gv_estados.jpg\" alt=\"\" \/><em>Material apreendido com o suspeito foi encaminhado \u00e0 PF (Foto: PMMG\/Divulga\u00e7\u00e3o)<\/em><br \/>\n<\/br><\/p>\n<p><em>(Via G1 dos Vales)<\/em><\/p>\n","protected":false},"excerpt":{"rendered":"<p>A Pol\u00edcia Militar (PM) prendeu na tarde desta sexta-feira, 17 de junho, um homem com grande de quantidade de droga e mais de R$ 10 mil em dinheiro. Segundo a PM, um denunciante an\u00f4nimo teria informado que o suspeito Tayllon O.A.S, contra quem j\u00e1 havia um mandado de pris\u00e3o em aberto, estava traficando no Bairro [&hellip;]<\/p>\n","protected":false},"author":1,"featured_media":89499,"comment_status":"open","ping_status":"closed","sticky":false,"template":"","format":"standard","meta":{"amp_status":"","footnotes":""},"categories":[121],"tags":[57714,99693,247,99697,99692,99696,99695,76857,99694],"class_list":["post-89497","post","type-post","status-publish","format-standard","has-post-thumbnail","hentry","category-leste","tag-apreensao-de-drogas-em-governador-valadares","tag-drogas-apreendidas-em-governador-valadares","tag-governador-valadares","tag-prisao-de-tayllon-oscar-amorim-santos","tag-suspeito-de-trafico-interestadual-e-preso-com-drogas-e-mais-de-r-10-mil-em-governador-valadares","tag-tayllon-oscar-amorim-santos","tag-traficante-governador-valadares","tag-traficante-preso-em-governador-valadares","tag-trafico-governador-valadares"],"_links":{"self":[{"href":"https:\/\/aconteceunovale.com.br\/portal\/index.php?rest_route=\/wp\/v2\/posts\/89497","targetHints":{"allow":["GET"]}}],"collection":[{"href":"https:\/\/aconteceunovale.com.br\/portal\/index.php?rest_route=\/wp\/v2\/posts"}],"about":[{"href":"https:\/\/aconteceunovale.com.br\/portal\/index.php?rest_route=\/wp\/v2\/types\/post"}],"author":[{"embeddable":true,"href":"https:\/\/aconteceunovale.com.br\/portal\/index.php?rest_route=\/wp\/v2\/users\/1"}],"replies":[{"embeddable":true,"href":"https:\/\/aconteceunovale.com.br\/portal\/index.php?rest_route=%2Fwp%2Fv2%2Fcomments&post=89497"}],"version-history":[{"count":0,"href":"https:\/\/aconteceunovale.com.br\/portal\/index.php?rest_route=\/wp\/v2\/posts\/89497\/revisions"}],"wp:featuredmedia":[{"embeddable":true,"href":"https:\/\/aconteceunovale.com.br\/portal\/index.php?rest_route=\/wp\/v2\/media\/89499"}],"wp:attachment":[{"href":"https:\/\/aconteceunovale.com.br\/portal\/index.php?rest_route=%2Fwp%2Fv2%2Fmedia&parent=89497"}],"wp:term":[{"taxonomy":"category","embeddable":true,"href":"https:\/\/aconteceunovale.com.br\/portal\/index.php?rest_route=%2Fwp%2Fv2%2Fcategories&post=89497"},{"taxonomy":"post_tag","embeddable":true,"href":"https:\/\/aconteceunovale.com.br\/portal\/index.php?rest_route=%2Fwp%2Fv2%2Ftags&post=89497"}],"curies":[{"name":"wp","href":"https:\/\/api.w.org\/{rel}","templated":true}]}}