{"id":89493,"date":"2016-06-18T10:45:14","date_gmt":"2016-06-18T13:45:14","guid":{"rendered":"http:\/\/aconteceunovale.com.br\/portal\/?p=89493"},"modified":"2016-06-18T10:45:14","modified_gmt":"2016-06-18T13:45:14","slug":"capotamento-de-veiculo-deixa-cinco-pessoas-feridas-em-rodovia-do-norte-de-minas","status":"publish","type":"post","link":"https:\/\/aconteceunovale.com.br\/portal\/?p=89493","title":{"rendered":"Capotamento de ve\u00edculo deixa cinco pessoas feridas em rodovia do Norte de Minas"},"content":{"rendered":"<p>Cinco pessoas ficaram feridas nesta sexta-feira (17\/6) em um capotamento envolvendo um carro em Cora\u00e7\u00e3o de Jesus, no Norte de Minas. O acidente ocorreu \u00e0 noite, na altura do quil\u00f4metro 605 da MGC-251. As v\u00edtimas foram socorridas pelo Corpo de Bombeiros e Samu e encaminhadas para hospitais da regi\u00e3o.<\/p>\n<p>O condutor do Fiat Dobl\u00f2 Adventure com placa de Una\u00ed, no Noroeste do Estado, seguia em dire\u00e7\u00e3o \u00e0 Cora\u00e7\u00e3o de Jesus quando perdeu a dire\u00e7\u00e3o e capotou o ve\u00edculo. Dois passageiros foram atendidos no local pelo Corpo de Bombeiros e os outros tr\u00eas foram assistidos pelo Samu. <\/p>\n<p>Posteriormente as v\u00edtimas foram encaminhadas para hospitais de Montes Claros. Elas estavam conscientes, apresentando apenas ferimentos leves e queixando de dores no t\u00f3rax.<\/p>\n<p><img decoding=\"async\" src=\"http:\/\/aconteceunovale.com.br\/portal\/wp-content\/uploads\/2016\/06\/acidente_doblo_unai_1.jpg\" alt=\"\" \/><em>Acidente aconteceu no km 605 da MGC-251 (Foto: Divulga\u00e7\u00e3o \/ Corpo de Bombeiros)<\/em><br \/>\n<\/br><\/p>\n<p><img decoding=\"async\" src=\"http:\/\/aconteceunovale.com.br\/portal\/wp-content\/uploads\/2016\/06\/acidente_doblo_unai_2.jpg\" alt=\"\" \/><em>Acidente aconteceu no km 605 da MGC-251 (Foto: Divulga\u00e7\u00e3o \/ Corpo de Bombeiros)<\/em><br \/>\n<\/br><\/p>\n<p><em>(Via Estado de Minas)<\/em><\/p>\n","protected":false},"excerpt":{"rendered":"<p>Cinco pessoas ficaram feridas nesta sexta-feira (17\/6) em um capotamento envolvendo um carro em Cora\u00e7\u00e3o de Jesus, no Norte de Minas. O acidente ocorreu \u00e0 noite, na altura do quil\u00f4metro 605 da MGC-251. As v\u00edtimas foram socorridas pelo Corpo de Bombeiros e Samu e encaminhadas para hospitais da regi\u00e3o. O condutor do Fiat Dobl\u00f2 Adventure [&hellip;]<\/p>\n","protected":false},"author":1,"featured_media":89494,"comment_status":"open","ping_status":"closed","sticky":false,"template":"","format":"standard","meta":{"amp_status":"","footnotes":""},"categories":[1236],"tags":[99687,99686,23040,23192,99689,99688,99690,99691,99682,99684,99683,99685,1801,222],"class_list":["post-89493","post","type-post","status-publish","format-standard","has-post-thumbnail","hentry","category-norte_de_minas","tag-acidente-com-carro-de-unai","tag-acidente-com-doblo-de-unai","tag-acidente-em-coracao-de-jesus","tag-acidente-no-norte-de-minas","tag-capotamento-de-veiculo-deixa-cinco-pessoas-feridas-em-coracao-de-jesus","tag-capotamento-de-veiculo-deixa-cinco-pessoas-feridas-em-rodovia-do-norte-de-minas","tag-capotamento-de-veiculo-deixa-cinco-pessoas-feridas-na-mgc-251","tag-capotamento-de-veiculo-deixa-cinco-pessoas-feridas-na-mgc-251-em-coracao-de-jesus","tag-capotamento-em-coracao-de-jesus","tag-capotamento-na-br-251-no-norte-de-minas","tag-capotamento-na-br-251-em-coracao-de-jesus","tag-capotamento-no-norte-de-minas","tag-coracao-de-jesus","tag-unai"],"_links":{"self":[{"href":"https:\/\/aconteceunovale.com.br\/portal\/index.php?rest_route=\/wp\/v2\/posts\/89493","targetHints":{"allow":["GET"]}}],"collection":[{"href":"https:\/\/aconteceunovale.com.br\/portal\/index.php?rest_route=\/wp\/v2\/posts"}],"about":[{"href":"https:\/\/aconteceunovale.com.br\/portal\/index.php?rest_route=\/wp\/v2\/types\/post"}],"author":[{"embeddable":true,"href":"https:\/\/aconteceunovale.com.br\/portal\/index.php?rest_route=\/wp\/v2\/users\/1"}],"replies":[{"embeddable":true,"href":"https:\/\/aconteceunovale.com.br\/portal\/index.php?rest_route=%2Fwp%2Fv2%2Fcomments&post=89493"}],"version-history":[{"count":0,"href":"https:\/\/aconteceunovale.com.br\/portal\/index.php?rest_route=\/wp\/v2\/posts\/89493\/revisions"}],"wp:featuredmedia":[{"embeddable":true,"href":"https:\/\/aconteceunovale.com.br\/portal\/index.php?rest_route=\/wp\/v2\/media\/89494"}],"wp:attachment":[{"href":"https:\/\/aconteceunovale.com.br\/portal\/index.php?rest_route=%2Fwp%2Fv2%2Fmedia&parent=89493"}],"wp:term":[{"taxonomy":"category","embeddable":true,"href":"https:\/\/aconteceunovale.com.br\/portal\/index.php?rest_route=%2Fwp%2Fv2%2Fcategories&post=89493"},{"taxonomy":"post_tag","embeddable":true,"href":"https:\/\/aconteceunovale.com.br\/portal\/index.php?rest_route=%2Fwp%2Fv2%2Ftags&post=89493"}],"curies":[{"name":"wp","href":"https:\/\/api.w.org\/{rel}","templated":true}]}}