{"id":89488,"date":"2016-06-18T10:26:54","date_gmt":"2016-06-18T13:26:54","guid":{"rendered":"http:\/\/aconteceunovale.com.br\/portal\/?p=89488"},"modified":"2016-06-18T10:26:54","modified_gmt":"2016-06-18T13:26:54","slug":"mma-e-nacoes-unidas-premiam-iniciativas-de-enfrentamento-a-desertificacao","status":"publish","type":"post","link":"https:\/\/aconteceunovale.com.br\/portal\/?p=89488","title":{"rendered":"MMA e Na\u00e7\u00f5es Unidas premiam iniciativas de enfrentamento \u00e0 desertifica\u00e7\u00e3o"},"content":{"rendered":"<p>No Dia Mundial de Combate \u00e0 Desertifica\u00e7\u00e3o, 23 iniciativas de enfrentamento aos danos socioambientais causados pelo processo de desertifica\u00e7\u00e3o no pa\u00eds foram premiadas ontem (17), em Bras\u00edlia. A data foi institu\u00edda pela Organiza\u00e7\u00e3o das Na\u00e7\u00f5es Unidas (ONU).<\/p>\n<p>O Pr\u00eamio Internacional Dryland Champions \u00e9 promovido pela Conven\u00e7\u00e3o das Na\u00e7\u00f5es Unidas de Combate \u00e0 Desertifica\u00e7\u00e3o, em parceria com o Minist\u00e9rio do Meio Ambiente (MMA), e homenageia iniciativas que contribuem para o manejo sustent\u00e1vel de terras, com o objetivo de melhorar a qualidade de vida das popula\u00e7\u00f5es e amenizar as condi\u00e7\u00f5es dos ecossistemas afetados pela desertifica\u00e7\u00e3o e a seca.<\/p>\n<p>Um dos premiados foi o projeto Cultura Sustent\u00e1vel no Jequitinhonha, que ajuda a promover os aspectos ambientais, culturais e econ\u00f4micos da regi\u00e3o, por meio do artesanato sustent\u00e1vel, gerando trabalho e renda para grupos de artes\u00e3s locais. \u201cO projeto aconteceu ao longo de um ano, com capacita\u00e7\u00f5es [voltadas] para quest\u00f5es institucionais, de como se d\u00e1 o funcionamento da associa\u00e7\u00e3o, como se d\u00e1 o aprimoramento do produto, da embalagem e o processo de inser\u00e7\u00e3o produtiva de seu trabalho na cadeia do mercado\u201d, explicou uma das coordenadoras do projeto, Patr\u00edcia Reis.<\/p>\n<p>Segundo Patr\u00edcia, a iniciativa permite a gera\u00e7\u00e3o de renda e refor\u00e7a a cultura de pertencimento das mulheres da regi\u00e3o. \u201cA proposta do projeto \u00e9 essa: que elas se qualifiquem, elaborem seus produtos e\u00a0 consigam se inserir no mercado, gerando renda para suas fam\u00edlias\u201d, ressaltou.<\/p>\n<p><strong>Desertifica\u00e7\u00e3o<\/strong><\/p>\n<p>Cerca de 16% do territ\u00f3rio brasileiro \u00e9 atingido por \u00e1reas suscet\u00edveis \u00e0 desertifica\u00e7\u00e3o, o que corresponde a 140 milh\u00f5es de hectares. O per\u00edmetro envolve todo o Nordeste, parte de Minas Gerais e do Esp\u00edrito Santo. De acordo com o Minist\u00e9rio do Meio Ambiente, a regi\u00e3o tem aproximadamente 32 milh\u00f5es de habitantes, o equivalente a 85% dos cidad\u00e3os considerados pobres no pa\u00eds.<\/p>\n<p>No Brasil, o processo de desertifica\u00e7\u00e3o \u00e9 provocado por diversos fatores, como o uso indiscriminado dos recursos florestais nas regi\u00f5es semi\u00e1ridas e sub\u00famidas secas sem crit\u00e9rios de manejo sustent\u00e1vel para forma\u00e7\u00e3o de pasto. Al\u00e9m disso, a falta de manejo adequado para a pecu\u00e1ria extensiva, a minera\u00e7\u00e3o indiscriminada e a pr\u00f3pria interfer\u00eancia humana direta contribuem para o agravamento do processo, que tamb\u00e9m \u00e9 afetado por desastres naturais.<\/p>\n<p>Para monitorar essas \u00e1reas, est\u00e1 em uso h\u00e1 seis meses o Sistema de Alerta Precoce e Desertifica\u00e7\u00e3o (SAP). A tecnologia \u00e9 resultado de parceria entre o MMA, Instituto Nacional de Pesquisas Espaciais (Inpe) e o Centro de Monitoramento e Alertas de Desastres Naturais (Cemaden). Os tr\u00eas organismos desenvolveram estudos de geoprocessamento, que incluem levantamento, an\u00e1lise e consolida\u00e7\u00e3o das informa\u00e7\u00f5es sobre desertifica\u00e7\u00e3o, degrada\u00e7\u00e3o da terra e aridez.<\/p>\n<p>\u201cCombinamos informa\u00e7\u00f5es socioecon\u00f4micas, f\u00edsicas. que incluem tipo de solo, geologia, relevo, topografia, e com isso associamos as informa\u00e7\u00f5es e elaboramos um \u00edndice para dizer quais s\u00e3o as \u00e1reas mais suscet\u00edveis ao processo de desertifica\u00e7\u00e3o no pa\u00eds\u201d, disse Javier Tomasella, pesquisador do Inpe.<\/p>\n<p><strong>Recupera\u00e7\u00e3o de \u00e1reas degradadas<\/strong><\/p>\n<p>Segundo a publica\u00e7\u00e3o\u00a0<em>Degrada\u00e7\u00e3o Neutra da Terra: O que Significa para o Brasil<\/em>, lan\u00e7ada ontem pelo Centro de Gest\u00e3o de Estudos Estrat\u00e9gicos, o pa\u00eds tem capacidade de reverter \u00e1reas degradadas. \u201cO Brasil disp\u00f5e de conhecimentos e tecnologias sobre aproveitamento de terras degradadas que podem ser aplicados, tanto para a produ\u00e7\u00e3o agr\u00edcola e pecu\u00e1ria quanto para a restaura\u00e7\u00e3o de ecossistemas. Esses conhecimentos e essas tecnologias est\u00e3o dispon\u00edveis em institui\u00e7\u00f5es de pesquisa e desenvolvimento, como a Embrapa [Empresa Brasileira de Pesquisa Agropecu\u00e1ria] e universidades, e j\u00e1 s\u00e3o utilizados em larga escala\u201d, diz a publica\u00e7\u00e3o.<\/p>\n<p>De acordo com a obra, plataformas de pr\u00e1ticas sustent\u00e1veis, como sistemas de produ\u00e7\u00e3o Integra\u00e7\u00e3o Lavoura-Pecu\u00e1ria (ILP) e Integra\u00e7\u00e3o Lavoura-Pecu\u00e1ria Floresta est\u00e3o recuperando e incorporando pastagens degradadas em um processo de intensifica\u00e7\u00e3o sustent\u00e1vel da produ\u00e7\u00e3o.<\/p>\n<p>Para os especialistas que participaram da elabora\u00e7\u00e3o da obra, o Brasil pode cumprir a meta de \u201cmundo neutro\u201d em termos de degrada\u00e7\u00e3o do solo antes do ano 2030, data estabelecida pela ONU nos Objetivos de Desenvolvimento Sustent\u00e1vel.<\/p>\n<p>\u201cO pa\u00eds apresenta uma quantidade significativa de \u00e1reas degradadas que, se forem recuperadas e incorporadas ao sistema produtivo, dispensam o desbravamento de novas terras para dar suporte ao aumento da produ\u00e7\u00e3o agr\u00edcola e pecu\u00e1ria\u201d, aponta a publica\u00e7\u00e3o. (Ag\u00eancia Brasil)<\/p>\n","protected":false},"excerpt":{"rendered":"<p>No Dia Mundial de Combate \u00e0 Desertifica\u00e7\u00e3o, 23 iniciativas de enfrentamento aos danos socioambientais causados pelo processo de desertifica\u00e7\u00e3o no pa\u00eds foram premiadas ontem (17), em Bras\u00edlia. A data foi institu\u00edda pela Organiza\u00e7\u00e3o das Na\u00e7\u00f5es Unidas (ONU). O Pr\u00eamio Internacional Dryland Champions \u00e9 promovido pela Conven\u00e7\u00e3o das Na\u00e7\u00f5es Unidas de Combate \u00e0 Desertifica\u00e7\u00e3o, em parceria [&hellip;]<\/p>\n","protected":false},"author":1,"featured_media":89489,"comment_status":"open","ping_status":"closed","sticky":false,"template":"","format":"standard","meta":{"amp_status":"","footnotes":""},"categories":[123,28848],"tags":[99678,99681,99672,99680,99676,99674,1829,15743,99673,24300,99679,99675,99677,36860],"class_list":["post-89488","post","type-post","status-publish","format-standard","has-post-thumbnail","hentry","category-gerais","category-mundo","tag-convencao-das-nacoes-unidas-de-combate-a-desertificacao","tag-degradacao-neutra-da-terra-o-que-significa-para-o-brasil","tag-desertificacao","tag-desertificacao-em-minas-gerais","tag-dia-mundial-de-combate-a-desertificacao","tag-iniciativas-de-enfrentamento-a-desertificacao","tag-meio-ambiente","tag-mma","tag-mma-e-nacoes-unidas-premiam-iniciativas-de-enfrentamento-a-desertificacao","tag-onu","tag-patricia-reis","tag-premiacao-iniciativas-de-enfrentamento-a-desertificacao","tag-premio-internacional-dryland-champions","tag-projeto-cultura-sustentavel-no-jequitinhonha"],"_links":{"self":[{"href":"https:\/\/aconteceunovale.com.br\/portal\/index.php?rest_route=\/wp\/v2\/posts\/89488","targetHints":{"allow":["GET"]}}],"collection":[{"href":"https:\/\/aconteceunovale.com.br\/portal\/index.php?rest_route=\/wp\/v2\/posts"}],"about":[{"href":"https:\/\/aconteceunovale.com.br\/portal\/index.php?rest_route=\/wp\/v2\/types\/post"}],"author":[{"embeddable":true,"href":"https:\/\/aconteceunovale.com.br\/portal\/index.php?rest_route=\/wp\/v2\/users\/1"}],"replies":[{"embeddable":true,"href":"https:\/\/aconteceunovale.com.br\/portal\/index.php?rest_route=%2Fwp%2Fv2%2Fcomments&post=89488"}],"version-history":[{"count":0,"href":"https:\/\/aconteceunovale.com.br\/portal\/index.php?rest_route=\/wp\/v2\/posts\/89488\/revisions"}],"wp:featuredmedia":[{"embeddable":true,"href":"https:\/\/aconteceunovale.com.br\/portal\/index.php?rest_route=\/wp\/v2\/media\/89489"}],"wp:attachment":[{"href":"https:\/\/aconteceunovale.com.br\/portal\/index.php?rest_route=%2Fwp%2Fv2%2Fmedia&parent=89488"}],"wp:term":[{"taxonomy":"category","embeddable":true,"href":"https:\/\/aconteceunovale.com.br\/portal\/index.php?rest_route=%2Fwp%2Fv2%2Fcategories&post=89488"},{"taxonomy":"post_tag","embeddable":true,"href":"https:\/\/aconteceunovale.com.br\/portal\/index.php?rest_route=%2Fwp%2Fv2%2Ftags&post=89488"}],"curies":[{"name":"wp","href":"https:\/\/api.w.org\/{rel}","templated":true}]}}