{"id":89483,"date":"2016-06-18T10:12:41","date_gmt":"2016-06-18T13:12:41","guid":{"rendered":"http:\/\/aconteceunovale.com.br\/portal\/?p=89483"},"modified":"2016-06-18T10:17:10","modified_gmt":"2016-06-18T13:17:10","slug":"marcos-valerio-propoe-delacao-premiada-no-processo-do-mensalao-mineiro","status":"publish","type":"post","link":"https:\/\/aconteceunovale.com.br\/portal\/?p=89483","title":{"rendered":"Marcos Val\u00e9rio prop\u00f5e dela\u00e7\u00e3o premiada no processo do mensal\u00e3o mineiro"},"content":{"rendered":"<p>O publicit\u00e1rio Marcos Val\u00e9rio apresentou ontem (16) ao Minist\u00e9rio P\u00fablico de Minas Gerais proposta de colabora\u00e7\u00e3o com a Justi\u00e7a na A\u00e7\u00e3o Penal 536, processo conhecido como mensal\u00e3o mineiro, que envolve um esquema para beneficiar a campanha de Eduardo Azeredo (PSDB) ao governo de Minas Gerais em 1998.<\/p>\n<p>Atualmente, Marcos Val\u00e9rio cumpre pena de 37 anos pelos crimes julgados na A\u00e7\u00e3o Penal 470, o processo do mensal\u00e3o, no qual foram condenados pol\u00edticos do PT, PMDB, PP, PTB e do extinto PL. Val\u00e9rio foi preso pelos crimes de corrup\u00e7\u00e3o ativa, peculato, evas\u00e3o de divisas, lavagem de dinheiro e forma\u00e7\u00e3o de quadrilha.<\/p>\n<p>Para fazer a dela\u00e7\u00e3o premiada, o publicit\u00e1rio pede para ser transferido para o pres\u00eddio da Associa\u00e7\u00e3o de Prote\u00e7\u00e3o aos Condenados (Apac), em Santa Luzia, na regi\u00e3o metropolitana de Belo Horizonte. Desde 2013, Marcos Val\u00e9rio cumpre pena na Penitenci\u00e1ria Nelson Hungria, em Contagem, tamb\u00e9m na regi\u00e3o metropolitana da capital mineira. Antes, ele ficou um per\u00edodo no Pres\u00eddio da Papuda, no Distrito Federal.<\/p>\n<p>O mensal\u00e3o mineiro envolve den\u00fancias de peculato e lavagem de dinheiro durante a campanha \u00e0 reelei\u00e7\u00e3o do ent\u00e3o governador mineiro Eduardo Azeredo em 1998. Um dos fundadores do PSDB e ex-presidente da legenda, Azeredo j\u00e1 foi condenado em primeira inst\u00e2ncia \u00e0 pena de 20 anos e 10 meses de pris\u00e3o. Ele entrou com recurso no Tribunal de Justi\u00e7a de Minas Gerais (TJMG) e aguarda o julgamento em liberdade.<\/p>\n<p>Assim como na A\u00e7\u00e3o Penal 470, Marcos Val\u00e9rio \u00e9 r\u00e9u no processo do mensal\u00e3o mineiro porque teria atuado como operador deste esquema. Com a dela\u00e7\u00e3o, o publicit\u00e1rio espera conseguir, al\u00e9m da transfer\u00eancia de unidade prisional, redu\u00e7\u00e3o da pena neste processo.<\/p>\n<p>O Minist\u00e9rio P\u00fablico de Minas Gerais informa que a proposta foi recebida e ainda ser\u00e1 analisada. (Ag\u00eancia Brasil)<\/p>\n","protected":false},"excerpt":{"rendered":"<p>O publicit\u00e1rio Marcos Val\u00e9rio apresentou ontem (16) ao Minist\u00e9rio P\u00fablico de Minas Gerais proposta de colabora\u00e7\u00e3o com a Justi\u00e7a na A\u00e7\u00e3o Penal 536, processo conhecido como mensal\u00e3o mineiro, que envolve um esquema para beneficiar a campanha de Eduardo Azeredo (PSDB) ao governo de Minas Gerais em 1998. Atualmente, Marcos Val\u00e9rio cumpre pena de 37 anos [&hellip;]<\/p>\n","protected":false},"author":1,"featured_media":0,"comment_status":"open","ping_status":"closed","sticky":false,"template":"","format":"standard","meta":{"amp_status":"","footnotes":""},"categories":[123,40240],"tags":[99671,82748,99670,82630,99668,28029,99669],"class_list":["post-89483","post","type-post","status-publish","format-standard","hentry","category-gerais","category-politica-2","tag-acao-penal-470","tag-delacao-premiada","tag-delacao-premiada-no-processo-do-mensalao-mineiro","tag-marcos-valerio","tag-marcos-valerio-propoe-delacao-premiada-no-processo-do-mensalao-mineiro","tag-mensalao-mineiro","tag-processo-do-mensalao-mineiro"],"_links":{"self":[{"href":"https:\/\/aconteceunovale.com.br\/portal\/index.php?rest_route=\/wp\/v2\/posts\/89483","targetHints":{"allow":["GET"]}}],"collection":[{"href":"https:\/\/aconteceunovale.com.br\/portal\/index.php?rest_route=\/wp\/v2\/posts"}],"about":[{"href":"https:\/\/aconteceunovale.com.br\/portal\/index.php?rest_route=\/wp\/v2\/types\/post"}],"author":[{"embeddable":true,"href":"https:\/\/aconteceunovale.com.br\/portal\/index.php?rest_route=\/wp\/v2\/users\/1"}],"replies":[{"embeddable":true,"href":"https:\/\/aconteceunovale.com.br\/portal\/index.php?rest_route=%2Fwp%2Fv2%2Fcomments&post=89483"}],"version-history":[{"count":0,"href":"https:\/\/aconteceunovale.com.br\/portal\/index.php?rest_route=\/wp\/v2\/posts\/89483\/revisions"}],"wp:attachment":[{"href":"https:\/\/aconteceunovale.com.br\/portal\/index.php?rest_route=%2Fwp%2Fv2%2Fmedia&parent=89483"}],"wp:term":[{"taxonomy":"category","embeddable":true,"href":"https:\/\/aconteceunovale.com.br\/portal\/index.php?rest_route=%2Fwp%2Fv2%2Fcategories&post=89483"},{"taxonomy":"post_tag","embeddable":true,"href":"https:\/\/aconteceunovale.com.br\/portal\/index.php?rest_route=%2Fwp%2Fv2%2Ftags&post=89483"}],"curies":[{"name":"wp","href":"https:\/\/api.w.org\/{rel}","templated":true}]}}