{"id":89481,"date":"2016-06-18T10:09:11","date_gmt":"2016-06-18T13:09:11","guid":{"rendered":"http:\/\/aconteceunovale.com.br\/portal\/?p=89481"},"modified":"2016-06-18T10:09:11","modified_gmt":"2016-06-18T13:09:11","slug":"brasil-registra-5-411-casos-e-886-mortes-por-h1n1-este-ano-diz-ministerio","status":"publish","type":"post","link":"https:\/\/aconteceunovale.com.br\/portal\/?p=89481","title":{"rendered":"Brasil registra 5.411 casos e 886 mortes por H1N1 este ano, diz minist\u00e9rio"},"content":{"rendered":"<p>O Brasil registrou 5.411 casos de influenza A (H1N1) entre janeiro e 6 de junho deste ano, segundo dados divulgados pelo Minist\u00e9rio da Sa\u00fade. Ao todo, 886 pessoas morreram em decorr\u00eancia desse tipo de gripe. No mesmo per\u00edodo do ano passado, foram 19 registros da doen\u00e7a em todo o pa\u00eds, com duas mortes.<\/p>\n<p><strong>Regi\u00e3o e estados<\/strong><\/p>\n<p>Com 2.280 casos, a Regi\u00e3o Sudeste concentra o maior n\u00famero de registros de H1N1, dos quais 1.926 no estado de S\u00e3o Paulo.<\/p>\n<p>Os estados que notificaram o maior n\u00famero de pessoas infectadas foram: Rio Grande do Sul (650 casos); Paran\u00e1 (568); Goi\u00e1s (265); Mato Grosso do Sul (180); Par\u00e1 (150); Rio de Janeiro (141); Esp\u00edrito Santo (124); Santa Catarina (121) e o Distrito Federal (105).<\/p>\n<p>O estado de S\u00e3o Paulo tamb\u00e9m lidera o n\u00famero de mortes pela doen\u00e7a, 402 \u00f3bitos, seguido por Rio Grande do Sul (105); Paran\u00e1 (72); Goi\u00e1s (46); Rio de Janeiro (42); Mato Grosso do Sul (33); Santa Catarina (28); Esp\u00edrito Santo (26); Minas Gerais (23); Par\u00e1 (21); Bahia (19); Pernambuco (14) e o Distrito Federal (12).<br \/>\n<strong>Vacina\u00e7\u00e3o<\/strong><\/p>\n<p>A campanha nacional de vacina\u00e7\u00e3o contra a gripe imunizou neste ano 49,9 milh\u00f5es de pessoas que fazem parte dos grupos de maior risco de complica\u00e7\u00e3o pela doen\u00e7a, que supera o p\u00fablico-alvo previsto pelo minist\u00e9rio, formado por 49,8 milh\u00f5es de pessoas.<\/p>\n<p>O p\u00fablico-alvo \u00e9 formado por crian\u00e7as de 6 meses at\u00e9 5 anos incompletos, pessoas com 60 anos ou mais, trabalhadores da \u00e1rea de sa\u00fade, povos ind\u00edgenas, gestantes, mulheres que tiveram filhos h\u00e1 no m\u00e1ximo 45 dias, presos, funcion\u00e1rios do sistema prisional e pessoas portadoras de doen\u00e7as cr\u00f4nicas n\u00e3o transmiss\u00edveis.<\/p>\n<p>As crian\u00e7as que tomaram a vacina pela primeira vez este ano devem retornar aos postos de sa\u00fade para aplica\u00e7\u00e3o da segunda dose at\u00e9 o dia 20 de junho.<\/p>\n<p>Oficialmente, a campanha nacional terminou no dia 20 de maio, por\u00e9m, o Minist\u00e9rio da Sa\u00fade recomendou a continuidade da vacina\u00e7\u00e3o aos estados que n\u00e3o atingiram a meta. Foram disponibilizadas 54 milh\u00f5es de doses da vacina \u2013 uma reserva t\u00e9cnica de 4,2 milh\u00f5es de doses acima do quantitativo de pessoas que integram o p\u00fablico priorit\u00e1rio.<\/p>\n<p>A escolha dos grupos priorit\u00e1rios segue recomenda\u00e7\u00e3o da Organiza\u00e7\u00e3o Mundial da Sa\u00fade (OMS). S\u00e3o priorizados os grupos mais suscet\u00edveis ao agravamento de doen\u00e7as respirat\u00f3rias. Estudos demonstram que a vacina\u00e7\u00e3o pode reduzir entre 32% e 45% o n\u00famero de interna\u00e7\u00f5es por pneumonias e de 39% a 75% a mortalidade por complica\u00e7\u00f5es da influenza.<\/p>\n<p><strong>Preven\u00e7\u00e3o<\/strong><\/p>\n<p>O Minist\u00e9rio da Sa\u00fade recomenda que, al\u00e9m da vacina\u00e7\u00e3o, a popula\u00e7\u00e3o deve adotar medidas de preven\u00e7\u00e3o para evitar a infec\u00e7\u00e3o por influenza. Algumas delas s\u00e3o lavar sempre as m\u00e3os e evitar locais com aglomera\u00e7\u00e3o de pessoas, o que facilita a transmiss\u00e3o de doen\u00e7as respirat\u00f3rias. (Ag\u00eancia Brasil)<\/p>\n","protected":false},"excerpt":{"rendered":"<p>O Brasil registrou 5.411 casos de influenza A (H1N1) entre janeiro e 6 de junho deste ano, segundo dados divulgados pelo Minist\u00e9rio da Sa\u00fade. Ao todo, 886 pessoas morreram em decorr\u00eancia desse tipo de gripe. No mesmo per\u00edodo do ano passado, foram 19 registros da doen\u00e7a em todo o pa\u00eds, com duas mortes. Regi\u00e3o e [&hellip;]<\/p>\n","protected":false},"author":1,"featured_media":83846,"comment_status":"open","ping_status":"closed","sticky":false,"template":"","format":"standard","meta":{"amp_status":"","footnotes":""},"categories":[6,40242],"tags":[99667,99662,99664,76798,43373,77997,99661,87086,78000,99663,19152,99665,99666],"class_list":["post-89481","post","type-post","status-publish","format-standard","has-post-thumbnail","hentry","category-br","category-saude-2","tag-brasil-registra-5-411-casos-e-886-mortes-por-h1n1-este-ano","tag-casos-de-h1n1-em-minas-gerais","tag-casos-h1n1-no-brasil","tag-diz-ministerio","tag-gripe","tag-h1n1","tag-h1n1-em-minas-gerais","tag-h1n1-no-brasil","tag-influenza-a","tag-mortes-h1n1-em-minas-gerais","tag-saude","tag-vitimas-h1n1-em-minas-gerais","tag-vitimas-h1n1-no-brasil"],"_links":{"self":[{"href":"https:\/\/aconteceunovale.com.br\/portal\/index.php?rest_route=\/wp\/v2\/posts\/89481","targetHints":{"allow":["GET"]}}],"collection":[{"href":"https:\/\/aconteceunovale.com.br\/portal\/index.php?rest_route=\/wp\/v2\/posts"}],"about":[{"href":"https:\/\/aconteceunovale.com.br\/portal\/index.php?rest_route=\/wp\/v2\/types\/post"}],"author":[{"embeddable":true,"href":"https:\/\/aconteceunovale.com.br\/portal\/index.php?rest_route=\/wp\/v2\/users\/1"}],"replies":[{"embeddable":true,"href":"https:\/\/aconteceunovale.com.br\/portal\/index.php?rest_route=%2Fwp%2Fv2%2Fcomments&post=89481"}],"version-history":[{"count":0,"href":"https:\/\/aconteceunovale.com.br\/portal\/index.php?rest_route=\/wp\/v2\/posts\/89481\/revisions"}],"wp:featuredmedia":[{"embeddable":true,"href":"https:\/\/aconteceunovale.com.br\/portal\/index.php?rest_route=\/wp\/v2\/media\/83846"}],"wp:attachment":[{"href":"https:\/\/aconteceunovale.com.br\/portal\/index.php?rest_route=%2Fwp%2Fv2%2Fmedia&parent=89481"}],"wp:term":[{"taxonomy":"category","embeddable":true,"href":"https:\/\/aconteceunovale.com.br\/portal\/index.php?rest_route=%2Fwp%2Fv2%2Fcategories&post=89481"},{"taxonomy":"post_tag","embeddable":true,"href":"https:\/\/aconteceunovale.com.br\/portal\/index.php?rest_route=%2Fwp%2Fv2%2Ftags&post=89481"}],"curies":[{"name":"wp","href":"https:\/\/api.w.org\/{rel}","templated":true}]}}