{"id":89451,"date":"2016-06-17T09:28:36","date_gmt":"2016-06-17T12:28:36","guid":{"rendered":"http:\/\/aconteceunovale.com.br\/portal\/?p=89451"},"modified":"2016-06-17T09:30:18","modified_gmt":"2016-06-17T12:30:18","slug":"homem-que-matou-deputada-pode-ter-problemas-mentais","status":"publish","type":"post","link":"https:\/\/aconteceunovale.com.br\/portal\/?p=89451","title":{"rendered":"Homem que matou deputada pode ter problemas mentais"},"content":{"rendered":"<p>Tommy Mair, de 52 anos, que baleou e esfaqueou a deputada brit\u00e2nica Joanne Cox, perto da cidade de Leeds, foi preso pouco depois do ataque, nessa quinta-feira (16\/6). A pol\u00edcia acredita que ele pode ter problemas mentais. A deputada de 41 anos, representante de West Yorkshire, n\u00e3o resistiu aos ferimentos.<\/p>\n<p>O ataque ocorreu no meio da rua, perto da cidade de Leeds. A pol\u00edcia prendeu o assassino, um brit\u00e2nico de 52 anos, no local do crime, relata o jornal\u00a0<em>The Telegraph<\/em>.<\/p>\n<p>Tommy, que \u00e9 de Kilmarnock (Esc\u00f3cia), teria gritado \u201cBritain first! [A Gr\u00e3-Bretanha em primeiro lugar]&#8221; antes do ataque. Depois, ele disse \u00e0 pol\u00edcia que tinha feito um &#8220;tratamento psicoterap\u00eautico e tomado medicamentos&#8221;.<\/p>\n<p>Durante a deten\u00e7\u00e3o, as autoridades apreenderam as armas e revistaram a casa dele. \u00c9 tamb\u00e9m sabido que o indiv\u00edduo tem um hist\u00f3rico de problemas mentais e colabora com revistas de extrema-direita.<\/p>\n<p>A deputada morta era a favor da perman\u00eancia do Reino Unido na Uni\u00e3o Europeia. Ap\u00f3s o ataque, as iniciativas de campanha a favor e contra o &#8220;Brexit [sa\u00edda do Reino Unido da UE]\u201d foram suspensas. Um\u00a0referendo, na pr\u00f3xima quinta-feira (23), decidir\u00e1 a situa\u00e7\u00e3o.<\/p>\n<p><img decoding=\"async\" src=\"http:\/\/aconteceunovale.com.br\/portal\/wp-content\/uploads\/2016\/06\/deputada_dead.jpg\" alt=\"\" \/><em>Brit\u00e2nicos fazem homenagens em mem\u00f3ria de Jo Cox (EPA\/Hannah Mckay\/Ag\u00eancia Lusa)<\/em><br \/>\n<\/br><\/p>\n<p>(Sputnik\/Ag\u00eancia Brasil)<\/p>\n","protected":false},"excerpt":{"rendered":"<p>Tommy Mair, de 52 anos, que baleou e esfaqueou a deputada brit\u00e2nica Joanne Cox, perto da cidade de Leeds, foi preso pouco depois do ataque, nessa quinta-feira (16\/6). A pol\u00edcia acredita que ele pode ter problemas mentais. A deputada de 41 anos, representante de West Yorkshire, n\u00e3o resistiu aos ferimentos. O ataque ocorreu no meio [&hellip;]<\/p>\n","protected":false},"author":1,"featured_media":89452,"comment_status":"open","ping_status":"closed","sticky":false,"template":"","format":"standard","meta":{"amp_status":"","footnotes":""},"categories":[28848],"tags":[99594,99545,99550,99552,99595,99555,99558,99548,99597,99559,99544,99557,99556,99599,99553,99598,99547,99549,99593,99591,99554,99546,99551,37790,99596,99590,72588,99592],"class_list":["post-89451","post","type-post","status-publish","format-standard","has-post-thumbnail","hentry","category-mundo","tag-a-gra-bretanha-em-primeiro-lugar","tag-assassinato-deputada-trabalhista-britanica-jo-cox","tag-assassinato-jo-cox","tag-birstall","tag-brexit","tag-britain-first","tag-david-cameron","tag-dead-jo-cox","tag-deputada-britanica","tag-deputada-e-assassinada-em-praca-publica-na-inglaterra","tag-deputada-trabalhista-britanica-jo-cox","tag-graeme-howard","tag-hithem-ben-abdallah","tag-homem-que-matou-deputada-pode-ter-problemas-mentais","tag-inglaterra","tag-jane-cox","tag-jo-cox","tag-jo-cox-dead","tag-kilmarnock","tag-leeds","tag-manencia-do-reino-unido-na-uniao-europeia","tag-morte-da-deputada-trabalhista-britanica-jo-cox","tag-morte-de-jo-cox","tag-reino-unido","tag-saida-do-reino-unido-da-ue","tag-tommy-mair","tag-uniao-europeia","tag-west-yorkshire"],"_links":{"self":[{"href":"https:\/\/aconteceunovale.com.br\/portal\/index.php?rest_route=\/wp\/v2\/posts\/89451","targetHints":{"allow":["GET"]}}],"collection":[{"href":"https:\/\/aconteceunovale.com.br\/portal\/index.php?rest_route=\/wp\/v2\/posts"}],"about":[{"href":"https:\/\/aconteceunovale.com.br\/portal\/index.php?rest_route=\/wp\/v2\/types\/post"}],"author":[{"embeddable":true,"href":"https:\/\/aconteceunovale.com.br\/portal\/index.php?rest_route=\/wp\/v2\/users\/1"}],"replies":[{"embeddable":true,"href":"https:\/\/aconteceunovale.com.br\/portal\/index.php?rest_route=%2Fwp%2Fv2%2Fcomments&post=89451"}],"version-history":[{"count":0,"href":"https:\/\/aconteceunovale.com.br\/portal\/index.php?rest_route=\/wp\/v2\/posts\/89451\/revisions"}],"wp:featuredmedia":[{"embeddable":true,"href":"https:\/\/aconteceunovale.com.br\/portal\/index.php?rest_route=\/wp\/v2\/media\/89452"}],"wp:attachment":[{"href":"https:\/\/aconteceunovale.com.br\/portal\/index.php?rest_route=%2Fwp%2Fv2%2Fmedia&parent=89451"}],"wp:term":[{"taxonomy":"category","embeddable":true,"href":"https:\/\/aconteceunovale.com.br\/portal\/index.php?rest_route=%2Fwp%2Fv2%2Fcategories&post=89451"},{"taxonomy":"post_tag","embeddable":true,"href":"https:\/\/aconteceunovale.com.br\/portal\/index.php?rest_route=%2Fwp%2Fv2%2Ftags&post=89451"}],"curies":[{"name":"wp","href":"https:\/\/api.w.org\/{rel}","templated":true}]}}