{"id":89449,"date":"2016-06-17T09:07:09","date_gmt":"2016-06-17T12:07:09","guid":{"rendered":"http:\/\/aconteceunovale.com.br\/portal\/?p=89449"},"modified":"2016-06-17T09:07:09","modified_gmt":"2016-06-17T12:07:09","slug":"previsao-do-tempo-para-minas-gerais-nesta-sexta-feira-17-de-junho","status":"publish","type":"post","link":"https:\/\/aconteceunovale.com.br\/portal\/?p=89449","title":{"rendered":"Previs\u00e3o do tempo para Minas Gerais, nesta sexta-feira, 17 de junho"},"content":{"rendered":"<h4><em><strong>Predomin\u00e2ncia do sol na maior parte do estado. Na Regi\u00e3o Metropolitana de BH, tempo est\u00e1vel, com m\u00e1xima de 25 graus.<\/strong><\/em><\/h4>\n<p>Nesta sexta-feira (17\/6), o sol deve brilhar forte em grande parte de Minas Gerais. Tempo parcialmente nublado no Leste e Nordeste. Nas outras regi\u00f5es mineiras o dia ser\u00e1 de sol entre poucas nuvens.<\/p>\n<p>Na Regi\u00e3o Metropolitana de Belo Horizonte o tempo deve ficar est\u00e1vel. Na capital mineira o dia segue ensolarado, com temperatura entre 10\u00b0C e 25\u00b0C e umidade do ar \u00e0 tarde na casa dos 35%.<\/p>\n<p>H\u00e1 possibilidade de neblina\/nevoeiro nas rodovias que cortam as regi\u00f5es Sul, Sudeste, Centro e Leste de Minas Gerais.<\/p>\n","protected":false},"excerpt":{"rendered":"<p>Predomin\u00e2ncia do sol na maior parte do estado. Na Regi\u00e3o Metropolitana de BH, tempo est\u00e1vel, com m\u00e1xima de 25 graus. Nesta sexta-feira (17\/6), o sol deve brilhar forte em grande parte de Minas Gerais. Tempo parcialmente nublado no Leste e Nordeste. Nas outras regi\u00f5es mineiras o dia ser\u00e1 de sol entre poucas nuvens. Na Regi\u00e3o [&hellip;]<\/p>\n","protected":false},"author":1,"featured_media":82499,"comment_status":"open","ping_status":"closed","sticky":false,"template":"","format":"standard","meta":{"amp_status":"","footnotes":""},"categories":[123],"tags":[48556,194,131,38395,1956,27340,99589,86248,99588,1839,99586,27976,99585,99587],"class_list":["post-89449","post","type-post","status-publish","format-standard","has-post-thumbnail","hentry","category-gerais","tag-17-de-junho","tag-belo-horizonte","tag-minas-gerais","tag-nesta-sexta-feira","tag-previsao-do-tempo","tag-previsao-do-tempo-para-belo-horizonte","tag-previsao-do-tempo-para-belo-horizonte-17-de-junho","tag-previsao-do-tempo-para-belo-horizonte-nesta-sexta-feira","tag-previsao-do-tempo-para-belo-horizonte-nesta-sexta-feira-17-de-junho","tag-previsao-do-tempo-para-minas-gerais","tag-previsao-do-tempo-para-minas-gerais-17-de-junho","tag-previsao-do-tempo-para-minas-gerais-nesta-sexta-feira","tag-previsao-do-tempo-para-minas-gerais-nesta-sexta-feira-17-de-junho","tag-sexta-feira-17-de-junho"],"_links":{"self":[{"href":"https:\/\/aconteceunovale.com.br\/portal\/index.php?rest_route=\/wp\/v2\/posts\/89449","targetHints":{"allow":["GET"]}}],"collection":[{"href":"https:\/\/aconteceunovale.com.br\/portal\/index.php?rest_route=\/wp\/v2\/posts"}],"about":[{"href":"https:\/\/aconteceunovale.com.br\/portal\/index.php?rest_route=\/wp\/v2\/types\/post"}],"author":[{"embeddable":true,"href":"https:\/\/aconteceunovale.com.br\/portal\/index.php?rest_route=\/wp\/v2\/users\/1"}],"replies":[{"embeddable":true,"href":"https:\/\/aconteceunovale.com.br\/portal\/index.php?rest_route=%2Fwp%2Fv2%2Fcomments&post=89449"}],"version-history":[{"count":0,"href":"https:\/\/aconteceunovale.com.br\/portal\/index.php?rest_route=\/wp\/v2\/posts\/89449\/revisions"}],"wp:featuredmedia":[{"embeddable":true,"href":"https:\/\/aconteceunovale.com.br\/portal\/index.php?rest_route=\/wp\/v2\/media\/82499"}],"wp:attachment":[{"href":"https:\/\/aconteceunovale.com.br\/portal\/index.php?rest_route=%2Fwp%2Fv2%2Fmedia&parent=89449"}],"wp:term":[{"taxonomy":"category","embeddable":true,"href":"https:\/\/aconteceunovale.com.br\/portal\/index.php?rest_route=%2Fwp%2Fv2%2Fcategories&post=89449"},{"taxonomy":"post_tag","embeddable":true,"href":"https:\/\/aconteceunovale.com.br\/portal\/index.php?rest_route=%2Fwp%2Fv2%2Ftags&post=89449"}],"curies":[{"name":"wp","href":"https:\/\/api.w.org\/{rel}","templated":true}]}}