{"id":89436,"date":"2016-06-16T22:20:19","date_gmt":"2016-06-17T01:20:19","guid":{"rendered":"http:\/\/aconteceunovale.com.br\/portal\/?p=89436"},"modified":"2016-06-16T22:20:19","modified_gmt":"2016-06-17T01:20:19","slug":"atletico-perde-para-o-internacional-e-segue-no-z4-do-brasileirao","status":"publish","type":"post","link":"https:\/\/aconteceunovale.com.br\/portal\/?p=89436","title":{"rendered":"Atl\u00e9tico perde para o Internacional e segue no Z4 do Brasileir\u00e3o"},"content":{"rendered":"<p>Nem o mais pessimista torcedor alvinegro poderia esperar um come\u00e7o de Campeonato Brasileiro t\u00e3o ruim. Nesta quinta-feira (16\/6), o Atl\u00e9tico perdeu para o Internacional, por 2 a 0, no Est\u00e1dio Beira-Rio, em Porto Alegre. A derrota manteve a equipe na zona de rebaixamento \u2013 segunda rodada seguida. O Galo soma apenas sete pontos, na 18\u00aa coloca\u00e7\u00e3o. <\/p>\n<p>No pr\u00f3ximo domingo, os mineiros recebem a Ponte Preta na Arena Independ\u00eancia. O Inter \u00e9 o l\u00edder da competi\u00e7\u00e3o, com 19 pontos, abrindo 12 para o Atl\u00e9tico, que iniciou o campeonato com planos de brigar pelo t\u00edtulo, mas agora coleciona fracassos. Os ga\u00fachos pegam agora o Figueirense, fora de casa.<\/p>\n<p><strong>O jogo<\/strong><\/p>\n<p>Foi um filme repetido. Em campo, um Atl\u00e9tico sem organiza\u00e7\u00e3o, com buracos na defesa, sem nenhuma criatividade ofensiva. O retorno de jogadores (Leonardo Silva na rodada passada, Douglas Santos nesta quinta) e a chegada de refor\u00e7os (Fred) n\u00e3o significaram evolu\u00e7\u00e3o na equipe, que n\u00e3o teve Marcos Rocha, suspenso, e Leandro Donizete, que foi para a reserva.<\/p>\n<p><img decoding=\"async\" src=\"http:\/\/aconteceunovale.com.br\/portal\/wp-content\/uploads\/2016\/06\/27106145294_6f0c2e6036_z.jpg\" alt=\"\" \/><em>Atl\u00e9tico perdeu para o Inter no Beira Rio (Foto: Bruno Cantini\/Atl\u00e9tico)<\/em><br \/>\n<\/br><\/p>\n<p>O goleiro Danilo Fernandes foi um observador do primeiro tempo, que come\u00e7ou com susto para Victor, camisa 1 atleticano. No minuto inicial, Alex deixou Sasha na cara do gol. Mas a finaliza\u00e7\u00e3o foi por cima. Aos oito minutos, Alex arriscou de longe, Victor espalmou.<\/p>\n<p>Nada dava certo para o Atl\u00e9tico. Robinho e Carioca tiveram uma forte discuss\u00e3o, cara a cara, aos 30 minutos. Os jogadores n\u00e3o se entendiam com a bola nos p\u00e9s tamb\u00e9m. Fred ficou isolado no ataque.<\/p>\n<p>O Internacional n\u00e3o fazia uma grande partida. Mas achava os espa\u00e7os. Foi uma sequ\u00eancia de ataques at\u00e9 abrir o placar. Aos 31, Ernando cabeceou e Victor espalmou. Na sobra, Dourado mandou para fora. Um minuto depois, Sasha passou por Gabriel e rolou para Gustavo chutar. Vitinho completou para as redes, mas estava impedido.<\/p>\n<p>Por\u00e9m, aos 34, o Galo n\u00e3o escapou. O Internacional roubou a bola na intermedi\u00e1ria, em lance que os atleticanos reclamaram falta em Patric. Dourado lan\u00e7ou Vitinho, que cruzou rasteiro para Sasha tocar para o gol: 1 a 0.<\/p>\n<p>Na etapa final, Robinho tentou chamar a responsabilidade. Por duas vezes, o atacante arriscou chutes de fora da \u00e1rea, aos nove e aos 13 minutos, os dois defendidos por Danilo Fernandes. Aos 18, o atacante tabelou com Patric, que bateu e o goleiro segurou novamente.<\/p>\n<p>A ilus\u00e3o durou pouco. Aos 29 minutos, com a defesa atleticana toda desprotegida, Anderson arrancou e cruzou para Vitinho ampliar: 2 a 0.<\/p>\n<p>O Atl\u00e9tico ainda teve uma chance de diminuir. Aos 37, ap\u00f3s tabelar com Fred, Robinho chutou e o goleiro defendeu. E Internacional tamb\u00e9m teve uma oportunidade, dada de gra\u00e7a por Patric a Sasha. O jogador colorado carimbou a trave.<\/p>\n<p><em>(Fonte: Super Esportes \/ Rep\u00f3rter: Rodrigo Fonseca) <\/em><\/p>\n","protected":false},"excerpt":{"rendered":"<p>Nem o mais pessimista torcedor alvinegro poderia esperar um come\u00e7o de Campeonato Brasileiro t\u00e3o ruim. Nesta quinta-feira (16\/6), o Atl\u00e9tico perdeu para o Internacional, por 2 a 0, no Est\u00e1dio Beira-Rio, em Porto Alegre. A derrota manteve a equipe na zona de rebaixamento \u2013 segunda rodada seguida. O Galo soma apenas sete pontos, na 18\u00aa [&hellip;]<\/p>\n","protected":false},"author":1,"featured_media":89437,"comment_status":"open","ping_status":"closed","sticky":false,"template":"","format":"standard","meta":{"amp_status":"","footnotes":""},"categories":[59],"tags":[12311,99539,2741,99543,99541,40575,13044,96362,13043,94471,12312,99542,14358,14356,99540],"class_list":["post-89436","post","type-post","status-publish","format-standard","has-post-thumbnail","hentry","category-sports","tag-atletico","tag-atletico-e-internacional","tag-atletico-mineiro","tag-atletico-perde-para-o-internacional-e-segue-no-z4-do-brasileirao","tag-atletico-perdeu-para-o-inter-no-beira-rio","tag-atletico-mg","tag-brasileirao","tag-brasileirao-2016","tag-campeonato-brasileiro","tag-campeonato-brasileiro-2016","tag-galo","tag-galo-perde-para-o-inter-e-segue-no-z4-do-brasileirao","tag-inter","tag-internacional","tag-internacional-2-x-0-atletico"],"_links":{"self":[{"href":"https:\/\/aconteceunovale.com.br\/portal\/index.php?rest_route=\/wp\/v2\/posts\/89436","targetHints":{"allow":["GET"]}}],"collection":[{"href":"https:\/\/aconteceunovale.com.br\/portal\/index.php?rest_route=\/wp\/v2\/posts"}],"about":[{"href":"https:\/\/aconteceunovale.com.br\/portal\/index.php?rest_route=\/wp\/v2\/types\/post"}],"author":[{"embeddable":true,"href":"https:\/\/aconteceunovale.com.br\/portal\/index.php?rest_route=\/wp\/v2\/users\/1"}],"replies":[{"embeddable":true,"href":"https:\/\/aconteceunovale.com.br\/portal\/index.php?rest_route=%2Fwp%2Fv2%2Fcomments&post=89436"}],"version-history":[{"count":0,"href":"https:\/\/aconteceunovale.com.br\/portal\/index.php?rest_route=\/wp\/v2\/posts\/89436\/revisions"}],"wp:featuredmedia":[{"embeddable":true,"href":"https:\/\/aconteceunovale.com.br\/portal\/index.php?rest_route=\/wp\/v2\/media\/89437"}],"wp:attachment":[{"href":"https:\/\/aconteceunovale.com.br\/portal\/index.php?rest_route=%2Fwp%2Fv2%2Fmedia&parent=89436"}],"wp:term":[{"taxonomy":"category","embeddable":true,"href":"https:\/\/aconteceunovale.com.br\/portal\/index.php?rest_route=%2Fwp%2Fv2%2Fcategories&post=89436"},{"taxonomy":"post_tag","embeddable":true,"href":"https:\/\/aconteceunovale.com.br\/portal\/index.php?rest_route=%2Fwp%2Fv2%2Ftags&post=89436"}],"curies":[{"name":"wp","href":"https:\/\/api.w.org\/{rel}","templated":true}]}}