{"id":89432,"date":"2016-06-16T21:08:58","date_gmt":"2016-06-17T00:08:58","guid":{"rendered":"http:\/\/aconteceunovale.com.br\/portal\/?p=89432"},"modified":"2016-06-16T21:08:58","modified_gmt":"2016-06-17T00:08:58","slug":"governador-valadares-registra-menor-temperatura-dos-ultimos-16-anos","status":"publish","type":"post","link":"https:\/\/aconteceunovale.com.br\/portal\/?p=89432","title":{"rendered":"Governador Valadares registra menor temperatura dos \u00faltimos 16 anos"},"content":{"rendered":"<p>Na madrugada desta quinta-feira (16\/6), Governador Valadares, na regi\u00e3o do Vale do Rio Doce, registrou a menor temperatura dos \u00faltimos 16 anos. O term\u00f4metro marcou 10,5\u00b0C, de acordo com o Instituto de Pesquisas Espaciais (INPE).<\/p>\n<p>O \u00faltimo recorde de frio na cidade havia ocorrido em julho de 2000, quando a temperatura desceu a 10,2\u00b0C. Outro recorde havia sido registrado na d\u00e9cada de 90, quando o frio chegou aos 9\u00b0C. O INPE registra a temperatura das cidades brasileiras desde 1961.<\/p>\n<p><img decoding=\"async\" src=\"http:\/\/aconteceunovale.com.br\/portal\/wp-content\/uploads\/2016\/06\/frio_gv2.jpg\" alt=\"\" \/><br \/>\n<\/br><\/p>\n<p><em>(Di\u00e1rio do Rio Doce)<\/em><\/p>\n","protected":false},"excerpt":{"rendered":"<p>Na madrugada desta quinta-feira (16\/6), Governador Valadares, na regi\u00e3o do Vale do Rio Doce, registrou a menor temperatura dos \u00faltimos 16 anos. O term\u00f4metro marcou 10,5\u00b0C, de acordo com o Instituto de Pesquisas Espaciais (INPE). O \u00faltimo recorde de frio na cidade havia ocorrido em julho de 2000, quando a temperatura desceu a 10,2\u00b0C. Outro [&hellip;]<\/p>\n","protected":false},"author":1,"featured_media":89433,"comment_status":"open","ping_status":"closed","sticky":false,"template":"","format":"standard","meta":{"amp_status":"","footnotes":""},"categories":[121],"tags":[1018,99537,99534,247,99533,99536,99538,99535],"class_list":["post-89432","post","type-post","status-publish","format-standard","has-post-thumbnail","hentry","category-leste","tag-destaque","tag-friagem-em-governador-valadares","tag-frio-em-governador-valadares","tag-governador-valadares","tag-governador-valadares-registra-menor-temperatura-dos-ultimos-16-anos","tag-previsao-do-tempo-em-governador-valadares","tag-recorde-de-frio-em-governador-valadares","tag-temperatura-baixa-em-governador-valadares"],"_links":{"self":[{"href":"https:\/\/aconteceunovale.com.br\/portal\/index.php?rest_route=\/wp\/v2\/posts\/89432","targetHints":{"allow":["GET"]}}],"collection":[{"href":"https:\/\/aconteceunovale.com.br\/portal\/index.php?rest_route=\/wp\/v2\/posts"}],"about":[{"href":"https:\/\/aconteceunovale.com.br\/portal\/index.php?rest_route=\/wp\/v2\/types\/post"}],"author":[{"embeddable":true,"href":"https:\/\/aconteceunovale.com.br\/portal\/index.php?rest_route=\/wp\/v2\/users\/1"}],"replies":[{"embeddable":true,"href":"https:\/\/aconteceunovale.com.br\/portal\/index.php?rest_route=%2Fwp%2Fv2%2Fcomments&post=89432"}],"version-history":[{"count":0,"href":"https:\/\/aconteceunovale.com.br\/portal\/index.php?rest_route=\/wp\/v2\/posts\/89432\/revisions"}],"wp:featuredmedia":[{"embeddable":true,"href":"https:\/\/aconteceunovale.com.br\/portal\/index.php?rest_route=\/wp\/v2\/media\/89433"}],"wp:attachment":[{"href":"https:\/\/aconteceunovale.com.br\/portal\/index.php?rest_route=%2Fwp%2Fv2%2Fmedia&parent=89432"}],"wp:term":[{"taxonomy":"category","embeddable":true,"href":"https:\/\/aconteceunovale.com.br\/portal\/index.php?rest_route=%2Fwp%2Fv2%2Fcategories&post=89432"},{"taxonomy":"post_tag","embeddable":true,"href":"https:\/\/aconteceunovale.com.br\/portal\/index.php?rest_route=%2Fwp%2Fv2%2Ftags&post=89432"}],"curies":[{"name":"wp","href":"https:\/\/api.w.org\/{rel}","templated":true}]}}