{"id":89392,"date":"2016-06-16T17:24:39","date_gmt":"2016-06-16T20:24:39","guid":{"rendered":"http:\/\/aconteceunovale.com.br\/portal\/?p=89392"},"modified":"2016-06-16T17:24:39","modified_gmt":"2016-06-16T20:24:39","slug":"jovem-de-governador-valadares-confia-em-carona-e-acaba-estuprada-em-bh","status":"publish","type":"post","link":"https:\/\/aconteceunovale.com.br\/portal\/?p=89392","title":{"rendered":"Jovem de Governador Valadares confia em carona e acaba estuprada em BH"},"content":{"rendered":"<p>Uma jovem de 18 anos acusa um homem de 27 anos de t\u00ea-la estuprado e agredido, na madrugada desta quinta-feira (16\/6), no bairro Nazar\u00e9, na regi\u00e3o Nordeste de Belo Horizonte (MG). A v\u00edtima chamou a Pol\u00edcia Militar (PM) e o suspeito foi preso em flagrante, na rua Benedito Neves.<\/p>\n<p>A mulher foi encontrada na garagem da resid\u00eancia chorando muito e com v\u00e1rios hematomas pelo corpo. Ela contou que mora em Governador Valadares, na regi\u00e3o do Rio Doce, mas estava passando uns dias na casa de um tio em Betim, na regi\u00e3o metropolitana de Belo Horizonte.<\/p>\n<p>Na \u00faltima ter\u00e7a-feira (14), ela teria decidido retornar para casa e foi at\u00e9 a BR-381, em Betim, para pedir carona. Em depoimento, ainda no hospital, a v\u00edtima contou ter aceitado uma carona de um homem desconhecido, que garantiu que a levaria para a cidade dela, mas a levou para esta resid\u00eancia, que seria a casa do suspeito.<\/p>\n<p>A jovem afirma ter sido abusada por tr\u00eas vezes durante o tempo em que passou na resid\u00eancia. Durante esse per\u00edodo, o suspeito teria recebido dois homens e uma mulher em casa, mas eles n\u00e3o teriam participado dos crimes.<\/p>\n<p>J\u00e1 o homem, informou que um homem desconhecido deixou a v\u00edtima em sua casa nessa quarta. Ele ainda negou o estupro e confessou as agress\u00f5es. Ele justificou ter batido nela pelo fato de ela ter roubado um capacete dele.<\/p>\n<p>O suspeito ir\u00e1 responder por estupro, por tortura e c\u00e1rcere privado qualificado. Ap\u00f3s prestar depoimento, ele foi encaminhado para um pres\u00eddio de Belo Horizonte. (O Tempo\/Fernanda Viegas)<\/p>\n","protected":false},"excerpt":{"rendered":"<p>Uma jovem de 18 anos acusa um homem de 27 anos de t\u00ea-la estuprado e agredido, na madrugada desta quinta-feira (16\/6), no bairro Nazar\u00e9, na regi\u00e3o Nordeste de Belo Horizonte (MG). A v\u00edtima chamou a Pol\u00edcia Militar (PM) e o suspeito foi preso em flagrante, na rua Benedito Neves. A mulher foi encontrada na garagem [&hellip;]<\/p>\n","protected":false},"author":1,"featured_media":71442,"comment_status":"open","ping_status":"closed","sticky":false,"template":"","format":"standard","meta":{"amp_status":"","footnotes":""},"categories":[121,123],"tags":[194,1495,99451,99448,99449,99452,247,99445,99447,99446,99450],"class_list":["post-89392","post","type-post","status-publish","format-standard","has-post-thumbnail","hentry","category-leste","category-gerais","tag-belo-horizonte","tag-betim","tag-estuprada-regiao-nordeste-de-belo-horizonte","tag-estupro-belo-horizonte","tag-estupro-governador-valadares","tag-estupro-regiao-nordeste-de-belo-horizonte","tag-governador-valadares","tag-jovem-de-governador-valadares-confia-em-carona-e-acaba-estuprada-em-bh","tag-jovem-de-governador-valadares-estuprada-em-belo-horizonte","tag-jovem-de-governador-valadares-estuprada-em-bh","tag-regiao-nordeste-de-belo-horizonte"],"_links":{"self":[{"href":"https:\/\/aconteceunovale.com.br\/portal\/index.php?rest_route=\/wp\/v2\/posts\/89392","targetHints":{"allow":["GET"]}}],"collection":[{"href":"https:\/\/aconteceunovale.com.br\/portal\/index.php?rest_route=\/wp\/v2\/posts"}],"about":[{"href":"https:\/\/aconteceunovale.com.br\/portal\/index.php?rest_route=\/wp\/v2\/types\/post"}],"author":[{"embeddable":true,"href":"https:\/\/aconteceunovale.com.br\/portal\/index.php?rest_route=\/wp\/v2\/users\/1"}],"replies":[{"embeddable":true,"href":"https:\/\/aconteceunovale.com.br\/portal\/index.php?rest_route=%2Fwp%2Fv2%2Fcomments&post=89392"}],"version-history":[{"count":0,"href":"https:\/\/aconteceunovale.com.br\/portal\/index.php?rest_route=\/wp\/v2\/posts\/89392\/revisions"}],"wp:featuredmedia":[{"embeddable":true,"href":"https:\/\/aconteceunovale.com.br\/portal\/index.php?rest_route=\/wp\/v2\/media\/71442"}],"wp:attachment":[{"href":"https:\/\/aconteceunovale.com.br\/portal\/index.php?rest_route=%2Fwp%2Fv2%2Fmedia&parent=89392"}],"wp:term":[{"taxonomy":"category","embeddable":true,"href":"https:\/\/aconteceunovale.com.br\/portal\/index.php?rest_route=%2Fwp%2Fv2%2Fcategories&post=89392"},{"taxonomy":"post_tag","embeddable":true,"href":"https:\/\/aconteceunovale.com.br\/portal\/index.php?rest_route=%2Fwp%2Fv2%2Ftags&post=89392"}],"curies":[{"name":"wp","href":"https:\/\/api.w.org\/{rel}","templated":true}]}}