{"id":89375,"date":"2016-06-16T09:53:31","date_gmt":"2016-06-16T12:53:31","guid":{"rendered":"http:\/\/aconteceunovale.com.br\/portal\/?p=89375"},"modified":"2016-06-16T09:53:31","modified_gmt":"2016-06-16T12:53:31","slug":"previsao-do-tempo-para-minas-gerais-nesta-quinta-feira-16-de-junho","status":"publish","type":"post","link":"https:\/\/aconteceunovale.com.br\/portal\/?p=89375","title":{"rendered":"Previs\u00e3o do tempo para Minas Gerais, nesta quinta-feira, 16 de junho"},"content":{"rendered":"<h4><strong><em>Predomin\u00e2ncia do sol em quase todas as regi\u00f5es do estado. Na capital, dia ensolarado a parcialmente nublado, com temperatura m\u00e1xima de 24 graus.<\/em><\/strong><\/h4>\n<p>Nesta quinta-feira (16\/6), o sol deve brilhar forte em quase todas as regi\u00f5es de Minas Gerais. Tempo nublado a parcialmente nublado no Leste e Nordeste. Nas outras regi\u00f5es mineiras o dia ser\u00e1 de sol entre poucas nuvens.<\/p>\n<p>Na Regi\u00e3o Metropolitana de Belo Horizonte o tempo deve ficar est\u00e1vel. Na capital mineira o dia segue ensolarado a parcialmente nublado, sem chuvas. Temperatura deve variar entre 11\u00b0C e 24\u00b0C, com umidade do ar \u00e0 tarde na casa dos 45%.<\/p>\n","protected":false},"excerpt":{"rendered":"<p>Predomin\u00e2ncia do sol em quase todas as regi\u00f5es do estado. Na capital, dia ensolarado a parcialmente nublado, com temperatura m\u00e1xima de 24 graus. Nesta quinta-feira (16\/6), o sol deve brilhar forte em quase todas as regi\u00f5es de Minas Gerais. Tempo nublado a parcialmente nublado no Leste e Nordeste. Nas outras regi\u00f5es mineiras o dia ser\u00e1 [&hellip;]<\/p>\n","protected":false},"author":1,"featured_media":82499,"comment_status":"open","ping_status":"closed","sticky":false,"template":"","format":"standard","meta":{"amp_status":"","footnotes":""},"categories":[123],"tags":[48407,194,131,37346,1956,27340,99401,86092,99400,1839,99398,29257,99397,99399],"class_list":["post-89375","post","type-post","status-publish","format-standard","has-post-thumbnail","hentry","category-gerais","tag-16-de-junho","tag-belo-horizonte","tag-minas-gerais","tag-nesta-quinta-feira","tag-previsao-do-tempo","tag-previsao-do-tempo-para-belo-horizonte","tag-previsao-do-tempo-para-belo-horizonte-16-de-junho","tag-previsao-do-tempo-para-belo-horizonte-nesta-quinta-feira","tag-previsao-do-tempo-para-belo-horizonte-nesta-quinta-feira-16-de-junho","tag-previsao-do-tempo-para-minas-gerais","tag-previsao-do-tempo-para-minas-gerais-16-de-junho","tag-previsao-do-tempo-para-minas-gerais-nesta-quinta-feira","tag-previsao-do-tempo-para-minas-gerais-nesta-quinta-feira-16-de-junho","tag-quinta-feira-16-de-junho"],"_links":{"self":[{"href":"https:\/\/aconteceunovale.com.br\/portal\/index.php?rest_route=\/wp\/v2\/posts\/89375","targetHints":{"allow":["GET"]}}],"collection":[{"href":"https:\/\/aconteceunovale.com.br\/portal\/index.php?rest_route=\/wp\/v2\/posts"}],"about":[{"href":"https:\/\/aconteceunovale.com.br\/portal\/index.php?rest_route=\/wp\/v2\/types\/post"}],"author":[{"embeddable":true,"href":"https:\/\/aconteceunovale.com.br\/portal\/index.php?rest_route=\/wp\/v2\/users\/1"}],"replies":[{"embeddable":true,"href":"https:\/\/aconteceunovale.com.br\/portal\/index.php?rest_route=%2Fwp%2Fv2%2Fcomments&post=89375"}],"version-history":[{"count":0,"href":"https:\/\/aconteceunovale.com.br\/portal\/index.php?rest_route=\/wp\/v2\/posts\/89375\/revisions"}],"wp:featuredmedia":[{"embeddable":true,"href":"https:\/\/aconteceunovale.com.br\/portal\/index.php?rest_route=\/wp\/v2\/media\/82499"}],"wp:attachment":[{"href":"https:\/\/aconteceunovale.com.br\/portal\/index.php?rest_route=%2Fwp%2Fv2%2Fmedia&parent=89375"}],"wp:term":[{"taxonomy":"category","embeddable":true,"href":"https:\/\/aconteceunovale.com.br\/portal\/index.php?rest_route=%2Fwp%2Fv2%2Fcategories&post=89375"},{"taxonomy":"post_tag","embeddable":true,"href":"https:\/\/aconteceunovale.com.br\/portal\/index.php?rest_route=%2Fwp%2Fv2%2Ftags&post=89375"}],"curies":[{"name":"wp","href":"https:\/\/api.w.org\/{rel}","templated":true}]}}