{"id":89364,"date":"2016-06-16T00:00:27","date_gmt":"2016-06-16T03:00:27","guid":{"rendered":"http:\/\/aconteceunovale.com.br\/portal\/?p=89364"},"modified":"2016-06-16T00:01:27","modified_gmt":"2016-06-16T03:01:27","slug":"comissao-da-almg-homenageia-policiais-que-desarticularam-quadrilha-em-itamarandiba","status":"publish","type":"post","link":"https:\/\/aconteceunovale.com.br\/portal\/?p=89364","title":{"rendered":"Comiss\u00e3o da ALMG homenageia policiais que desarticularam quadrilha em Itamarandiba"},"content":{"rendered":"<p>Policiais civis e militares, al\u00e9m de representantes do Minist\u00e9rio P\u00fablico e do Judici\u00e1rio, foram homenageados pela Comiss\u00e3o de Seguran\u00e7a P\u00fablica da Assembleia Legislativa de Minas Gerais (ALMG), nesta quarta-feira (15\/6\/16). Eles participaram de uma opera\u00e7\u00e3o policial respons\u00e1vel pela pris\u00e3o de 27 pessoas, a maior parte de uma mesma fam\u00edlia, envolvidas com o tr\u00e1fico de drogas em Itamarandiba (Jequitinhonha) e regi\u00e3o.<\/p>\n<p>O delegado da Pol\u00edcia Civil de Itamarandiba, Jos\u00e9 Oleg\u00e1rio de Oliveira, apresentou um v\u00eddeo mostrando as a\u00e7\u00f5es desencadeadas, que contaram com o apoio tamb\u00e9m das pol\u00edcias de S\u00e3o Paulo. Segundo ele, Jos\u00e9 Maria Caetano de Andrade, o Zel\u00e3o, foi quem comandou a organiza\u00e7\u00e3o criminosa por muitos anos em Itamarandiba, acompanhado por sua mulher, Ant\u00f4nia Pires de Andrade. Em 2008, na primeira fase da opera\u00e7\u00e3o Calc\u00e1rio da Morte, conta o delegado, o casal foi preso junto a outros envolvidos no tr\u00e1fico local.<\/p>\n<p>Com isso, segundo as investiga\u00e7\u00f5es, assumiu o poder na organiza\u00e7\u00e3o criminosa o filho do casal, F\u00e1bio Caetano de Andrade, conhecido como Bidu. Atualmente, ainda de acordo com a pol\u00edcia, todos os filhos do casal, al\u00e9m de netos atuavam no tr\u00e1fico em Itamarandiba e regi\u00e3o, aterrorizando os moradores. Todos foram presos na sequ\u00eancia de opera\u00e7\u00f5es policiais desencadeadas, culminando na Calc\u00e1rio da Morte II, no \u00faltimo dia 8 de junho.<\/p>\n<p>Com o envolvimento de mais de 30 viaturas, 17 integrantes da quadrilha foram presos e tr\u00eas menores apreendidos. Foram tamb\u00e9m apreendidos sete quilos de maconha, 1,3 quilo de pasta base de coca\u00edna, muni\u00e7\u00f5es, armas, joias e dinheiro. De acordo com Jos\u00e9 Oleg\u00e1rio, a organiza\u00e7\u00e3o responder\u00e1 POR associa\u00e7\u00e3o criminosa, tr\u00e1fico de drogas, porte de arma de fogo de uso restrito, roubo, sequestro, entre outros crimes.<\/p>\n<p><strong>Hist\u00f3rico<\/strong> &#8211; Na Calc\u00e1rio da Morte II, as investiga\u00e7\u00f5es come\u00e7aram em mar\u00e7o de 2016, j\u00e1 com pris\u00f5es de seis suspeitos, em abril e maio, nas regi\u00f5es de Itamarandiba e Diamantina (Central). Nos dias 2 e 3 de junho, policiais civis mineiros se deslocaram para S\u00e3o Paulo, onde conseguiram prender, no bairro Cap\u00e3o Redondo, periferia da capital paulista, o suposto l\u00edder da organiza\u00e7\u00e3o, Bidu. Tamb\u00e9m foram presos l\u00e1 o irm\u00e3o dele, Manoel Caetano de Andrade, e o sobrinho, Ka\u00edke Santos de Andrade.<\/p>\n<p>Por fim, o delegado afirmou que a raz\u00e3o principal de sua vinda \u00e0 reuni\u00e3o era mostrar que, apesar da magnitude do trabalho policial, poder\u00e1 haver rea\u00e7\u00f5es por parte da criminalidade. \u201cEsse trabalho n\u00e3o pode ser esquecido. Pelo contr\u00e1rio, deve ser propagado\u201d, sugeriu. &#8220;O campo est\u00e1 aberto, pois o pequeno traficante, com a pris\u00e3o desses grandes, est\u00e1 querendo tomar esse espa\u00e7o l\u00e1 no bairro Fazendinha, em Itamarandiba. Ent\u00e3o, precisamos manter a cidade limpa e a popula\u00e7\u00e3o precisa se engajar\u201d, completou.<\/p>\n<p><strong>Mobiliza\u00e7\u00e3o <\/strong>&#8211; O comandante do 42\u00ba Batalh\u00e3o da PM, em Curvelo (Central), coronel Elton Romualdo Ara\u00fajo, contou que assumiu o comando em fevereiro deste ano e, pouco depois, j\u00e1 estava a par do problema na cidade do Jequitinhonha. Seguindo ele, os esfor\u00e7os conjuntos das duas corpora\u00e7\u00f5es e individuais de cada policial contribu\u00edram para o sucesso das a\u00e7\u00f5es.<\/p>\n<p>O policial tamb\u00e9m avalia que o trabalho est\u00e1 apenas come\u00e7ando. \u201cEm Itamarandiba e regi\u00e3o, tinha-se chegado ao ponto de os marginais quererem botar fogo em delegacias, matar policiais; ent\u00e3o temos ainda muito trabalho a fazer, de investiga\u00e7\u00e3o, repreens\u00e3o e apoio\u201d, receitou ele, defendendo ainda uma mobiliza\u00e7\u00e3o maior da sociedade.<\/p>\n<p>Silas Cl\u00f3vis de Andrade, investigador do Departamento Estadual de Opera\u00e7\u00f5es Especiais (Deoesp), da Pol\u00edcia Civil, participou das opera\u00e7\u00f5es em S\u00e3o Paulo. \u201cAgrade\u00e7o a oportunidade de participar dessa opera\u00e7\u00e3o. Fizemos campana (vigil\u00e2ncia) em S\u00e3o Paulo e efetuamos tr\u00eas pris\u00f5es no Cap\u00e3o Redondo, regi\u00e3o considerada um das mais violentas do mundo\u201d, relatou. Ele disse que o grupo que foi ao local, viajando em viaturas descaracterizadas, teve que pagar ped\u00e1gio e combust\u00edvel do pr\u00f3prio bolso.<\/p>\n<p><img decoding=\"async\" src=\"http:\/\/aconteceunovale.com.br\/portal\/wp-content\/uploads\/2016\/06\/homenageados_ita.jpg\" alt=\"\" \/><em>Comiss\u00e3o da ALMG homenageia policiais de Itamarandiba (Foto: Divulga\u00e7\u00e3o)<\/em><br \/>\n<\/br><\/p>\n<p><strong>Autoridades pedem efetivo maior e reforma da cadeia<\/strong><\/p>\n<p>O promotor de justi\u00e7a de Itamarandiba, Diego Esp\u00edndola Sanches, tamb\u00e9m participou da opera\u00e7\u00e3o Calc\u00e1rio da Morte II. Em sua avalia\u00e7\u00e3o, ela somente foi poss\u00edvel devido ao somat\u00f3rio de for\u00e7as que resultou no desmantelamento da quadrilha. Ele considerou um &#8220;absurdo\u201d uma cidade pequena como Itamarandiba, de 37 mil habitantes, sendo 26 mil na zona urbana, ter 50 pessoas presas por envolvimento com o tr\u00e1fico. \u201cA situa\u00e7\u00e3o l\u00e1 n\u00e3o \u00e9 normal: as organiza\u00e7\u00f5es criminosas foram desarticuladas, mas n\u00e3o est\u00e3o inativas. Portanto, o perigo n\u00e3o foi neutralizado. Da\u00ed a import\u00e2ncia da a\u00e7\u00e3o do poder p\u00fablico\u201d, analisou.<\/p>\n<p>Nesse sentido, ele defendeu a reforma da cadeia como prioridade n\u00famero um para a seguran\u00e7a da cidade, com a remo\u00e7\u00e3o dos 72 presos para outra unidade e a transfer\u00eancia da responsabilidade sobre eles para a Subsecretaria de Administra\u00e7\u00e3o Prisional (Suapi). Ele lembrou que essa demanda j\u00e1 tinha sido apresentada na audi\u00eancia anterior sobre o tema na ALMG, em abril deste ano, na qual foi solicitado o aumento do efetivo das pol\u00edcias na cidade.<\/p>\n<p>O prefeito de Itamarandiba, Erildo do Esp\u00edrito Santo Gomes, agradeceu a todos os participantes das a\u00e7\u00f5es policiais e pediu apoio aos deputados para o aumento do efetivo policial e a transfer\u00eancia dos detentos para a Suapi. \u201cJ\u00e1 temos os recursos para a reforma da cadeia, mas precisamos transferir os presos para outro local antes de iniciarmos a reforma\u201d, reivindicou.<\/p>\n<p>Tamb\u00e9m o presidente da C\u00e2mara Municipal de Itamarandiba, vereador Eduardo C\u00e9sar Moreira, cobrou melhorias na seguran\u00e7a local. Ele solicitou a instala\u00e7\u00e3o da 2\u00aa Vara da Justi\u00e7a da cidade, vagas para menores infratores e a transforma\u00e7\u00e3o do pelot\u00e3o local em companhia independente da PM.<\/p>\n<p>Geraldo Gon\u00e7alves Vieira, investigador de Pol\u00edcia Civil, que teve participa\u00e7\u00e3o decisiva nas opera\u00e7\u00f5es, tamb\u00e9m indo a S\u00e3o Paulo para efetuar as pris\u00f5es, foi aplaudido de p\u00e9 pelos presentes. Ele tamb\u00e9m pediu aos parlamentares que n\u00e3o se esque\u00e7am de Itamarandiba e do Vale do Jequitinhonha. \u201cPrecisamos de mais viaturas, equipamentos e efetivos. Que haja a manuten\u00e7\u00e3o do trabalho de seguran\u00e7a em Itamarandiba para mantermos a cidade dentro de um padr\u00e3o aceit\u00e1vel de criminalidade\u201d, cobrou.<\/p>\n<p><strong>Transfer\u00eancia de presos ser\u00e1 tema de requerimento<\/strong><\/p>\n<p>O presidente da comiss\u00e3o, deputado Sargento Rodrigues (PDT), foi quem solicitou a reuni\u00e3o. Al\u00e9m da entrega dos diplomas de voto de congratula\u00e7\u00e3o, ele explicou que a audi\u00eancia teve tamb\u00e9m como objetivo debater os resultados da reuni\u00e3o anterior da comiss\u00e3o, que discutiu o combate a criminalidade naquela regi\u00e3o.<\/p>\n<p>\u201cO crime n\u00e3o estava dando sossego naquela cidade, que tem um povo ordeiro e pacato. Os bandidos estavam achando que Itamarandiba estava entregue \u00e0 pr\u00f3pria sorte, mas esses nobres policiais e membros da seguran\u00e7a, com empenho e trabalho, provaram que n\u00e3o \u00e9 bem assim\u201d, elogiou. No fim da reuni\u00e3o, Sargento Rodrigues anunciou que ser\u00e1 aprovado, na pr\u00f3xima reuni\u00e3o da comiss\u00e3o, um requerimento solicitando a transfer\u00eancia dos presos de Itamarandiba para outra unidade.<\/p>\n<p>O deputado Wander Borges (PSB) tamb\u00e9m enalteceu o trabalho dos homenageados. \u201cFoi uma resposta muito positiva com rela\u00e7\u00e3o \u00e0 cobran\u00e7a feita na audi\u00eancia p\u00fablica em abril. Por isso este reconhecimento de p\u00fablico\u201d, disse. Jo\u00e3o Leite (PSDB) tamb\u00e9m reconheceu o papel importante que os policiais desempenharam. Para ele, a impunidade \u00e9 um desastre, pois d\u00e1 chance aos bandidos de expandirem suas a\u00e7\u00f5es e colocar medo nas pessoas.<\/p>\n<p>Por \u00faltimo, Ant\u00f4nio Carlos Arantes (PSDB) se mostrou esperan\u00e7oso com o trabalho realizado na cidade do Jequitinhonha. \u201cEssa a\u00e7\u00e3o policial mostra que nem tudo est\u00e1 perdido, temos muita gente boa nas pol\u00edcias, no Minist\u00e9rio P\u00fablico e no Judici\u00e1rio\u201d, ponderou.<\/p>\n<p><em>(Fonte: ALMG)<\/em><\/p>\n","protected":false},"excerpt":{"rendered":"<p>Policiais civis e militares, al\u00e9m de representantes do Minist\u00e9rio P\u00fablico e do Judici\u00e1rio, foram homenageados pela Comiss\u00e3o de Seguran\u00e7a P\u00fablica da Assembleia Legislativa de Minas Gerais (ALMG), nesta quarta-feira (15\/6\/16). Eles participaram de uma opera\u00e7\u00e3o policial respons\u00e1vel pela pris\u00e3o de 27 pessoas, a maior parte de uma mesma fam\u00edlia, envolvidas com o tr\u00e1fico de drogas [&hellip;]<\/p>\n","protected":false},"author":1,"featured_media":89365,"comment_status":"open","ping_status":"closed","sticky":false,"template":"","format":"standard","meta":{"amp_status":"","footnotes":""},"categories":[120],"tags":[98430,88711,98436,99369,557,98445,99371,99368,98444,98432,198,98431,98448,98437,98424,98449,879,98441,149,98451,98429,98425,47224,98443,98428,98450,98426,98438,98427,98453,98452,98423,98422,99370,76552,98421,80523,88728,98435,98446,98442,88712,88723,98433,98440,98439,98434,98447],"class_list":["post-89364","post","type-post","status-publish","format-standard","has-post-thumbnail","hentry","category-jequi","tag-alex-marcos-fernandes","tag-ana-clara-costa","tag-bruno-fernandes-gomes","tag-calcario-da-morte-ii","tag-carbonita","tag-cleide-coelho","tag-comissao-da-almg-homenageia-policiais-de-itamarandiba","tag-comissao-da-almg-homenageia-policiais-que-desarticularam-quadrilha-em-itamarandiba","tag-daniel-ventura-da-silva","tag-deivid-lorran-guimaraes-de-andrade","tag-diamantina","tag-edvaldo-lopes-gomes","tag-enoch-paranhos-da-silva","tag-fabio-aparecido-vieira-costa","tag-fabio-caetano-de-andrade","tag-fabio-junior-lages","tag-felicio-dos-santos","tag-igor-matos-moura","tag-itamarandiba","tag-joao-nilson-oliveira","tag-jose-henrique-caetano-de-andrade","tag-jose-maria-caetano-de-andrade","tag-jose-olegario-de-oliveira","tag-josefina-ventura-da-silva-hirai","tag-kaike-santos-de-andrade","tag-lucas-cantideo-conceicao","tag-manoel-caetano-de-andrade","tag-marcos-antonio-rodrigues-de-paula","tag-maria-das-gracas-batista-dos-santos","tag-megaoperacao-prende-22-integrantes-de-quadrilha-que-atuava-em-itamarandiba-e-regiao","tag-neide-joias-em-itamarandiba","tag-operacao-calcario-da-morte-1-em-itamarandiba","tag-operacao-calcario-da-morte-2-em-itamarandiba","tag-operacao-calcario-da-morte-ii","tag-operacao-da-policia-civil-itamarandiba","tag-operacao-itamarandiba","tag-policia-civil-de-itamarandiba","tag-presos-itamarandiba","tag-rayanderson-silva-moreira","tag-reinaldo-coimbra-leite","tag-renato-de-cassio-meira","tag-robson-fernandes-dos-reis","tag-trafico-de-drogas-itamarandiba","tag-vanessa-fernandes-da-silva","tag-vitor-henrique-oliveira","tag-wagner-aparecido-costa","tag-welliton-gomes","tag-wesley-rodrigo-lemes-oliveira"],"_links":{"self":[{"href":"https:\/\/aconteceunovale.com.br\/portal\/index.php?rest_route=\/wp\/v2\/posts\/89364","targetHints":{"allow":["GET"]}}],"collection":[{"href":"https:\/\/aconteceunovale.com.br\/portal\/index.php?rest_route=\/wp\/v2\/posts"}],"about":[{"href":"https:\/\/aconteceunovale.com.br\/portal\/index.php?rest_route=\/wp\/v2\/types\/post"}],"author":[{"embeddable":true,"href":"https:\/\/aconteceunovale.com.br\/portal\/index.php?rest_route=\/wp\/v2\/users\/1"}],"replies":[{"embeddable":true,"href":"https:\/\/aconteceunovale.com.br\/portal\/index.php?rest_route=%2Fwp%2Fv2%2Fcomments&post=89364"}],"version-history":[{"count":0,"href":"https:\/\/aconteceunovale.com.br\/portal\/index.php?rest_route=\/wp\/v2\/posts\/89364\/revisions"}],"wp:featuredmedia":[{"embeddable":true,"href":"https:\/\/aconteceunovale.com.br\/portal\/index.php?rest_route=\/wp\/v2\/media\/89365"}],"wp:attachment":[{"href":"https:\/\/aconteceunovale.com.br\/portal\/index.php?rest_route=%2Fwp%2Fv2%2Fmedia&parent=89364"}],"wp:term":[{"taxonomy":"category","embeddable":true,"href":"https:\/\/aconteceunovale.com.br\/portal\/index.php?rest_route=%2Fwp%2Fv2%2Fcategories&post=89364"},{"taxonomy":"post_tag","embeddable":true,"href":"https:\/\/aconteceunovale.com.br\/portal\/index.php?rest_route=%2Fwp%2Fv2%2Ftags&post=89364"}],"curies":[{"name":"wp","href":"https:\/\/api.w.org\/{rel}","templated":true}]}}