{"id":89358,"date":"2016-06-15T22:39:54","date_gmt":"2016-06-16T01:39:54","guid":{"rendered":"http:\/\/aconteceunovale.com.br\/portal\/?p=89358"},"modified":"2016-06-16T18:03:23","modified_gmt":"2016-06-16T21:03:23","slug":"acidente-com-onibus-escolar-deixa-oito-criancas-e-dois-adultos-feridos-no-vale-do-rio-doce","status":"publish","type":"post","link":"https:\/\/aconteceunovale.com.br\/portal\/?p=89358","title":{"rendered":"Acidente com \u00f4nibus escolar deixa oito crian\u00e7as e dois adultos feridos no Vale do Rio Doce"},"content":{"rendered":"<p>Oito crian\u00e7as e dois adultos (a m\u00e3e de um aluno e uma professora) ficaram feridos em um acidente registrado no in\u00edcio da tarde desta quarta-feira (15\/6), entre os C\u00f3rregos dos Manducas e do Ouro, munic\u00edpio de Imb\u00e9 de Minas, no Vale do Rio Doce. Os feridos foram encaminhados ao Hospital Nossa Senhora Auxiliadora, em Caratinga.<\/p>\n<p>Segundo a Prefeitura de Imb\u00e9 de Minas, duas crian\u00e7as com ferimentos na face foram encaminhadas ao Hospital M\u00e1rcio Cunha, em Ipatinga, para exames mais precisos. Ainda conforme a Prefeitura, o ve\u00edculo envolvido no acidente \u00e9 novo, adquirido em 2014 e, a princ\u00edpio, n\u00e3o h\u00e1 ind\u00edcios de poss\u00edveis falhas mec\u00e2nicas. O coletivo tombou no acostamento da pista.<\/p>\n<p>As causas e circunst\u00e2ncias do acidente seguem em apura\u00e7\u00e3o e o munic\u00edpio comunicou que est\u00e1 oferecendo a assist\u00eancia necess\u00e1ria \u00e0s v\u00edtimas.<\/p>\n<p><img decoding=\"async\" src=\"http:\/\/aconteceunovale.com.br\/portal\/wp-content\/uploads\/2016\/06\/acidente_bus_imbe.jpg\" alt=\"\" \/><em>Acidente aconteceu na zona rural de Imb\u00e9 de Minas (Foto: Portal Capara\u00f3)<\/em><br \/>\n<\/br><\/p>\n<p><em>(Super Canal de Caratinga)<\/em><\/p>\n","protected":false},"excerpt":{"rendered":"<p>Oito crian\u00e7as e dois adultos (a m\u00e3e de um aluno e uma professora) ficaram feridos em um acidente registrado no in\u00edcio da tarde desta quarta-feira (15\/6), entre os C\u00f3rregos dos Manducas e do Ouro, munic\u00edpio de Imb\u00e9 de Minas, no Vale do Rio Doce. Os feridos foram encaminhados ao Hospital Nossa Senhora Auxiliadora, em Caratinga. [&hellip;]<\/p>\n","protected":false},"author":1,"featured_media":89405,"comment_status":"open","ping_status":"closed","sticky":false,"template":"","format":"standard","meta":{"amp_status":"","footnotes":""},"categories":[121],"tags":[99363,99362,99358,99360,99361,99359,295],"class_list":["post-89358","post","type-post","status-publish","format-standard","has-post-thumbnail","hentry","category-leste","tag-acidente-com-onibus-escolar-deixa-oito-criancas-e-dois-adultos-feridos-em-imbe-de-minas","tag-acidente-com-onibus-escolar-deixa-oito-criancas-e-dois-adultos-feridos-no-vale-do-rio-doce","tag-acidente-com-onibus-escolar-em-imbe-de-minas","tag-acidente-imbe-de-minas","tag-acidente-zona-rural-de-imbe-de-minas","tag-capotamento-de-onibus-escolar-em-imbe-de-minas","tag-imbe-de-minas"],"_links":{"self":[{"href":"https:\/\/aconteceunovale.com.br\/portal\/index.php?rest_route=\/wp\/v2\/posts\/89358","targetHints":{"allow":["GET"]}}],"collection":[{"href":"https:\/\/aconteceunovale.com.br\/portal\/index.php?rest_route=\/wp\/v2\/posts"}],"about":[{"href":"https:\/\/aconteceunovale.com.br\/portal\/index.php?rest_route=\/wp\/v2\/types\/post"}],"author":[{"embeddable":true,"href":"https:\/\/aconteceunovale.com.br\/portal\/index.php?rest_route=\/wp\/v2\/users\/1"}],"replies":[{"embeddable":true,"href":"https:\/\/aconteceunovale.com.br\/portal\/index.php?rest_route=%2Fwp%2Fv2%2Fcomments&post=89358"}],"version-history":[{"count":0,"href":"https:\/\/aconteceunovale.com.br\/portal\/index.php?rest_route=\/wp\/v2\/posts\/89358\/revisions"}],"wp:featuredmedia":[{"embeddable":true,"href":"https:\/\/aconteceunovale.com.br\/portal\/index.php?rest_route=\/wp\/v2\/media\/89405"}],"wp:attachment":[{"href":"https:\/\/aconteceunovale.com.br\/portal\/index.php?rest_route=%2Fwp%2Fv2%2Fmedia&parent=89358"}],"wp:term":[{"taxonomy":"category","embeddable":true,"href":"https:\/\/aconteceunovale.com.br\/portal\/index.php?rest_route=%2Fwp%2Fv2%2Fcategories&post=89358"},{"taxonomy":"post_tag","embeddable":true,"href":"https:\/\/aconteceunovale.com.br\/portal\/index.php?rest_route=%2Fwp%2Fv2%2Ftags&post=89358"}],"curies":[{"name":"wp","href":"https:\/\/api.w.org\/{rel}","templated":true}]}}