{"id":89351,"date":"2016-06-15T21:23:10","date_gmt":"2016-06-16T00:23:10","guid":{"rendered":"http:\/\/aconteceunovale.com.br\/portal\/?p=89351"},"modified":"2016-06-15T21:24:09","modified_gmt":"2016-06-16T00:24:09","slug":"policia-procura-dois-irmaos-suspeitos-de-matar-adolescente-no-municipio-de-montes-claros","status":"publish","type":"post","link":"https:\/\/aconteceunovale.com.br\/portal\/?p=89351","title":{"rendered":"Pol\u00edcia procura por dois irm\u00e3os suspeitos de homic\u00eddio no munic\u00edpio de Montes Claros"},"content":{"rendered":"<p>A Pol\u00edcia Militar (PM) procura por dois irm\u00e3os de 13 e 19 anos, suspeitos de terem matado um adolescente de 15 anos, em Nova Esperan\u00e7a, distrito de Montes Claros, na regi\u00e3o Norte de Minas Gerais, nessa ter\u00e7a-feira (14\/5).<\/p>\n<p>De acordo com relato de uma testemunha \u00e0 PM, ele estava com a v\u00edtima, Stevens Slech Brand\u00e3o Freitas, na Rua Colinas, ca\u00e7ando passarinhos, quando eles viram os suspeitos. O mais velho sacou uma faca da cintura e foi para cima do adolescente, golpeando-o sete vezes, atingindo pesco\u00e7o, costas, maxilar e bra\u00e7os. O outro atirou pedras na v\u00edtima, que morreu no local.<\/p>\n<p>Os irm\u00e3os fugiram por um matagal e, at\u00e9 o momento, n\u00e3o foram encontrados. A PM foi at\u00e9 uma fazenda, onde o adulto estaria morando e trabalhando e apreendeu uma arma de fabrica\u00e7\u00e3o artesanal e dois estilingues, sendo um com manchas de sangue.<\/p>\n<p>Segundo a Pol\u00edcia Civil, j\u00e1 foi instaurado um inqu\u00e9rito para investigar o crime. Ainda n\u00e3o se sabe o que teria levado \u00e0 morte do adolescente. (O Tempo)<\/p>\n","protected":false},"excerpt":{"rendered":"<p>A Pol\u00edcia Militar (PM) procura por dois irm\u00e3os de 13 e 19 anos, suspeitos de terem matado um adolescente de 15 anos, em Nova Esperan\u00e7a, distrito de Montes Claros, na regi\u00e3o Norte de Minas Gerais, nessa ter\u00e7a-feira (14\/5). De acordo com relato de uma testemunha \u00e0 PM, ele estava com a v\u00edtima, Stevens Slech Brand\u00e3o [&hellip;]<\/p>\n","protected":false},"author":1,"featured_media":71442,"comment_status":"open","ping_status":"closed","sticky":false,"template":"","format":"standard","meta":{"amp_status":"","footnotes":""},"categories":[1236],"tags":[21968,21967,210,80421,28871,99350,99352,99351],"class_list":["post-89351","post","type-post","status-publish","format-standard","has-post-thumbnail","hentry","category-norte_de_minas","tag-assassinato-montes-claros","tag-homicidio-montes-claros","tag-montes-claros","tag-morto-montes-claros","tag-nova-esperanca","tag-policia-procura-dois-irmaos-suspeitos-de-matar-adolescente-no-municipio-de-montes-claros","tag-policia-procura-por-dois-irmaos-suspeitos-de-homicidio-no-municipio-de-montes-claros","tag-stevens-slech-brandao-freitas"],"_links":{"self":[{"href":"https:\/\/aconteceunovale.com.br\/portal\/index.php?rest_route=\/wp\/v2\/posts\/89351","targetHints":{"allow":["GET"]}}],"collection":[{"href":"https:\/\/aconteceunovale.com.br\/portal\/index.php?rest_route=\/wp\/v2\/posts"}],"about":[{"href":"https:\/\/aconteceunovale.com.br\/portal\/index.php?rest_route=\/wp\/v2\/types\/post"}],"author":[{"embeddable":true,"href":"https:\/\/aconteceunovale.com.br\/portal\/index.php?rest_route=\/wp\/v2\/users\/1"}],"replies":[{"embeddable":true,"href":"https:\/\/aconteceunovale.com.br\/portal\/index.php?rest_route=%2Fwp%2Fv2%2Fcomments&post=89351"}],"version-history":[{"count":0,"href":"https:\/\/aconteceunovale.com.br\/portal\/index.php?rest_route=\/wp\/v2\/posts\/89351\/revisions"}],"wp:featuredmedia":[{"embeddable":true,"href":"https:\/\/aconteceunovale.com.br\/portal\/index.php?rest_route=\/wp\/v2\/media\/71442"}],"wp:attachment":[{"href":"https:\/\/aconteceunovale.com.br\/portal\/index.php?rest_route=%2Fwp%2Fv2%2Fmedia&parent=89351"}],"wp:term":[{"taxonomy":"category","embeddable":true,"href":"https:\/\/aconteceunovale.com.br\/portal\/index.php?rest_route=%2Fwp%2Fv2%2Fcategories&post=89351"},{"taxonomy":"post_tag","embeddable":true,"href":"https:\/\/aconteceunovale.com.br\/portal\/index.php?rest_route=%2Fwp%2Fv2%2Ftags&post=89351"}],"curies":[{"name":"wp","href":"https:\/\/api.w.org\/{rel}","templated":true}]}}