{"id":89337,"date":"2016-06-15T20:23:33","date_gmt":"2016-06-15T23:23:33","guid":{"rendered":"http:\/\/aconteceunovale.com.br\/portal\/?p=89337"},"modified":"2016-06-15T20:23:33","modified_gmt":"2016-06-15T23:23:33","slug":"publicado-edital-de-licitacao-para-concessao-patrocinada-do-aeroporto-regional-do-vale-do-aco","status":"publish","type":"post","link":"https:\/\/aconteceunovale.com.br\/portal\/?p=89337","title":{"rendered":"Publicado edital de licita\u00e7\u00e3o para concess\u00e3o patrocinada do Aeroporto Regional do Vale do A\u00e7o"},"content":{"rendered":"<p>A\u00a0Secretaria de Estado de Transportes e Obras P\u00fablicas (Setop), publicou, na edi\u00e7\u00e3o desta quarta-feira (15\/6) do\u00a0Minas Gerais, o Aviso de Licita\u00e7\u00e3o para\u00a0concess\u00e3o patrocinada do Aeroporto Regional do Vale do A\u00e7o (Usiminas), localizado no munic\u00edpio de Santana do Para\u00edso, a seis quil\u00f4metros do centro de Ipatinga. De acordo com edital, o prazo previsto para a concess\u00e3o \u00e9 de 30 anos, prorrog\u00e1vel por mais 5 anos e o valor estimado do contrato \u00e9 de R$ 212,07 milh\u00f5es.<\/p>\n<p>A concess\u00e3o do Aeroporto Regional do Vale do A\u00e7o, antes denominado como Aeroporto de Ipatinga e Aeroporto da Usiminas, visa melhorar a qualidade dos servi\u00e7os e a infraestrutura aeroportu\u00e1ria para os usu\u00e1rios, ampliar a oferta de transporte a\u00e9reo e incrementar a rede de avia\u00e7\u00e3o regional. Classificado como P\u00fablico, o aeroporto atualmente \u00e9 de responsabilidade do\u00a0Governo do Estado de Minas Gerais, conforme conv\u00eanio de delega\u00e7\u00e3o 023\/2016, celebrado com o Governo Federal atrav\u00e9s da Secretaria da Avia\u00e7\u00e3o Civil da Presid\u00eancia da Rep\u00fablica (SAC-PR).<\/p>\n<p>O aeroporto \u00e9 de grande import\u00e2ncia econ\u00f4mica e social para a regi\u00e3o do Vale do A\u00e7o por atender \u00e0s demandas que surgem devido ao significativo n\u00famero de empresas e ind\u00fastrias existentes, como consequ\u00eancia de sua voca\u00e7\u00e3o log\u00edstica, dada a possibilidade de integra\u00e7\u00e3o com os principais eixos econ\u00f4micos do pa\u00eds: S\u00e3o Paulo, Rio de Janeiro e Belo Horizonte. No ano de 2015, registrou o movimento de 4218 pousos e decolagens, com transporte de 142.960 passageiros.<\/p>\n<p>As empresas e\/ou cons\u00f3rcios interessados dever\u00e3o protocolizar suas propostas no dia 01 de agosto de 2016, de 09h as 17h, no Setor de Protocolo da Cidade Administrativa de Minas Gerais \u2013 Edif\u00edcio Minas, 1\u00ba andar, ou envi\u00e1-las pelos Correios para recebimento na mesma data. O edital encontra-se dispon\u00edvel para consulta e download no site\u00a0<a href=\"http:\/\/www.transportes.mg.gov.br\/\" target=\"_blank\">www.transportes.mg.gov.br<\/a>. Para outras informa\u00e7\u00f5es, os interessados devem enviar e-mail para\u00a0<a href=\"mailto:dia@transportes.mg.gov.br\">dia@transportes.mg.gov.br<\/a>\u00a0ou ligar para o n\u00famero\u00a0(31) 3915-8232. <a href=\"http:\/\/setop.mg.gov.br\/component\/gmg\/page\/2237-concorrencia-publica-004-2016\" target=\"_blank\"><font color=\"blue\">Clique aqui para acessar a \u00e1rea do site da Setop dedicada ao edital<\/font><\/a>. (Ag\u00eancia Minas)<\/p>\n","protected":false},"excerpt":{"rendered":"<p>A\u00a0Secretaria de Estado de Transportes e Obras P\u00fablicas (Setop), publicou, na edi\u00e7\u00e3o desta quarta-feira (15\/6) do\u00a0Minas Gerais, o Aviso de Licita\u00e7\u00e3o para\u00a0concess\u00e3o patrocinada do Aeroporto Regional do Vale do A\u00e7o (Usiminas), localizado no munic\u00edpio de Santana do Para\u00edso, a seis quil\u00f4metros do centro de Ipatinga. De acordo com edital, o prazo previsto para a concess\u00e3o [&hellip;]<\/p>\n","protected":false},"author":1,"featured_media":81373,"comment_status":"open","ping_status":"closed","sticky":false,"template":"","format":"standard","meta":{"amp_status":"","footnotes":""},"categories":[121],"tags":[47966,73045,99335,54475,99332,99329,99334,99331,99328,201,99333,99330,99327,2101],"class_list":["post-89337","post","type-post","status-publish","format-standard","has-post-thumbnail","hentry","category-leste","tag-aeroporto-da-usiminas","tag-aeroporto-de-ipatinga","tag-aeroporto-regional-do-vale-do-aco","tag-concessao-do-aeroporto-da-usiminas","tag-concessao-do-aeroporto-regional-do-vale-do-aco","tag-concessao-patrocinada-do-aeroporto-regional-do-vale-do-aco","tag-edital-de-licitacao-para-concessao-do-aeroporto-da-usiminas","tag-edital-de-licitacao-para-concessao-do-aeroporto-regional-do-vale-do-aco","tag-edital-de-licitacao-para-concessao-patrocinada-do-aeroporto-regional-do-vale-do-aco","tag-ipatinga","tag-publicado-edital-de-licitacao-para-concessao-do-aeroporto-da-usiminas","tag-publicado-edital-de-licitacao-para-concessao-do-aeroporto-regional-do-vale-do-aco","tag-publicado-edital-de-licitacao-para-concessao-patrocinada-do-aeroporto-regional-do-vale-do-aco","tag-santana-do-paraiso"],"_links":{"self":[{"href":"https:\/\/aconteceunovale.com.br\/portal\/index.php?rest_route=\/wp\/v2\/posts\/89337","targetHints":{"allow":["GET"]}}],"collection":[{"href":"https:\/\/aconteceunovale.com.br\/portal\/index.php?rest_route=\/wp\/v2\/posts"}],"about":[{"href":"https:\/\/aconteceunovale.com.br\/portal\/index.php?rest_route=\/wp\/v2\/types\/post"}],"author":[{"embeddable":true,"href":"https:\/\/aconteceunovale.com.br\/portal\/index.php?rest_route=\/wp\/v2\/users\/1"}],"replies":[{"embeddable":true,"href":"https:\/\/aconteceunovale.com.br\/portal\/index.php?rest_route=%2Fwp%2Fv2%2Fcomments&post=89337"}],"version-history":[{"count":0,"href":"https:\/\/aconteceunovale.com.br\/portal\/index.php?rest_route=\/wp\/v2\/posts\/89337\/revisions"}],"wp:featuredmedia":[{"embeddable":true,"href":"https:\/\/aconteceunovale.com.br\/portal\/index.php?rest_route=\/wp\/v2\/media\/81373"}],"wp:attachment":[{"href":"https:\/\/aconteceunovale.com.br\/portal\/index.php?rest_route=%2Fwp%2Fv2%2Fmedia&parent=89337"}],"wp:term":[{"taxonomy":"category","embeddable":true,"href":"https:\/\/aconteceunovale.com.br\/portal\/index.php?rest_route=%2Fwp%2Fv2%2Fcategories&post=89337"},{"taxonomy":"post_tag","embeddable":true,"href":"https:\/\/aconteceunovale.com.br\/portal\/index.php?rest_route=%2Fwp%2Fv2%2Ftags&post=89337"}],"curies":[{"name":"wp","href":"https:\/\/api.w.org\/{rel}","templated":true}]}}