{"id":89324,"date":"2016-06-15T19:33:08","date_gmt":"2016-06-15T22:33:08","guid":{"rendered":"http:\/\/aconteceunovale.com.br\/portal\/?p=89324"},"modified":"2016-06-15T19:50:10","modified_gmt":"2016-06-15T22:50:10","slug":"corpo-e-encontrado-proximo-a-carro-queimado-no-norte-de-minas","status":"publish","type":"post","link":"https:\/\/aconteceunovale.com.br\/portal\/?p=89324","title":{"rendered":"Corpo \u00e9 encontrado pr\u00f3ximo a carro queimado no Norte de Minas"},"content":{"rendered":"<p>Os desaparecimentos de dois homens vistos pela \u00faltima vez nas cidades de Jana\u00faba e em Rio Pardo de Minas, na regi\u00e3o do Norte do Estado de Minas Gerais, no \u00faltimo s\u00e1bado (11\/6), s\u00e3o investigados pela Pol\u00edcia e Civil. O feirante Gercino da Silva Brito, de 28 anos, natural de Rio Pardo de Minas, que foi visto sendo levado por criminosos encapuzados em um t\u00e1xi do modelo Palio Weekend Adventure, branco, foi encontrado nesta quarta-feira (15\/6) sem vida ao lado do ve\u00edculo, que estava carbonizado, em um povoado do munic\u00edpio.<\/p>\n<p>O comerciante foi identificado pela fam\u00edlia por um molho de chaves que carregava em um dos bolsos. O corpo foi encaminhado para o Instituto M\u00e9dico Legal (IML) de Montes Claros, onde passar\u00e1 por exames que devem comprovar realmente sua identifica\u00e7\u00e3o.<\/p>\n<p>O ve\u00edculo incendiado era do taxista Jos\u00e9 Ant\u00f4nio Mendes Chaves, de 21 anos, que foi visto pela \u00faltima vez pela m\u00e3e na manh\u00e3 de s\u00e1bado na rodovi\u00e1ria de Jana\u00faba, de onde era natural.<\/p>\n<p><img decoding=\"async\" src=\"http:\/\/aconteceunovale.com.br\/portal\/wp-content\/uploads\/2016\/06\/carro_queimado_nm_1.jpg\" alt=\"\" \/><em>Ve\u00edculo estava na zona rural de Rio Pardo de Minas (Foto: Divulga\u00e7\u00e3o)<\/em><br \/>\n<\/br><\/p>\n<p>Ap\u00f3s aceitar levar um homem, ainda n\u00e3o identificado, da cidade at\u00e9 o munic\u00edpio de Rio Pardo de Minas o taxista n\u00e3o foi mais encontrado. &#8220;Outros tr\u00eas taxistas que estavam na rodovi\u00e1ria da cidade contaram pra gente que um homem abordou eles antes de chegar ao meu primo. Mas como se tratava de um homem solicitando uma viagem para outra cidade, ningu\u00e9m aceitou. Alguns colegas at\u00e9 sugeriram que Jos\u00e9 registrasse um boletim de ocorr\u00eancia antes de pegar a viagem, mas o cliente se exaltou e meu primo, por falta de experi\u00eancia, aceitou a corrida. Isso foi tudo que os taxistas que estavam na rodovi\u00e1ria nos contaram&#8221;, lembrou a cabeleireira N\u00e1dia Helena Dia, de 45 anos.<\/p>\n<p>O jovem estava trabalhando como taxista h\u00e1 seis meses. A fam\u00edlia lembrou que ele \u00e9 uma pessoa tranquila e n\u00e3o tinha hist\u00f3rico de brigas.<\/p>\n<p>Depois de aceitar o trabalho, Chaves n\u00e3o foi mais visto. Por meio do Facebook, familiares promovem campanha para tentar encontrar algo que possa ajudar a localiz\u00e1-lo.<\/p>\n<p>&#8220;Al\u00e9m das redes sociais, meus pais e os pais dele fizeram v\u00e1rias buscas na regi\u00e3o. Grupos de taxistas e de motoqueiros tamb\u00e9m procuram por ele&#8221;, explicou N\u00e1dia.<\/p>\n<p>A Pol\u00edcia Civil informou j\u00e1 estar investigando o caso, mas ainda n\u00e3o apareceram pistas de que pudessem informar o paradeiro do taxista.<\/p>\n<p>Por\u00e9m, a fam\u00edlia explicou que na manh\u00e3 desta quarta-feira (15) o carro de Chaves foi encontrado queimado no munic\u00edpio de Rio Pardo de Minas. &#8220;Ao lado do ve\u00edculo estava um corpo carbonizado. Mas meu pai informou que n\u00e3o se trata do meu primo, porque ele usa aparelho e o corpo que foi encontrado estavam com os dentes limpos, sem aparelho. Mas tamb\u00e9m ainda n\u00e3o se sabe se se trata do outro rapaz que desapareceu no mesmo dia&#8221;, revelou N\u00e1dia.<\/p>\n<p>A Pol\u00edcia Civil confirmou na tarde desta quarta-feira a informa\u00e7\u00e3o sobre o encontro do carro do taxista. As buscas por Chaves continuam. Os suspeitos dos crimes ainda n\u00e3o foram identificados. A motiva\u00e7\u00e3o deles tamb\u00e9m \u00e9 investigada pela pol\u00edcia. <\/p>\n<p><img decoding=\"async\" src=\"http:\/\/aconteceunovale.com.br\/portal\/wp-content\/uploads\/2016\/06\/carro_queimado_nm_2.jpg\" alt=\"\" \/><em>Feirante Gercino da Silva Brito (camisa do Cruzeiro) foi encontrado ao lado de ve\u00edculo carbonizado; O taxista Jos\u00e9 Ant\u00f4nio Mendes Chaves est\u00e1 desaparecido desde o \u00faltimo s\u00e1bado (Foto: Divulga\u00e7\u00e3o)<\/em><br \/>\n<\/br><\/p>\n<p><em>(Fonte: O Tempo \/ Rep\u00f3rter: Camila Kifer)<\/em><\/p>\n","protected":false},"excerpt":{"rendered":"<p>Os desaparecimentos de dois homens vistos pela \u00faltima vez nas cidades de Jana\u00faba e em Rio Pardo de Minas, na regi\u00e3o do Norte do Estado de Minas Gerais, no \u00faltimo s\u00e1bado (11\/6), s\u00e3o investigados pela Pol\u00edcia e Civil. O feirante Gercino da Silva Brito, de 28 anos, natural de Rio Pardo de Minas, que foi [&hellip;]<\/p>\n","protected":false},"author":1,"featured_media":89325,"comment_status":"open","ping_status":"closed","sticky":false,"template":"","format":"standard","meta":{"amp_status":"","footnotes":""},"categories":[1236],"tags":[99319,99318,99314,99317,98730,1018,99313,204,98732,98735,99315,421,98736,98731,98729,98734,99316,98728,98733],"class_list":["post-89324","post","type-post","status-publish","format-standard","has-post-thumbnail","hentry","category-norte_de_minas","tag-corpo-e-encontrado-proximo-a-carro-queimado-em-rio-pardo-de-minas","tag-corpo-e-encontrado-proximo-a-carro-queimado-no-norte-de-minas","tag-desaparecido-rio-pardo-de-minas","tag-desaparecimento-taxista-de-janauba","tag-desaparecimento-taxista-janauba","tag-destaque","tag-gercino-da-silva-brito","tag-janauba","tag-jose-antonio-mendes-chaves","tag-jose-antonio-taxista","tag-morte-de-taxista-de-janauba","tag-rio-pardo-de-minas","tag-sequestro-jose-antonio-taxista","tag-sequestro-rio-pardo-de-minas","tag-sequestro-taxista-janauba","tag-sequestro-taxista-jose-antonio-mendes-chaves","tag-taxista-de-janauba","tag-taxista-desaparece-durante-corrida-entre-janauba-e-rio-pardo-de-minas","tag-taxista-jose-antonio-mendes-chaves"],"_links":{"self":[{"href":"https:\/\/aconteceunovale.com.br\/portal\/index.php?rest_route=\/wp\/v2\/posts\/89324","targetHints":{"allow":["GET"]}}],"collection":[{"href":"https:\/\/aconteceunovale.com.br\/portal\/index.php?rest_route=\/wp\/v2\/posts"}],"about":[{"href":"https:\/\/aconteceunovale.com.br\/portal\/index.php?rest_route=\/wp\/v2\/types\/post"}],"author":[{"embeddable":true,"href":"https:\/\/aconteceunovale.com.br\/portal\/index.php?rest_route=\/wp\/v2\/users\/1"}],"replies":[{"embeddable":true,"href":"https:\/\/aconteceunovale.com.br\/portal\/index.php?rest_route=%2Fwp%2Fv2%2Fcomments&post=89324"}],"version-history":[{"count":0,"href":"https:\/\/aconteceunovale.com.br\/portal\/index.php?rest_route=\/wp\/v2\/posts\/89324\/revisions"}],"wp:featuredmedia":[{"embeddable":true,"href":"https:\/\/aconteceunovale.com.br\/portal\/index.php?rest_route=\/wp\/v2\/media\/89325"}],"wp:attachment":[{"href":"https:\/\/aconteceunovale.com.br\/portal\/index.php?rest_route=%2Fwp%2Fv2%2Fmedia&parent=89324"}],"wp:term":[{"taxonomy":"category","embeddable":true,"href":"https:\/\/aconteceunovale.com.br\/portal\/index.php?rest_route=%2Fwp%2Fv2%2Fcategories&post=89324"},{"taxonomy":"post_tag","embeddable":true,"href":"https:\/\/aconteceunovale.com.br\/portal\/index.php?rest_route=%2Fwp%2Fv2%2Ftags&post=89324"}],"curies":[{"name":"wp","href":"https:\/\/api.w.org\/{rel}","templated":true}]}}