{"id":89320,"date":"2016-06-15T19:08:22","date_gmt":"2016-06-15T22:08:22","guid":{"rendered":"http:\/\/aconteceunovale.com.br\/portal\/?p=89320"},"modified":"2016-06-15T19:08:22","modified_gmt":"2016-06-15T22:08:22","slug":"policiais-civis-de-minas-gerais-anunciam-greve-a-partir-de-sabado","status":"publish","type":"post","link":"https:\/\/aconteceunovale.com.br\/portal\/?p=89320","title":{"rendered":"Policiais Civis de Minas Gerais anunciam greve a partir de s\u00e1bado"},"content":{"rendered":"<p>Os policiais civis de Minas Gerais decidiram, em assembleia, na tarde desta quarta-feira (15\/6) por parar as atividades por tempo indeterminado a partir das primeiras horas do pr\u00f3ximo s\u00e1bado (18). Com o movimento grevista, a categoria ir\u00e1 trabalhar em escala m\u00ednima, com apenas 30% dos profissionais em seus postos de trabalho. <\/p>\n<p>A greve dos servidores da seguran\u00e7a p\u00fablica ir\u00e1 afetar desde os servi\u00e7os administrativos at\u00e9 o trabalho do Instituto M\u00e9dico Legal (IML). Segundo o Sindicato dos Policiais Civis (Sindpol), que representa a categoria, hoje, Minas Gerais conta com 9.000 trabalhadores.<\/p>\n<p>Entre as reivindica\u00e7\u00f5es, est\u00e3o a equipara\u00e7\u00e3o salarial dos investigadores (R$ 4.098) com a remunera\u00e7\u00e3o dos peritos (R$ 8.100), e dos vencimentos dos delegados (R$ 11.900) com os dos defensores p\u00fablicos (R$ 18.000). Al\u00e9m disso, o sindicato tamb\u00e9m cobra que o governo dobre o sal\u00e1rio dos profissionais do administrativo que hoje recebem R$900 e que o governo nomeie os excedentes da Pol\u00edcia Civil.<\/p>\n<p>&#8220;N\u00f3s esgotamos os di\u00e1logo com o governo. A \u00faltima gota d&#8217;\u00e1gua foi o pagamento do abono para a PM e a n\u00e3o extens\u00e3o do beneficio a Pol\u00edcia Civil&#8221;, explicou o presidente licenciado do Sindpol, Denilson Martins.<\/p>\n<p>A Pol\u00edcia Civil informou n\u00e3o ter sido notificada ainda sobre a greve e sobre as reivindica\u00e7\u00f5es da categoria.<\/p>\n<p><strong>Pr\u00f3ximo passo<\/strong><\/p>\n<p>A diretoria do sindicato pretende se reunir na pr\u00f3xima sexta-feira (17) em Belo Horizonte, onde ir\u00e1 discutir as diretrizes do movimento grevista.<\/p>\n<p><img decoding=\"async\" src=\"http:\/\/aconteceunovale.com.br\/portal\/wp-content\/uploads\/2016\/06\/greve_pcmg.jpg\" alt=\"\" \/><em>Pol\u00edcia Civil entrar\u00e1 em greve a partir de s\u00e1bado (Foto: Sindiney Gon\u00e7alves\/O Tempo)<\/em><br \/>\n<\/br><\/p>\n<p><em>(Fonte: O Tempo \/ Rep\u00f3rter: Camila Kifer)<\/em><\/p>\n","protected":false},"excerpt":{"rendered":"<p>Os policiais civis de Minas Gerais decidiram, em assembleia, na tarde desta quarta-feira (15\/6) por parar as atividades por tempo indeterminado a partir das primeiras horas do pr\u00f3ximo s\u00e1bado (18). Com o movimento grevista, a categoria ir\u00e1 trabalhar em escala m\u00ednima, com apenas 30% dos profissionais em seus postos de trabalho. A greve dos servidores [&hellip;]<\/p>\n","protected":false},"author":1,"featured_media":89322,"comment_status":"open","ping_status":"closed","sticky":false,"template":"","format":"standard","meta":{"amp_status":"","footnotes":""},"categories":[123],"tags":[194,99310,99308,604,99309,44644,99307,99312,99311,44878],"class_list":["post-89320","post","type-post","status-publish","format-standard","has-post-thumbnail","hentry","category-gerais","tag-belo-horizonte","tag-greve-da-pcmg","tag-greve-da-policia-civil-de-minas-gerais","tag-pcmg","tag-pcmg-em-greve","tag-policia-civil-de-minas-gerais","tag-policia-civil-de-minas-gerais-em-greve","tag-policiais-civis-de-minas-gerais-anunciam-greve-a-partir-de-sabado","tag-sindicato-dos-servidores-da-policia-civil-de-minas-gerais","tag-sindpolmg"],"_links":{"self":[{"href":"https:\/\/aconteceunovale.com.br\/portal\/index.php?rest_route=\/wp\/v2\/posts\/89320","targetHints":{"allow":["GET"]}}],"collection":[{"href":"https:\/\/aconteceunovale.com.br\/portal\/index.php?rest_route=\/wp\/v2\/posts"}],"about":[{"href":"https:\/\/aconteceunovale.com.br\/portal\/index.php?rest_route=\/wp\/v2\/types\/post"}],"author":[{"embeddable":true,"href":"https:\/\/aconteceunovale.com.br\/portal\/index.php?rest_route=\/wp\/v2\/users\/1"}],"replies":[{"embeddable":true,"href":"https:\/\/aconteceunovale.com.br\/portal\/index.php?rest_route=%2Fwp%2Fv2%2Fcomments&post=89320"}],"version-history":[{"count":0,"href":"https:\/\/aconteceunovale.com.br\/portal\/index.php?rest_route=\/wp\/v2\/posts\/89320\/revisions"}],"wp:featuredmedia":[{"embeddable":true,"href":"https:\/\/aconteceunovale.com.br\/portal\/index.php?rest_route=\/wp\/v2\/media\/89322"}],"wp:attachment":[{"href":"https:\/\/aconteceunovale.com.br\/portal\/index.php?rest_route=%2Fwp%2Fv2%2Fmedia&parent=89320"}],"wp:term":[{"taxonomy":"category","embeddable":true,"href":"https:\/\/aconteceunovale.com.br\/portal\/index.php?rest_route=%2Fwp%2Fv2%2Fcategories&post=89320"},{"taxonomy":"post_tag","embeddable":true,"href":"https:\/\/aconteceunovale.com.br\/portal\/index.php?rest_route=%2Fwp%2Fv2%2Ftags&post=89320"}],"curies":[{"name":"wp","href":"https:\/\/api.w.org\/{rel}","templated":true}]}}