{"id":89300,"date":"2016-06-15T18:07:16","date_gmt":"2016-06-15T21:07:16","guid":{"rendered":"http:\/\/aconteceunovale.com.br\/portal\/?p=89300"},"modified":"2016-06-15T18:07:16","modified_gmt":"2016-06-15T21:07:16","slug":"temer-sanciona-lei-de-refinanciamento-de-dividas-de-caminhoneiros","status":"publish","type":"post","link":"https:\/\/aconteceunovale.com.br\/portal\/?p=89300","title":{"rendered":"Temer sanciona lei de refinanciamento de d\u00edvidas de caminhoneiros"},"content":{"rendered":"<p>O presidente interino Michel Temer sancionou, com vetos, a lei que trata do refinanciamento de d\u00edvidas de caminhoneiros, de cr\u00e9dito rural e que prorroga o prazo para inscri\u00e7\u00e3o no Cadastro Ambiental Rural (CAR). A lei 13.295 est\u00e1 publicada na edi\u00e7\u00e3o de hoje (15\/6) do Di\u00e1rio Oficial da Uni\u00e3o. O governo vetou a concess\u00e3o de mais prazo e desconto para agricultores quitarem d\u00e9bitos referentes ao cr\u00e9dito rural.<\/p>\n<p>A lei tem origem no Projeto de Lei de Convers\u00e3o 8\/2016, decorrente da Medida Provis\u00f3ria 707\/2015, e aprovado no Senado neste m\u00eas de maio.<\/p>\n<p>A lei amplia o prazo para refinanciamento de d\u00edvidas de caminhoneiros com o Banco Nacional de Desenvolvimento Econ\u00f4mico e Social (BNDES). O novo prazo para a formaliza\u00e7\u00e3o da negocia\u00e7\u00e3o \u00e9 30 de dezembro deste ano. A prorroga\u00e7\u00e3o ser\u00e1 v\u00e1lida para contratos firmados at\u00e9 31 de dezembro de 2015. A medida vale para empr\u00e9stimos contra\u00eddos por caminhoneiros para a aquisi\u00e7\u00e3o de ve\u00edculos, reboques, carrocerias e bens semelhantes.<\/p>\n<p>O texto ainda prorroga at\u00e9 31 de dezembro de 2017 o prazo para inscri\u00e7\u00e3o no Cadastro Ambiental Rural (CAR). O cadastro \u00e9 um regime eletr\u00f4nico, obrigat\u00f3rio a todos os im\u00f3veis rurais, que integra informa\u00e7\u00f5es ambientais em base de dados estrat\u00e9gica para combater o desmatamento e para o planejamento ambiental e econ\u00f4mico dos im\u00f3veis rurais.<\/p>\n<p>Temer vetou artigos que tratavam do abatimento de parte das d\u00edvidas referentes ao cr\u00e9dito rural e estabeleciam a remiss\u00e3o integral da d\u00edvida. Para o veto, foram ouvidos o Minist\u00e9rio da Justi\u00e7a e a Advocacia-Geral da Uni\u00e3o. Os argumentos usados na raz\u00e3o do veto \u00e9 que as propostas apresentam inconstitucionalidade formal e material. A inconstitucionalidade formal seria pelo fato dos artigos n\u00e3o serem pertinentes ao tema inicial da medida provis\u00f3ria que foi convertida na lei. A inconstitucionalidade material ocorreu nos trechos que dispensam a exig\u00eancia de certid\u00e3o negativa de d\u00e9bitos com o sistema de seguridade social para receber cr\u00e9dito da Uni\u00e3o. (Ag\u00eancia Brasil)<\/p>\n","protected":false},"excerpt":{"rendered":"<p>O presidente interino Michel Temer sancionou, com vetos, a lei que trata do refinanciamento de d\u00edvidas de caminhoneiros, de cr\u00e9dito rural e que prorroga o prazo para inscri\u00e7\u00e3o no Cadastro Ambiental Rural (CAR). A lei 13.295 est\u00e1 publicada na edi\u00e7\u00e3o de hoje (15\/6) do Di\u00e1rio Oficial da Uni\u00e3o. O governo vetou a concess\u00e3o de mais [&hellip;]<\/p>\n","protected":false},"author":1,"featured_media":89301,"comment_status":"open","ping_status":"closed","sticky":false,"template":"","format":"standard","meta":{"amp_status":"","footnotes":""},"categories":[6],"tags":[8354,42405,36111,99268,99271,99266,99269,99270,99273,20181,99272,99267,99265,48752],"class_list":["post-89300","post","type-post","status-publish","format-standard","has-post-thumbnail","hentry","category-br","tag-cadastro-ambiental-rural","tag-car","tag-credito-rural","tag-dividas-de-caminhoneiros","tag-lei-13-295","tag-lei-de-refinanciamento-de-dividas-de-caminhoneiros","tag-lei-de-refinancimanto","tag-lei-que-trata-do-refinanciamento-de-dividas-de-caminhoneiros","tag-medida-provisoria-7072015","tag-michel-temer","tag-projeto-de-lei-de-conversao-82016","tag-refinanciamento-de-dividas-de-caminhoneiros","tag-temer-sanciona-lei-de-refinanciamento-de-dividas-de-caminhoneiros","tag-vetos"],"_links":{"self":[{"href":"https:\/\/aconteceunovale.com.br\/portal\/index.php?rest_route=\/wp\/v2\/posts\/89300","targetHints":{"allow":["GET"]}}],"collection":[{"href":"https:\/\/aconteceunovale.com.br\/portal\/index.php?rest_route=\/wp\/v2\/posts"}],"about":[{"href":"https:\/\/aconteceunovale.com.br\/portal\/index.php?rest_route=\/wp\/v2\/types\/post"}],"author":[{"embeddable":true,"href":"https:\/\/aconteceunovale.com.br\/portal\/index.php?rest_route=\/wp\/v2\/users\/1"}],"replies":[{"embeddable":true,"href":"https:\/\/aconteceunovale.com.br\/portal\/index.php?rest_route=%2Fwp%2Fv2%2Fcomments&post=89300"}],"version-history":[{"count":0,"href":"https:\/\/aconteceunovale.com.br\/portal\/index.php?rest_route=\/wp\/v2\/posts\/89300\/revisions"}],"wp:featuredmedia":[{"embeddable":true,"href":"https:\/\/aconteceunovale.com.br\/portal\/index.php?rest_route=\/wp\/v2\/media\/89301"}],"wp:attachment":[{"href":"https:\/\/aconteceunovale.com.br\/portal\/index.php?rest_route=%2Fwp%2Fv2%2Fmedia&parent=89300"}],"wp:term":[{"taxonomy":"category","embeddable":true,"href":"https:\/\/aconteceunovale.com.br\/portal\/index.php?rest_route=%2Fwp%2Fv2%2Fcategories&post=89300"},{"taxonomy":"post_tag","embeddable":true,"href":"https:\/\/aconteceunovale.com.br\/portal\/index.php?rest_route=%2Fwp%2Fv2%2Ftags&post=89300"}],"curies":[{"name":"wp","href":"https:\/\/api.w.org\/{rel}","templated":true}]}}