{"id":89235,"date":"2016-06-14T19:08:17","date_gmt":"2016-06-14T22:08:17","guid":{"rendered":"http:\/\/aconteceunovale.com.br\/portal\/?p=89235"},"modified":"2016-06-14T19:08:17","modified_gmt":"2016-06-14T22:08:17","slug":"dunga-nao-e-mais-tecnico-da-selecao-brasileira-e-tite-deve-ser-anunciado","status":"publish","type":"post","link":"https:\/\/aconteceunovale.com.br\/portal\/?p=89235","title":{"rendered":"Dunga n\u00e3o \u00e9 mais t\u00e9cnico da sele\u00e7\u00e3o brasileira e Tite deve ser anunciado"},"content":{"rendered":"<p>A Confedera\u00e7\u00e3o Brasileira de Futebol (CBF) anunciou nesta ter\u00e7a-feira (14\/6) que Dunga n\u00e3o \u00e9 mais o t\u00e9cnico da sele\u00e7\u00e3o brasileira de futebol. Espera-se para ainda hoje o an\u00fancio do nome do pr\u00f3ximo t\u00e9cnico, provavelmente Tite, que atualmente treina o Corinthians.<\/p>\n<p>A not\u00edcia, que j\u00e1 era esperada depois que o Brasil foi derrotado pelo Peru e desclassificado na Copa Am\u00e9rica, foi confirmada em uma nota curta divulgada pela CBF. O coordenador de Sele\u00e7\u00f5es, Gilmar Rinaldi, e toda a equipe de Dunga tamb\u00e9m deixam os cargos.<\/p>\n<p>Dunga treinou a sele\u00e7\u00e3o brasileira de 2006 a 2010 e de 2014 a 2016 e a sele\u00e7\u00e3o ol\u00edmpica em 2008.<\/p>\n<p>A \u00edntegra da nota \u00e9 a seguinte: <em>&#8220;A Confedera\u00e7\u00e3o Brasileira de Futebol comunica que decidiu, nesta ter\u00e7a-feira, dissolver a comiss\u00e3o t\u00e9cnica da sele\u00e7\u00e3o brasileira. Deixam os cargos o coordenador de Sele\u00e7\u00f5es, Gilmar Rinaldi, o t\u00e9cnico Dunga e toda a sua equipe. A decis\u00e3o foi tomada em comum acordo durante reuni\u00e3o nesta tarde e, a partir de agora, a CBF inicia o processo de escolha da nova comiss\u00e3o t\u00e9cnica da Sele\u00e7\u00e3o Brasileira. A CBF agradece a dedica\u00e7\u00e3o, a seriedade e o empenho da equipe durante a realiza\u00e7\u00e3o do trabalho.&#8221;<\/em><\/p>\n<p><img decoding=\"async\" src=\"http:\/\/aconteceunovale.com.br\/portal\/wp-content\/uploads\/2016\/06\/dunga_demitido.jpeg\" alt=\"\" \/><em>Dunga n\u00e3o \u00e9 mais t\u00e9cnico da sele\u00e7\u00e3o brasileira (Foto: Rafael Ribeiro \/ CBF)<\/em><br \/>\n<\/br><\/p>\n<p><em>(Ag\u00eancia Brasil)<\/em><\/p>\n","protected":false},"excerpt":{"rendered":"<p>A Confedera\u00e7\u00e3o Brasileira de Futebol (CBF) anunciou nesta ter\u00e7a-feira (14\/6) que Dunga n\u00e3o \u00e9 mais o t\u00e9cnico da sele\u00e7\u00e3o brasileira de futebol. Espera-se para ainda hoje o an\u00fancio do nome do pr\u00f3ximo t\u00e9cnico, provavelmente Tite, que atualmente treina o Corinthians. A not\u00edcia, que j\u00e1 era esperada depois que o Brasil foi derrotado pelo Peru e [&hellip;]<\/p>\n","protected":false},"author":1,"featured_media":89236,"comment_status":"open","ping_status":"closed","sticky":false,"template":"","format":"standard","meta":{"amp_status":"","footnotes":""},"categories":[6,59],"tags":[99113,35902,99109,35901,50809,15896,1018,14079,99110,99111,99115,99114,15466,99112],"class_list":["post-89235","post","type-post","status-publish","format-standard","has-post-thumbnail","hentry","category-br","category-sports","tag-brasil-foi-derrotado-pelo-peru-e-desclassificado-na-copa-america","tag-cbf","tag-cbf-demite-dunga","tag-confederacao-brasileira-de-futebol","tag-copa-america","tag-corinthians","tag-destaque","tag-dunga","tag-dunga-e-demitido","tag-dunga-nao-e-mais-o-tecnico-da-selecao-brasileira-de-futebol","tag-dunga-nao-e-mais-tecnico-da-selecao-brasileira","tag-dunga-nao-e-mais-tecnico-da-selecao-e-tite-deve-ser-anunciado","tag-selecao-brasileira","tag-tite"],"_links":{"self":[{"href":"https:\/\/aconteceunovale.com.br\/portal\/index.php?rest_route=\/wp\/v2\/posts\/89235","targetHints":{"allow":["GET"]}}],"collection":[{"href":"https:\/\/aconteceunovale.com.br\/portal\/index.php?rest_route=\/wp\/v2\/posts"}],"about":[{"href":"https:\/\/aconteceunovale.com.br\/portal\/index.php?rest_route=\/wp\/v2\/types\/post"}],"author":[{"embeddable":true,"href":"https:\/\/aconteceunovale.com.br\/portal\/index.php?rest_route=\/wp\/v2\/users\/1"}],"replies":[{"embeddable":true,"href":"https:\/\/aconteceunovale.com.br\/portal\/index.php?rest_route=%2Fwp%2Fv2%2Fcomments&post=89235"}],"version-history":[{"count":0,"href":"https:\/\/aconteceunovale.com.br\/portal\/index.php?rest_route=\/wp\/v2\/posts\/89235\/revisions"}],"wp:featuredmedia":[{"embeddable":true,"href":"https:\/\/aconteceunovale.com.br\/portal\/index.php?rest_route=\/wp\/v2\/media\/89236"}],"wp:attachment":[{"href":"https:\/\/aconteceunovale.com.br\/portal\/index.php?rest_route=%2Fwp%2Fv2%2Fmedia&parent=89235"}],"wp:term":[{"taxonomy":"category","embeddable":true,"href":"https:\/\/aconteceunovale.com.br\/portal\/index.php?rest_route=%2Fwp%2Fv2%2Fcategories&post=89235"},{"taxonomy":"post_tag","embeddable":true,"href":"https:\/\/aconteceunovale.com.br\/portal\/index.php?rest_route=%2Fwp%2Fv2%2Ftags&post=89235"}],"curies":[{"name":"wp","href":"https:\/\/api.w.org\/{rel}","templated":true}]}}