{"id":89063,"date":"2016-06-12T22:19:40","date_gmt":"2016-06-13T01:19:40","guid":{"rendered":"http:\/\/aconteceunovale.com.br\/portal\/?p=89063"},"modified":"2016-06-12T22:19:40","modified_gmt":"2016-06-13T01:19:40","slug":"onze-orgaos-publicos-abrem-inscricoes-para-948-vagas-nesta-segunda-feira","status":"publish","type":"post","link":"https:\/\/aconteceunovale.com.br\/portal\/?p=89063","title":{"rendered":"Onze \u00f3rg\u00e3os p\u00fablicos abrem inscri\u00e7\u00f5es para 948 vagas nesta segunda-feira"},"content":{"rendered":"<p>Pelo menos 11 \u00f3rg\u00e3os abrem inscri\u00e7\u00f5es de concursos p\u00fablicos, na segunda-feira (13\/6), para 948 vagas e forma\u00e7\u00e3o de cadastro de reserva em cargos de n\u00edveis fundamental, m\u00e9dio\/ t\u00e9cnico e superior. Na modalidade de forma\u00e7\u00e3o de cadastro de reserva, os candidatos aprovados s\u00e3o chamados conforme a abertura de vagas durante a validade do concurso.<\/p>\n<p>Os sal\u00e1rios chegam a R$ 17 mil na Prefeitura de S\u00e3o Jos\u00e9 do Serid\u00f3 (RN). Somente no Departamento de Estradas, Rodagens, Infraestrutura e Servi\u00e7os P\u00fablicos de Rond\u00f4nia (DER\/RO) s\u00e3o 388 vagas.<\/p>\n<p><strong>Ag\u00eancia Estadual de Defesa Agropecu\u00e1ria da Bahia (ADAB)<\/strong><\/p>\n<p>A Ag\u00eancia Estadual de Defesa Agropecu\u00e1ria da Bahia (ADAB) vai abrir processo seletivo para 118 vagas em cargos de n\u00edvel m\u00e9dio. O sal\u00e1rio \u00e9 de R$ 1.421,49, considerando a gratifica\u00e7\u00e3o. As inscri\u00e7\u00f5es devem ser feitas pelo site www.selecaoreda.abad.ba.gov.br de 13 a 17 de junho. A sele\u00e7\u00e3o ser\u00e1 feita por meio de an\u00e1lise curricular\u00a0<a href=\"http:\/\/www.adab.ba.gov.br\/2016\/06\/1230\/Selecao-de-pessoal-da-ADAB-comeca-na-segunda-feira.html\" target=\"_blank\">(veja o edital no site da ADAB)<\/a>.<\/p>\n<p><strong>Companhia Brasileira de Trens Urbanos (CBTU)<\/strong><\/p>\n<p>A Companhia Brasileira de Trens Urbanos (CBTU), vinculada ao Minist\u00e9rio das Cidades e a Superintend\u00eancia Regional de Trens Urbanos de Belo Horizonte, vai abrir concurso p\u00fablico para forma\u00e7\u00e3o de cadastro de reserva em cargos de n\u00edvel m\u00e9dio. Os sal\u00e1rios v\u00e3o de R$ 1.487,03 a R$ 2.994,13. Os candidatos podem se inscrever de 13 de junho a 7 de julho pelo site www.fumarc.com.br. Todos ser\u00e3o avaliados por meio de prova objetiva\u00a0<a href=\"http:\/\/www.fumarc.com.br\/concursos\/detalhe\/nivel-medio-medio-tecnico\/96\" target=\"_blank\">(veja o edital no site da organizadora)<\/a>.<\/p>\n<p><strong>Departamento de Estradas, Rodagens, Infraestrutura e Servi\u00e7os P\u00fablicos de Rond\u00f4nia<\/strong><\/p>\n<p>O Departamento de Estradas, Rodagens, Infraestrutura e Servi\u00e7os P\u00fablicos de Rond\u00f4nia vai abrir processo seletivo para 388 vagas em cargos de n\u00edvel fundamental. Os sal\u00e1rios v\u00e3o de R$ 865,32 a R$ 954,40. As inscri\u00e7\u00f5es estar\u00e3o abertas de 13 a 19 de junho pelo site www.der.ro.gov.br. A sele\u00e7\u00e3o ser\u00e1 feita por meio de prova pr\u00e1tica, avalia\u00e7\u00e3o de t\u00edtulos e prova de aptid\u00e3o f\u00edsica\u00a0<a href=\"http:\/\/www.diof.ro.gov.br\/data\/uploads\/2016\/06\/Doe-09_06_2016.pdf\" target=\"_blank\">(veja o edital no Di\u00e1rio Oficial de Rond\u00f4nia &#8211; edi\u00e7\u00e3o de 9 de junho)<\/a>.<\/p>\n<p><strong>Prefeitura de Catigu\u00e1 (SP)<\/strong><\/p>\n<p>A Prefeitura de Catigu\u00e1 (SP) vai abrir concurso para 14 vagas em cargos de n\u00edvel superior. As remunera\u00e7\u00f5es v\u00e3o de R$ 10,68 por hora\/aula a R$ 2.341,93. As inscri\u00e7\u00f5es podem ser feitas de 13 a 17 de junho na prefeitura, localizada na Avenida Jos\u00e9 Zancaner, das 9h \u00e0s 11h e das 13h \u00e0s 16h. A prova ser\u00e1 aplicada na data prov\u00e1vel de 26 de junho\u00a0<a href=\"http:\/\/catigua.sp.gov.br\/home\/index.php?id=concurso-publico-2016\" target=\"_blank\">(veja o edital no site da prefeitura)<\/a>.<\/p>\n<p><strong>Prefeitura de Guanh\u00e3es (MG)<\/strong><\/p>\n<p>A Prefeitura de Guanh\u00e3es (MG) vai abrir processo seletivo para 92 vagas e forma\u00e7\u00e3o de cadastro de reserva em cargos de n\u00edveis fundamental, m\u00e9dio\/t\u00e9cnico e superior. Os sal\u00e1rios chegam a R$ 11 mil. As inscri\u00e7\u00f5es devem ser feitas na secretaria de cultura &#8211; casa de cultura Laet Berto, localizada na Pra\u00e7a JK, 205, das 12h \u00e0s 17h, de 13 a 15 de junho. A prova est\u00e1 prevista para o dia 19 de junho\u00a0<a href=\"http:\/\/www.guanhaes.mg.gov.br\/\" target=\"_blank\">(veja o edital no site da prefeitura)<\/a>.<\/p>\n<p><strong>Prefeitura de Ibitirama (ES)<\/strong><\/p>\n<p>A Prefeitura de Ibitirama (ES) far\u00e1 processo seletivo para 4 vagas em cargos de n\u00edveis m\u00e9dio e superior. As remunera\u00e7\u00f5es variam de R$ 880 a R$ 4.500. As inscri\u00e7\u00f5es podem ser feitas nos dias 13 e 14 de junho na sede da prefeitura, localizada na Rua An\u00edzio Ferreira Silva, s\/n\u00ba, das 8h \u00e0s 12h. A sele\u00e7\u00e3o ser\u00e1 feita por meio de an\u00e1lise curricular\u00a0<a href=\"http:\/\/www.ibitirama.es.gov.br\/default.asp\" target=\"_blank\">(veja o edital no site da prefeitura)<\/a>.<\/p>\n<p><strong>Prefeitura de Lebon R\u00e9gis (SC)<\/strong><\/p>\n<p>A Prefeitura de Lebon R\u00e9gis (SC) divulgou edital de concurso p\u00fablico para 24 vagas em cargos de todos os n\u00edveis de escolaridade. Os sal\u00e1rios v\u00e3o de R$ 880 a R$ 15.128,27. Os candidatos podem se inscrever de 13 de junho a 12 de julho pelo site www.ibam-concursos.org.br. A prova ser\u00e1 aplicada na data prov\u00e1vel de 7 de agosto\u00a0<a href=\"http:\/\/www.ibam-concursos.org.br\/documento.asp?cod=7\" target=\"_blank\">(veja o edital no site da organizadora)<\/a>.<\/p>\n<p><strong>Prefeitura de Rio Claro (SP)<\/strong><\/p>\n<p>A Prefeitura de Rio Claro (SP) vai abrir tr\u00eas concursos para um total de 43 vagas em cargos de n\u00edvel superior. Os sal\u00e1rios chegam a R$ 3.940,46. Os candidatos podem se inscrever pelo site www.vunesp.com.br de 13 de junho a 15 de julho. Todos os inscritos ser\u00e3o avaliados por meio de prova objetiva, que ser\u00e1 aplicada em 28 de agosto\u00a0<a href=\"http:\/\/www.vunesp.com.br\/\" target=\"_blank\">(veja o edital no site da organizadora)<\/a>.<\/p>\n<p><strong>Prefeitura de S\u00e3o Jos\u00e9 do Serid\u00f3 (RN)<\/strong><\/p>\n<p>A Prefeitura de S\u00e3o Jos\u00e9 do Serid\u00f3 (RN) far\u00e1 processo seletivo para 15 vagas em cargos de todos os n\u00edveis de escolaridade. Os sal\u00e1rios chegam a R$ 17 mil. As inscri\u00e7\u00f5es podem ser feitas de 13 a 15 de junho na sede da prefeitura, localizada na Rua Vicente Pereira, 87, das 7h \u00e0s 12h. A sele\u00e7\u00e3o ser\u00e1 feita por meio de an\u00e1lise curricular\u00a0<a href=\"http:\/\/saojosedoserido.rn.gov.br\/wp-content\/uploads\/2016\/06\/Edital-001-2016.pdf\" target=\"_blank\">(veja o edital no site da prefeitura)<\/a>.<\/p>\n<p><strong>Prefeitura de Tr\u00eas Cora\u00e7\u00f5es (MG)<\/strong><\/p>\n<p>A Prefeitura de Tr\u00eas Cora\u00e7\u00f5es (MG) retificou novamente o prazo de inscri\u00e7\u00f5es do concurso para 162 vagas em cargos de todos os n\u00edveis de escolaridade. Agora, os candidatos podem se inscrever de 13 de junho a 12 de julho pelo site www.institutoexcelenciapr.com.br. As remunera\u00e7\u00f5es v\u00e3o de R$ 980,18 a R$ 1.909,51. A sele\u00e7\u00e3o ser\u00e1 feita por meio de prova objetiva e de t\u00edtulos, de acordo com o cargo\u00a0<a href=\"http:\/\/www.institutoexcelenciapr.com.br\/?pag=mco&amp;id=22\" target=\"_blank\">(veja o edital no site da organizadora)<\/a>.<\/p>\n<p><strong>Prefeitura de Vi\u00e7osa (MG)<\/strong><\/p>\n<p>A Prefeitura de Vi\u00e7osa (MG) lan\u00e7ou processo seletivo para 88 vagas\u00a0em cargos de n\u00edveis fundamental, m\u00e9dio\/ t\u00e9cnico e superior. As remunera\u00e7\u00f5es variam de R$ 788 a R$ 3.832,30. As inscri\u00e7\u00f5es ser\u00e3o abertas de 13 de junho a 15 de julho pelo site www.sistemaconcursos.com.br. A prova objetiva est\u00e1 prevista para o dia 14 de agosto. A sele\u00e7\u00e3o ter\u00e1 validade de 1 ano e poder\u00e1 ser prorrogada, uma vez, pelo mesmo per\u00edodo\u00a0<a href=\"http:\/\/www.sistemaconcursos.com.br\/index\/visualizar\/9\" target=\"_blank\">(veja o edital no site da organizadora)<\/a>.<\/p>\n<p><em>(Fonte: G1 Economia \/ Concursos e Emprego)<\/em><\/p>\n","protected":false},"excerpt":{"rendered":"<p>Pelo menos 11 \u00f3rg\u00e3os abrem inscri\u00e7\u00f5es de concursos p\u00fablicos, na segunda-feira (13\/6), para 948 vagas e forma\u00e7\u00e3o de cadastro de reserva em cargos de n\u00edveis fundamental, m\u00e9dio\/ t\u00e9cnico e superior. Na modalidade de forma\u00e7\u00e3o de cadastro de reserva, os candidatos aprovados s\u00e3o chamados conforme a abertura de vagas durante a validade do concurso. Os sal\u00e1rios [&hellip;]<\/p>\n","protected":false},"author":1,"featured_media":13951,"comment_status":"open","ping_status":"closed","sticky":false,"template":"","format":"standard","meta":{"amp_status":"","footnotes":""},"categories":[6,40237,40236,123],"tags":[98705,98703,98713,68484,68483,98706,98704,98708,98707,98710,98712,60836,98715,98718,98721,98723,97718,98726,98709,1018,155,98716,98719,98727,98711,1180,98714,98717,98720,98722,97717,98725,2757,98724,1507,18771],"class_list":["post-89063","post","type-post","status-publish","format-standard","has-post-thumbnail","hentry","category-br","category-concursos","category-empregos-2","category-gerais","tag-adab","tag-agencia-estadual-de-defesa-agropecuaria-da-bahia","tag-catigua","tag-cbtu","tag-companhia-brasileira-de-trens-urbanos","tag-concurso-adab","tag-concurso-agencia-estadual-de-defesa-agropecuaria-da-bahia","tag-concurso-cbtu","tag-concurso-companhia-brasileira-de-trens-urbanos","tag-concurso-der-rondonia","tag-concurso-prefeitura-de-catigua","tag-concurso-prefeitura-de-guanhaes","tag-concurso-prefeitura-de-ibitirama","tag-concurso-prefeitura-de-lebon-regis","tag-concurso-prefeitura-de-rio-claro","tag-concurso-prefeitura-de-sao-jose-do-serido","tag-concurso-prefeitura-de-tres-coracoes","tag-concurso-prefeitura-de-vicosa","tag-der-rondonia","tag-destaque","tag-guanhaes","tag-ibitirama","tag-lebon-regis","tag-onze-orgaos-publicos-abrem-inscricoes-para-948-vagas-nesta-segunda-feira","tag-prefeitura-de-catigua","tag-prefeitura-de-guanhaes","tag-prefeitura-de-ibitirama","tag-prefeitura-de-lebon-regis","tag-prefeitura-de-rio-claro","tag-prefeitura-de-sao-jose-do-serido","tag-prefeitura-de-tres-coracoes","tag-prefeitura-de-vicosa","tag-rio-claro","tag-sao-jose-do-serido","tag-tres-coracoes","tag-vicosa"],"_links":{"self":[{"href":"https:\/\/aconteceunovale.com.br\/portal\/index.php?rest_route=\/wp\/v2\/posts\/89063","targetHints":{"allow":["GET"]}}],"collection":[{"href":"https:\/\/aconteceunovale.com.br\/portal\/index.php?rest_route=\/wp\/v2\/posts"}],"about":[{"href":"https:\/\/aconteceunovale.com.br\/portal\/index.php?rest_route=\/wp\/v2\/types\/post"}],"author":[{"embeddable":true,"href":"https:\/\/aconteceunovale.com.br\/portal\/index.php?rest_route=\/wp\/v2\/users\/1"}],"replies":[{"embeddable":true,"href":"https:\/\/aconteceunovale.com.br\/portal\/index.php?rest_route=%2Fwp%2Fv2%2Fcomments&post=89063"}],"version-history":[{"count":0,"href":"https:\/\/aconteceunovale.com.br\/portal\/index.php?rest_route=\/wp\/v2\/posts\/89063\/revisions"}],"wp:featuredmedia":[{"embeddable":true,"href":"https:\/\/aconteceunovale.com.br\/portal\/index.php?rest_route=\/wp\/v2\/media\/13951"}],"wp:attachment":[{"href":"https:\/\/aconteceunovale.com.br\/portal\/index.php?rest_route=%2Fwp%2Fv2%2Fmedia&parent=89063"}],"wp:term":[{"taxonomy":"category","embeddable":true,"href":"https:\/\/aconteceunovale.com.br\/portal\/index.php?rest_route=%2Fwp%2Fv2%2Fcategories&post=89063"},{"taxonomy":"post_tag","embeddable":true,"href":"https:\/\/aconteceunovale.com.br\/portal\/index.php?rest_route=%2Fwp%2Fv2%2Ftags&post=89063"}],"curies":[{"name":"wp","href":"https:\/\/api.w.org\/{rel}","templated":true}]}}