{"id":89055,"date":"2016-06-12T21:25:36","date_gmt":"2016-06-13T00:25:36","guid":{"rendered":"http:\/\/aconteceunovale.com.br\/portal\/?p=89055"},"modified":"2016-06-12T21:25:36","modified_gmt":"2016-06-13T00:25:36","slug":"detentos-destroem-celas-durante-motim-na-penitenciaria-de-governador-valadares","status":"publish","type":"post","link":"https:\/\/aconteceunovale.com.br\/portal\/?p=89055","title":{"rendered":"Detentos destroem celas durante motim na penitenci\u00e1ria de Governador Valadares"},"content":{"rendered":"<p>Quinze presos destru\u00edram na noite do \u00faltimo s\u00e1bado (11\/6) parte das celas de cinco pavilh\u00f5es da Penitenci\u00e1ria de Francisco Floriano de Paula, em Governador Valadares, na regi\u00e3o do Rio Doce. O tumulto aconteceu no mesmo dia em que agentes penitenci\u00e1rios de Minas Gerais decidiram por voltar aos trabalhos ap\u00f3s iniciarem uma greve na \u00faltima sexta-feira (10\/6) em todo o Estado. N\u00e3o houve uso de armas e nenhum detento ficou ferido, de acordo com a Secretaria de Estado de Defesa Social (Seds).<\/p>\n<p>O motim se encerrou na madrugada deste domingo (12\/6), por volta das 3h40. Segundo a Seds, \u201cos presos permaneceram dentro das celas e foram contidos pelo di\u00e1logo persistente promovido pela dire\u00e7\u00e3o da penitenci\u00e1ria ao longo da noite\u201d. Ainda conforme a Seds, \u201cn\u00e3o foi necess\u00e1rio o apoio direto da Pol\u00edcia Militar, que ficou de sobreaviso na parte externa da unidade\u201d.<\/p>\n<p>No come\u00e7o da manh\u00e3 deste domingo (12\/6), depois de opera\u00e7\u00e3o de revista e limpeza, os detentos foram reconduzidos para as celas. A penitenci\u00e1ria realiza normalmente as visitas de parentes neste domingo (12\/6).<\/p>\n<p><strong>Entenda<\/strong><\/p>\n<p>Ap\u00f3s receber uma notifica\u00e7\u00e3o da Justi\u00e7a com um valor de multa de R$ 500 mil, por dia, caso n\u00e3o encerrassem a greve, a categoria dos agentes penitenci\u00e1rios de Minas Gerais optou por voltar aos trabalhos na noite deste s\u00e1bado (11\/6).<\/p>\n<p>Com isso, as visitas est\u00e3o normalizadas em todos os pres\u00eddios do Estado neste domingo (12\/6), segundo o presidente do Sindicato dos Agentes de Seguran\u00e7a Penitenci\u00e1ria de Minas Gerais (Sindasp), Daniel Anuncia\u00e7\u00e3o. &#8220;N\u00e3o vamos ficar na ilegalidade. Recebemos a notifica\u00e7\u00e3o e vamos voltar ao trabalho&#8221;, disse.<\/p>\n<p>\u00c0s 14h desta segunda-feira (13\/6), a categoria ter\u00e1 uma audi\u00eancia de tentativa de concilia\u00e7\u00e3o com o governo no Tribunal de Justi\u00e7a. Simultaneamente, uma assembleia ser\u00e1 realizada no p\u00e1tio da Assembleia Legislativa de Minas Gerais (ALMG) para decidir sobre os rumos do movimento.<\/p>\n<p><img decoding=\"async\" src=\"http:\/\/aconteceunovale.com.br\/portal\/wp-content\/uploads\/2016\/06\/paca_gv.jpg\" alt=\"\" \/><em>Detentos fazem motim na penitenci\u00e1ria de Governador Valadares (Foto: Divulga\u00e7\u00e3o)<\/em><br \/>\n<\/br><\/p>\n<p><em>(Fonte: O Tempo \/ Rep\u00f3rter: Lisley Alvarenga)<\/em><\/p>\n","protected":false},"excerpt":{"rendered":"<p>Quinze presos destru\u00edram na noite do \u00faltimo s\u00e1bado (11\/6) parte das celas de cinco pavilh\u00f5es da Penitenci\u00e1ria de Francisco Floriano de Paula, em Governador Valadares, na regi\u00e3o do Rio Doce. O tumulto aconteceu no mesmo dia em que agentes penitenci\u00e1rios de Minas Gerais decidiram por voltar aos trabalhos ap\u00f3s iniciarem uma greve na \u00faltima sexta-feira [&hellip;]<\/p>\n","protected":false},"author":1,"featured_media":89056,"comment_status":"open","ping_status":"closed","sticky":false,"template":"","format":"standard","meta":{"amp_status":"","footnotes":""},"categories":[121],"tags":[98687,98686,98685,247,98683,89999,89994,98682,98684,89997],"class_list":["post-89055","post","type-post","status-publish","format-standard","has-post-thumbnail","hentry","category-leste","tag-detentos-destroem-celas-durante-motim-na-penitenciaria-de-governador-valadares","tag-detentos-destroem-parte-das-celas-da-penitenciaria-em-governador-valadares","tag-detentos-fazem-motim-na-penitenciaria-de-governador-valadares","tag-governador-valadares","tag-motim-na-penitenciaria-de-francisco-floriano-de-paula","tag-motim-paca","tag-paca","tag-penitenciaria-de-francisco-floriano-de-paula","tag-rebeliao-na-penitenciaria-de-francisco-floriano-de-paula","tag-rebeliao-paca"],"_links":{"self":[{"href":"https:\/\/aconteceunovale.com.br\/portal\/index.php?rest_route=\/wp\/v2\/posts\/89055","targetHints":{"allow":["GET"]}}],"collection":[{"href":"https:\/\/aconteceunovale.com.br\/portal\/index.php?rest_route=\/wp\/v2\/posts"}],"about":[{"href":"https:\/\/aconteceunovale.com.br\/portal\/index.php?rest_route=\/wp\/v2\/types\/post"}],"author":[{"embeddable":true,"href":"https:\/\/aconteceunovale.com.br\/portal\/index.php?rest_route=\/wp\/v2\/users\/1"}],"replies":[{"embeddable":true,"href":"https:\/\/aconteceunovale.com.br\/portal\/index.php?rest_route=%2Fwp%2Fv2%2Fcomments&post=89055"}],"version-history":[{"count":0,"href":"https:\/\/aconteceunovale.com.br\/portal\/index.php?rest_route=\/wp\/v2\/posts\/89055\/revisions"}],"wp:featuredmedia":[{"embeddable":true,"href":"https:\/\/aconteceunovale.com.br\/portal\/index.php?rest_route=\/wp\/v2\/media\/89056"}],"wp:attachment":[{"href":"https:\/\/aconteceunovale.com.br\/portal\/index.php?rest_route=%2Fwp%2Fv2%2Fmedia&parent=89055"}],"wp:term":[{"taxonomy":"category","embeddable":true,"href":"https:\/\/aconteceunovale.com.br\/portal\/index.php?rest_route=%2Fwp%2Fv2%2Fcategories&post=89055"},{"taxonomy":"post_tag","embeddable":true,"href":"https:\/\/aconteceunovale.com.br\/portal\/index.php?rest_route=%2Fwp%2Fv2%2Ftags&post=89055"}],"curies":[{"name":"wp","href":"https:\/\/api.w.org\/{rel}","templated":true}]}}