{"id":89048,"date":"2016-06-12T21:06:06","date_gmt":"2016-06-13T00:06:06","guid":{"rendered":"http:\/\/aconteceunovale.com.br\/portal\/?p=89048"},"modified":"2016-06-12T21:06:06","modified_gmt":"2016-06-13T00:06:06","slug":"monte-verde-bate-o-recorde-de-frio-do-ano-em-minas-gerais-com-26oc","status":"publish","type":"post","link":"https:\/\/aconteceunovale.com.br\/portal\/?p=89048","title":{"rendered":"Monte Verde bate o recorde de frio do ano em Minas Gerais com -2,6\u00baC"},"content":{"rendered":"<p>Para deixar o domingo do Dias dos Namorados mais rom\u00e2ntico, nada melhor que um friozinho. Pelo terceiro dia consecutivo, Monte Verde, o distrito de Camanducaia, Sul de Minas, bateu o recorde de temperatura do ano em Minas Gerais. Os term\u00f4metros da cidade atingiram a marca de -2,6 \u00baC, superando -1,3 \u00baC desse s\u00e1bado. Belo Horizonte tamb\u00e9m se aproximou da menor temperatura. Na Esta\u00e7\u00e3o Cercadinho, na Regi\u00e3o Centro-Sul da capital mineira, os moradores tiveram de conviver com um frio de 11,9\u00baC. A menor do ano na cidade foi em 2 de maio, com 11,5\u00ba. <\/p>\n<p>Moradores e turistas que est\u00e3o em Monte Verde, conviveram com geada na manh\u00e3 deste domingo. Montanhas e a vegeta\u00e7\u00e3o do distrito foram cobertas pelo gelo, que deixou a paisagem com uma cor branca. Foi o terceiro dia seguido que acontece esse fen\u00f4meno e que a cidade tem o recorde de menor temperatura do ano.<\/p>\n<p>O decl\u00ednio da temperatura acontece por causa de uma massa de ar polar que est\u00e1 em Minas Gerais, que tem como caracter\u00edstica o clima frio e tempo inst\u00e1vel. Essa massa se aproximou do Brasil no inicio da \u00faltima semana e se intensificou no Sul de Minas na quinta-feira. Segundo meteorologistas, esse \u00e9 um aspecto comum do final do outono e inicio do inverno, que come\u00e7a no dia 20 de junho. <\/p>\n<p>Belo Horizonte tamb\u00e9m j\u00e1 convive com o frio. A Coordenadoria Municipal de Defesa Civil (Comdec) emitiu um alerta para a queda brusca de temperatura at\u00e9 ter\u00e7a-feira. Na madrugada deste domingo, os term\u00f4metros atingiram 11,9\u00baC, dois a menos do que a m\u00ednima registrada no s\u00e1bado. Com a presen\u00e7a dos ventos, a sensa\u00e7\u00e3o t\u00e9rmica ser\u00e1 ainda mais baixa nos pr\u00f3ximos dias.<\/p>\n<p><img decoding=\"async\" src=\"http:\/\/aconteceunovale.com.br\/portal\/wp-content\/uploads\/2016\/06\/frio_monte_verde_1.jpg\" alt=\"\" \/><em>Geada mudou a paisagem no distrito de Monte Verde (Foto: Divulga\u00e7\u00e3o\/Guia Monte Verde)<\/em><br \/>\n<\/br><\/p>\n<p><img decoding=\"async\" src=\"http:\/\/aconteceunovale.com.br\/portal\/wp-content\/uploads\/2016\/06\/frio_monte_verde_2.jpg\" alt=\"\" \/><em>Geada mudou a paisagem no distrito de Monte Verde (Foto: Divulga\u00e7\u00e3o\/Guia Monte Verde)<\/em><br \/>\n<\/br><\/p>\n<p><img decoding=\"async\" src=\"http:\/\/aconteceunovale.com.br\/portal\/wp-content\/uploads\/2016\/06\/frio_monte_verde_3.jpg\" alt=\"\" \/><em>Geada mudou a paisagem no distrito de Monte Verde (Foto: Divulga\u00e7\u00e3o\/Guia Monte Verde)<\/em><br \/>\n<\/br><\/p>\n<p><img decoding=\"async\" src=\"http:\/\/aconteceunovale.com.br\/portal\/wp-content\/uploads\/2016\/06\/frio_monte_verde_4.jpg\" alt=\"\" \/><em>Geada mudou a paisagem no distrito de Monte Verde (Foto: Divulga\u00e7\u00e3o\/Guia Monte Verde)<\/em><br \/>\n<\/br><\/p>\n<p><img decoding=\"async\" src=\"http:\/\/aconteceunovale.com.br\/portal\/wp-content\/uploads\/2016\/06\/frio_monte_verde_5.jpg\" alt=\"\" \/><em>Geada mudou a paisagem no distrito de Monte Verde (Foto: Divulga\u00e7\u00e3o\/Guia Monte Verde)<\/em><br \/>\n<\/br><\/p>\n<p><em>(Fonte: Estado de Minas \/ Rep\u00f3rter: Jo\u00e3o Henrique do Vale)<\/em><\/p>\n","protected":false},"excerpt":{"rendered":"<p>Para deixar o domingo do Dias dos Namorados mais rom\u00e2ntico, nada melhor que um friozinho. Pelo terceiro dia consecutivo, Monte Verde, o distrito de Camanducaia, Sul de Minas, bateu o recorde de temperatura do ano em Minas Gerais. Os term\u00f4metros da cidade atingiram a marca de -2,6 \u00baC, superando -1,3 \u00baC desse s\u00e1bado. Belo Horizonte [&hellip;]<\/p>\n","protected":false},"author":1,"featured_media":89052,"comment_status":"open","ping_status":"closed","sticky":false,"template":"","format":"standard","meta":{"amp_status":"","footnotes":""},"categories":[123],"tags":[1543,1018,98680,98675,51410,98681,98679,98677,98678,98676],"class_list":["post-89048","post","type-post","status-publish","format-standard","has-post-thumbnail","hentry","category-gerais","tag-camanducaia","tag-destaque","tag-frio-em-camanducaia","tag-frio-em-monte-verde","tag-monte-verde","tag-monte-verde-bate-o-recorde-de-frio-do-ano-em-minas-gerais-com-2-6oc","tag-temperatura-abaixo-de-zero-em-camanducaia","tag-temperatura-abaixo-de-zero-em-monte-verde","tag-temperatura-negativa-em-camanducaia","tag-temperatura-negativa-em-monte-verde"],"_links":{"self":[{"href":"https:\/\/aconteceunovale.com.br\/portal\/index.php?rest_route=\/wp\/v2\/posts\/89048","targetHints":{"allow":["GET"]}}],"collection":[{"href":"https:\/\/aconteceunovale.com.br\/portal\/index.php?rest_route=\/wp\/v2\/posts"}],"about":[{"href":"https:\/\/aconteceunovale.com.br\/portal\/index.php?rest_route=\/wp\/v2\/types\/post"}],"author":[{"embeddable":true,"href":"https:\/\/aconteceunovale.com.br\/portal\/index.php?rest_route=\/wp\/v2\/users\/1"}],"replies":[{"embeddable":true,"href":"https:\/\/aconteceunovale.com.br\/portal\/index.php?rest_route=%2Fwp%2Fv2%2Fcomments&post=89048"}],"version-history":[{"count":0,"href":"https:\/\/aconteceunovale.com.br\/portal\/index.php?rest_route=\/wp\/v2\/posts\/89048\/revisions"}],"wp:featuredmedia":[{"embeddable":true,"href":"https:\/\/aconteceunovale.com.br\/portal\/index.php?rest_route=\/wp\/v2\/media\/89052"}],"wp:attachment":[{"href":"https:\/\/aconteceunovale.com.br\/portal\/index.php?rest_route=%2Fwp%2Fv2%2Fmedia&parent=89048"}],"wp:term":[{"taxonomy":"category","embeddable":true,"href":"https:\/\/aconteceunovale.com.br\/portal\/index.php?rest_route=%2Fwp%2Fv2%2Fcategories&post=89048"},{"taxonomy":"post_tag","embeddable":true,"href":"https:\/\/aconteceunovale.com.br\/portal\/index.php?rest_route=%2Fwp%2Fv2%2Ftags&post=89048"}],"curies":[{"name":"wp","href":"https:\/\/api.w.org\/{rel}","templated":true}]}}