{"id":89040,"date":"2016-06-12T20:51:06","date_gmt":"2016-06-12T23:51:06","guid":{"rendered":"http:\/\/aconteceunovale.com.br\/portal\/?p=89040"},"modified":"2016-06-12T20:51:06","modified_gmt":"2016-06-12T23:51:06","slug":"38-municipios-de-santa-catarina-tem-temperaturas-abaixo-de-zero-durante-a-madrugada","status":"publish","type":"post","link":"https:\/\/aconteceunovale.com.br\/portal\/?p=89040","title":{"rendered":"38 munic\u00edpios de Santa Catarina t\u00eam temperaturas abaixo de zero durante a madrugada"},"content":{"rendered":"<p>A massa de ar seco e frio que tem mantido as temperaturas da regi\u00e3o Sul e de grande parte do Sudeste e do Centro-Oeste abaixo da m\u00e9dia do per\u00edodo, desde a semana passada, deve continuar forte hoje (12\/6) e amanh\u00e3, conforme previs\u00e3o do Centro de Previs\u00e3o de Tempo e Estudos Clim\u00e1ticos (CPTEC-INPE).<\/p>\n<p>Em Santa Catarina, 38 cidades registraram temperaturas negativas na madrugada deste domingo. Em Florian\u00f3polis, os term\u00f4metros marcaram 1,3\u00baC \u00e0s 6h, a menor temperatura j\u00e1 registrada no m\u00eas de junho na capital. Na regi\u00e3o do Planalto Sul do estado a m\u00ednima prevista para hoje \u00e9 de -6 \u00baC.<\/p>\n<p>De acordo com o Centro de Informa\u00e7\u00f5es sobre Recursos Ambientais e de Hidrometeorologia de Santa Catarina, o ar polar vai manter o frio intenso na regi\u00e3o na madrugada desta segunda-feira, com geada generalizada nas \u00e1reas altas do Oeste ao Planalto e isolada nas demais regi\u00f5es. A previs\u00e3o \u00e9 que a temperatura no estado comece a subir de forma gradativa a partir de ter\u00e7a-feira (14).<\/p>\n<p>No Paran\u00e1, o Sistema Meteorol\u00f3gico do Paran\u00e1 (Simepar) informa que, mesmo com o sol brilhando no estado, na metade sul do Paran\u00e1 a temperatura ainda est\u00e1 abaixo dos 10 \u00baC, e prev\u00ea risco de geada em praticamente todo o estado nesta segunda-feira, com exce\u00e7\u00e3o da regi\u00e3o litor\u00e2nea.<\/p>\n<p><img decoding=\"async\" src=\"http:\/\/aconteceunovale.com.br\/portal\/wp-content\/uploads\/2016\/06\/frio_sc_1.jpg\" alt=\"\" \/><em>Turista aproveitou para curtir o frio em S\u00e3o Joaquim (Foto: Wagner Urbano\/Divulga\u00e7\u00e3o)<\/em><br \/>\n<\/br><\/p>\n<p><img decoding=\"async\" src=\"http:\/\/aconteceunovale.com.br\/portal\/wp-content\/uploads\/2016\/06\/frio_sc_2.jpg\" alt=\"\" \/><em>Cachoeira congelou em Urupema, em SC (Foto: Pedro Rockembach\/RBS TV)<\/em><br \/>\n<\/br><\/p>\n<p><img decoding=\"async\" src=\"http:\/\/aconteceunovale.com.br\/portal\/wp-content\/uploads\/2016\/06\/frio_sc_3.jpg\" alt=\"\" \/><em>O frio deixou a vegeta\u00e7\u00e3o coberta de gelo em Urupema (Foto: Pedro Rockembach\/RBSTV)<\/em><br \/>\n<\/br><\/p>\n<p><em>(Fonte: Ag\u00eancia Brasil)<\/em><\/p>\n","protected":false},"excerpt":{"rendered":"<p>A massa de ar seco e frio que tem mantido as temperaturas da regi\u00e3o Sul e de grande parte do Sudeste e do Centro-Oeste abaixo da m\u00e9dia do per\u00edodo, desde a semana passada, deve continuar forte hoje (12\/6) e amanh\u00e3, conforme previs\u00e3o do Centro de Previs\u00e3o de Tempo e Estudos Clim\u00e1ticos (CPTEC-INPE). Em Santa Catarina, [&hellip;]<\/p>\n","protected":false},"author":1,"featured_media":89042,"comment_status":"open","ping_status":"closed","sticky":false,"template":"","format":"standard","meta":{"amp_status":"","footnotes":""},"categories":[6],"tags":[98669,63499,68211,98658,98657,98670,98666,98668,98656,98224,98661,98660,98659,98663,98664,98665,98662,98667,98671],"class_list":["post-89040","post","type-post","status-publish","format-standard","has-post-thumbnail","hentry","category-br","tag-38-municipios-de-santa-catarina-tem-temperaturas-abaixo-de-zero-durante-a-madrugada","tag-centro-oeste","tag-florianopolis","tag-frio-em-florianopolis","tag-frio-em-santa-catarina","tag-frio-em-sao-joaquim","tag-massa-de-ar-seco-e-frio","tag-regiao-sul","tag-santa-catarina-tem-temperaturas-abaixo-de-zero-durante-a-madrugada-em-38-municipios","tag-sudeste","tag-temperatura-abaixo-de-zero-em-florianopolis","tag-temperatura-abaixo-de-zero-em-santa-catarina","tag-temperatura-abaixo-de-zero-no-brasil","tag-temperatura-negativa","tag-temperatura-negativa-em-florianopolis","tag-temperatura-negativa-em-santa-catarina","tag-temperatura-negativa-no-brasil","tag-temperaturas","tag-urupema"],"_links":{"self":[{"href":"https:\/\/aconteceunovale.com.br\/portal\/index.php?rest_route=\/wp\/v2\/posts\/89040","targetHints":{"allow":["GET"]}}],"collection":[{"href":"https:\/\/aconteceunovale.com.br\/portal\/index.php?rest_route=\/wp\/v2\/posts"}],"about":[{"href":"https:\/\/aconteceunovale.com.br\/portal\/index.php?rest_route=\/wp\/v2\/types\/post"}],"author":[{"embeddable":true,"href":"https:\/\/aconteceunovale.com.br\/portal\/index.php?rest_route=\/wp\/v2\/users\/1"}],"replies":[{"embeddable":true,"href":"https:\/\/aconteceunovale.com.br\/portal\/index.php?rest_route=%2Fwp%2Fv2%2Fcomments&post=89040"}],"version-history":[{"count":0,"href":"https:\/\/aconteceunovale.com.br\/portal\/index.php?rest_route=\/wp\/v2\/posts\/89040\/revisions"}],"wp:featuredmedia":[{"embeddable":true,"href":"https:\/\/aconteceunovale.com.br\/portal\/index.php?rest_route=\/wp\/v2\/media\/89042"}],"wp:attachment":[{"href":"https:\/\/aconteceunovale.com.br\/portal\/index.php?rest_route=%2Fwp%2Fv2%2Fmedia&parent=89040"}],"wp:term":[{"taxonomy":"category","embeddable":true,"href":"https:\/\/aconteceunovale.com.br\/portal\/index.php?rest_route=%2Fwp%2Fv2%2Fcategories&post=89040"},{"taxonomy":"post_tag","embeddable":true,"href":"https:\/\/aconteceunovale.com.br\/portal\/index.php?rest_route=%2Fwp%2Fv2%2Ftags&post=89040"}],"curies":[{"name":"wp","href":"https:\/\/api.w.org\/{rel}","templated":true}]}}