{"id":89030,"date":"2016-06-12T20:22:49","date_gmt":"2016-06-12T23:22:49","guid":{"rendered":"http:\/\/aconteceunovale.com.br\/portal\/?p=89030"},"modified":"2016-06-12T20:22:49","modified_gmt":"2016-06-12T23:22:49","slug":"lampadas-incandescentes-nao-serao-mais-vendidas-no-brasil-a-partir-do-dia-30-de-junho","status":"publish","type":"post","link":"https:\/\/aconteceunovale.com.br\/portal\/?p=89030","title":{"rendered":"L\u00e2mpadas incandescentes n\u00e3o ser\u00e3o mais vendidas no Brasil a partir do dia 30 de junho"},"content":{"rendered":"<p>As l\u00e2mpadas incandescentes n\u00e3o v\u00e3o mais ser vendidas no Brasil a partir do dia 30 de junho. Os estabelecimentos, importadores e fabricantes ser\u00e3o fiscalizados pelo Instituto Nacional de Metrologia, Qualidade e Tecnologia (Inmetro), e quem n\u00e3o atender \u00e0 legisla\u00e7\u00e3o poder\u00e1 ser multado.<\/p>\n<p>A restri\u00e7\u00e3o foi estabelecida em uma portaria interministerial de 2010, que tem como objetivo minimizar o desperd\u00edcio no consumo de energia el\u00e9trica. Uma l\u00e2mpada fluorescente compacta economiza 75% em compara\u00e7\u00e3o a uma l\u00e2mpada incandescente de luminosidade equivalente. Se a op\u00e7\u00e3o for por uma l\u00e2mpada de LED, essa economia sobe para 85%.<\/p>\n<p>A venda de l\u00e2mpadas incandescentes come\u00e7ou a ser proibida no Brasil em junho 2012, com a exclus\u00e3o do mercado de l\u00e2mpadas com pot\u00eancia acima de 150 watts (W). Depois, foi a vez das l\u00e2mpadas entre 60W e 100W, em 2013. Em dezembro de 2014, foram substitu\u00eddas as l\u00e2mpadas de 40W a 60W. O processo de substitui\u00e7\u00e3o terminar\u00e1 em 30 junho deste ano, com a participa\u00e7\u00e3o de unidades com pot\u00eancia inferior a 40W.<\/p>\n<p>\u201cA proibi\u00e7\u00e3o da venda das l\u00e2mpadas incandescentes no pa\u00eds ajuda a estimular a ado\u00e7\u00e3o de op\u00e7\u00f5es mais econ\u00f4micas e dur\u00e1veis, como o LED, j\u00e1 adotado amplamente em outros pa\u00edses como China, \u00cdndia, Reino Unido, Estados Unidos, Canad\u00e1, Cuba, Austr\u00e1lia, Argentina, Venezuela, na Uni\u00e3o Europeia\u201d, informa o Minist\u00e9rio de Minas e Energia.<\/p>\n<p><img decoding=\"async\" src=\"http:\/\/aconteceunovale.com.br\/portal\/wp-content\/uploads\/2016\/06\/lampadas_incandescentes.jpg\" alt=\"\" \/><em>L\u00e2mpadas incandescentes n\u00e3o ser\u00e3o mais vendidas no Brasil (Marcello Casal Jr\/Ag\u00eancia Brasil)<\/em><br \/>\n<\/br><\/p>\n<p>(Ag\u00eancia Brasil)<\/p>\n","protected":false},"excerpt":{"rendered":"<p>As l\u00e2mpadas incandescentes n\u00e3o v\u00e3o mais ser vendidas no Brasil a partir do dia 30 de junho. Os estabelecimentos, importadores e fabricantes ser\u00e3o fiscalizados pelo Instituto Nacional de Metrologia, Qualidade e Tecnologia (Inmetro), e quem n\u00e3o atender \u00e0 legisla\u00e7\u00e3o poder\u00e1 ser multado. A restri\u00e7\u00e3o foi estabelecida em uma portaria interministerial de 2010, que tem como [&hellip;]<\/p>\n","protected":false},"author":1,"featured_media":89031,"comment_status":"open","ping_status":"closed","sticky":false,"template":"","format":"standard","meta":{"amp_status":"","footnotes":""},"categories":[6],"tags":[1018,18747,35418,98642,24388,9539,98637,98636,98643,98639,98638,98640,98641],"class_list":["post-89030","post","type-post","status-publish","format-standard","has-post-thumbnail","hentry","category-br","tag-destaque","tag-economia-de-energia","tag-energia-eletrica","tag-fim-da-venda-de-lampadas-incandescentes-no-brasil","tag-inmetro","tag-lampadas-incandescentes","tag-lampadas-incandescentes-nao-serao-mais-vendidas-no-brasil","tag-lampadas-incandescentes-nao-serao-mais-vendidas-no-brasil-a-partir-do-dia-30-de-junho","tag-lampadas-incandescentes-serao-retiradas-do-mercado-brasileiro","tag-proibicao-de-lampadas-incandescentes","tag-proibicao-de-lampadas-incandescentes-no-brasil","tag-venda-de-lampadas-incandescentes","tag-venda-de-lampadas-incandescentes-no-brasil"],"_links":{"self":[{"href":"https:\/\/aconteceunovale.com.br\/portal\/index.php?rest_route=\/wp\/v2\/posts\/89030","targetHints":{"allow":["GET"]}}],"collection":[{"href":"https:\/\/aconteceunovale.com.br\/portal\/index.php?rest_route=\/wp\/v2\/posts"}],"about":[{"href":"https:\/\/aconteceunovale.com.br\/portal\/index.php?rest_route=\/wp\/v2\/types\/post"}],"author":[{"embeddable":true,"href":"https:\/\/aconteceunovale.com.br\/portal\/index.php?rest_route=\/wp\/v2\/users\/1"}],"replies":[{"embeddable":true,"href":"https:\/\/aconteceunovale.com.br\/portal\/index.php?rest_route=%2Fwp%2Fv2%2Fcomments&post=89030"}],"version-history":[{"count":0,"href":"https:\/\/aconteceunovale.com.br\/portal\/index.php?rest_route=\/wp\/v2\/posts\/89030\/revisions"}],"wp:featuredmedia":[{"embeddable":true,"href":"https:\/\/aconteceunovale.com.br\/portal\/index.php?rest_route=\/wp\/v2\/media\/89031"}],"wp:attachment":[{"href":"https:\/\/aconteceunovale.com.br\/portal\/index.php?rest_route=%2Fwp%2Fv2%2Fmedia&parent=89030"}],"wp:term":[{"taxonomy":"category","embeddable":true,"href":"https:\/\/aconteceunovale.com.br\/portal\/index.php?rest_route=%2Fwp%2Fv2%2Fcategories&post=89030"},{"taxonomy":"post_tag","embeddable":true,"href":"https:\/\/aconteceunovale.com.br\/portal\/index.php?rest_route=%2Fwp%2Fv2%2Ftags&post=89030"}],"curies":[{"name":"wp","href":"https:\/\/api.w.org\/{rel}","templated":true}]}}