{"id":89012,"date":"2016-06-11T22:36:46","date_gmt":"2016-06-12T01:36:46","guid":{"rendered":"http:\/\/aconteceunovale.com.br\/portal\/?p=89012"},"modified":"2016-06-11T22:36:46","modified_gmt":"2016-06-12T01:36:46","slug":"procurador-geral-da-republica-pede-que-inquerito-contra-lula-va-para-a-justica-federal-no-parana","status":"publish","type":"post","link":"https:\/\/aconteceunovale.com.br\/portal\/?p=89012","title":{"rendered":"Procurador-geral da Rep\u00fablica pede que inqu\u00e9rito contra Lula v\u00e1 para a Justi\u00e7a Federal no Paran\u00e1"},"content":{"rendered":"<p>O procurador-geral da Rep\u00fablica, Rodrigo Janot, pediu ao Supremo Tribunal Federal (STF) que remeta inqu\u00e9rito contra o ex-presidente Lula para a Justi\u00e7a Federal. O processo se refere ao conte\u00fado da dela\u00e7\u00e3o premiada do ex-senador Delc\u00eddio do Amaral.<\/p>\n<p>Na dela\u00e7\u00e3o, Delc\u00eddio disse que o ex-presidente Lula tentou interferir para evitar que o ex-diretor da \u00c1rea Internacional da Petrobras, Nestor Cever\u00f3, assinasse acordo de dela\u00e7\u00e3o premiada com a for\u00e7a-tarefa da Lava Jato. No dia 8 de abril, Lula prestou depoimento ao Minist\u00e9rio P\u00fablico Federal (MPF) e negou as acusa\u00e7\u00f5es.<\/p>\n<p>A argumenta\u00e7\u00e3o de Janot \u00e9 que, com a cassa\u00e7\u00e3o do mandato de Delc\u00eddio, nenhum dos denunciados no inqu\u00e9rito tem foro privilegiado. A decis\u00e3o est\u00e1 nas m\u00e3os do ministro do STF, Teori Zavaski. Caso siga a recomenda\u00e7\u00e3o de Janot, o processo envolvendo Lula vai para o juiz S\u00e9rgio Moro, em Curitiba.<\/p>\n<p><strong>Compra do sil\u00eancio<\/strong><\/p>\n<p>No in\u00edcio de maio, a Procuradoria-Geral da Rep\u00fablica denunciou Lula com base na dela\u00e7\u00e3o de Delc\u00eddio do Amaral. De acordo com a PGR, Lula atuou \u201cna compra do sil\u00eancio\u201d do ex-diretor da \u00c1rea Internacional da Petrobras, Nestor Cerver\u00f3, a fim de evitar que ele assinasse acordo de dela\u00e7\u00e3o premiada com a for\u00e7a-tarefa de investigadores da Opera\u00e7\u00e3o Lava Jato.<\/p>\n<p>Os fatos motivaram a pris\u00e3o, no ano passado, do senador Delc\u00eddio do Amaral (sem partido-MS). A pris\u00e3o foi embasada por uma grava\u00e7\u00e3o apresentada \u00e0 PGR por Bernardo Cerver\u00f3, filho do ex-diretor. Segundo a procuradoria, o senador ofereceu R$ 50 mil por m\u00eas para a fam\u00edlia de Cerver\u00f3 e mais um plano de fuga para que o ex-diretor deixasse o pa\u00eds. (Ag\u00eancia Brasil)<\/p>\n","protected":false},"excerpt":{"rendered":"<p>O procurador-geral da Rep\u00fablica, Rodrigo Janot, pediu ao Supremo Tribunal Federal (STF) que remeta inqu\u00e9rito contra o ex-presidente Lula para a Justi\u00e7a Federal. O processo se refere ao conte\u00fado da dela\u00e7\u00e3o premiada do ex-senador Delc\u00eddio do Amaral. Na dela\u00e7\u00e3o, Delc\u00eddio disse que o ex-presidente Lula tentou interferir para evitar que o ex-diretor da \u00c1rea Internacional [&hellip;]<\/p>\n","protected":false},"author":1,"featured_media":81973,"comment_status":"open","ping_status":"closed","sticky":false,"template":"","format":"standard","meta":{"amp_status":"","footnotes":""},"categories":[6,40240],"tags":[98595,81835,98593,98594,27144,7147,98596,85356,82537,98597,20096],"class_list":["post-89012","post","type-post","status-publish","format-standard","has-post-thumbnail","hentry","category-br","category-politica-2","tag-inquerito-contra-lula","tag-investigacao-lula","tag-janot-pede-que-inquerito-contra-lula-va-para-a-justica-federal","tag-janot-pede-que-inquerito-contra-lula-va-para-a-justica-federal-no-parana","tag-lava-jato","tag-lula","tag-nestor-cevero","tag-pgr","tag-processo-lula","tag-procurador-geral-da-republica-pede-que-inquerito-contra-lula-va-para-a-justica-federal-no-parana","tag-rodrigo-janot"],"_links":{"self":[{"href":"https:\/\/aconteceunovale.com.br\/portal\/index.php?rest_route=\/wp\/v2\/posts\/89012","targetHints":{"allow":["GET"]}}],"collection":[{"href":"https:\/\/aconteceunovale.com.br\/portal\/index.php?rest_route=\/wp\/v2\/posts"}],"about":[{"href":"https:\/\/aconteceunovale.com.br\/portal\/index.php?rest_route=\/wp\/v2\/types\/post"}],"author":[{"embeddable":true,"href":"https:\/\/aconteceunovale.com.br\/portal\/index.php?rest_route=\/wp\/v2\/users\/1"}],"replies":[{"embeddable":true,"href":"https:\/\/aconteceunovale.com.br\/portal\/index.php?rest_route=%2Fwp%2Fv2%2Fcomments&post=89012"}],"version-history":[{"count":0,"href":"https:\/\/aconteceunovale.com.br\/portal\/index.php?rest_route=\/wp\/v2\/posts\/89012\/revisions"}],"wp:featuredmedia":[{"embeddable":true,"href":"https:\/\/aconteceunovale.com.br\/portal\/index.php?rest_route=\/wp\/v2\/media\/81973"}],"wp:attachment":[{"href":"https:\/\/aconteceunovale.com.br\/portal\/index.php?rest_route=%2Fwp%2Fv2%2Fmedia&parent=89012"}],"wp:term":[{"taxonomy":"category","embeddable":true,"href":"https:\/\/aconteceunovale.com.br\/portal\/index.php?rest_route=%2Fwp%2Fv2%2Fcategories&post=89012"},{"taxonomy":"post_tag","embeddable":true,"href":"https:\/\/aconteceunovale.com.br\/portal\/index.php?rest_route=%2Fwp%2Fv2%2Ftags&post=89012"}],"curies":[{"name":"wp","href":"https:\/\/api.w.org\/{rel}","templated":true}]}}