{"id":89005,"date":"2016-06-11T22:20:25","date_gmt":"2016-06-12T01:20:25","guid":{"rendered":"http:\/\/aconteceunovale.com.br\/portal\/?p=89005"},"modified":"2016-06-11T22:20:25","modified_gmt":"2016-06-12T01:20:25","slug":"america-perde-para-o-internacional-na-estreia-do-tecnico-sergio-vieira","status":"publish","type":"post","link":"https:\/\/aconteceunovale.com.br\/portal\/?p=89005","title":{"rendered":"Am\u00e9rica perde para o Internacional na estreia do t\u00e9cnico S\u00e9rgio Vieira"},"content":{"rendered":"<p>Um apag\u00e3o no come\u00e7o do jogo contra o Internacional custou caro para o portugu\u00eas S\u00e9rgio Vieira em sua estreia no comando do Am\u00e9rica, neste s\u00e1bado (11\/6), no Beira-Rio, em Porto Alegre. Totalmente desligado nos cinco primeiros minutos, o time mineiro viu o Colorado abrir 2 a 0 \u2013 gols do atacante Aylon \u2013 e passou o restante da partida tentando uma dif\u00edcil rea\u00e7\u00e3o. Na etapa inicial, a equipe at\u00e9 teve bons momentos e chegou a diminuir a desvantagem, com o zagueiro Adalberto. Entretanto, os ga\u00fachos foram eficazes no segundo tempo e sacramentaram a vit\u00f3ria gra\u00e7as \u00e0 cabe\u00e7ada do zagueiro Ernando: 3 a 1.<\/p>\n<p>Derrotado, o Coelho segue em situa\u00e7\u00e3o complicada neste in\u00edcio de Campeonato Brasileiro e se mant\u00e9m na zona de rebaixamento, com apenas cinco pontos em sete jogos. Sem o capit\u00e3o Leandro Guerreiro, suspenso pelo terceiro cart\u00e3o amarelo, o time tentar\u00e1 reagir na quarta-feira, \u00e0s 21h, diante do Botafogo, no Est\u00e1dio Raulino de Oliveira, em Volta Redonda.<\/p>\n<p>O Internacional, por sua vez, chega a 16 pontos e assume provisoriamente a primeira posi\u00e7\u00e3o, j\u00e1 que o arquirrival Gr\u00eamio n\u00e3o passou de empate por 1 a 1 com o Fluminense, em Volta Redonda. Na pr\u00f3xima quinta, \u00e0s 19h30, a equipe de Argel Fucks jogar\u00e1 em casa contra o Atl\u00e9tico.<\/p>\n<p><img decoding=\"async\" src=\"http:\/\/aconteceunovale.com.br\/portal\/wp-content\/uploads\/2016\/06\/inter_america.jpg\" alt=\"\" \/><em>Am\u00e9rica perdeu por 3 a 1 (Foto: Carlos Cruz \/ Am\u00e9rica Mineiro)<\/em><br \/>\n<\/br><\/p>\n<p><strong>O jogo<\/strong><\/p>\n<p>A pane dos cinco minutos inciais colocou o Am\u00e9rica em situa\u00e7\u00e3o extremamente dif\u00edcil no jogo. Em ataques semelhantes, o Internacional abriu 2 a 0 com dois gols do atacante Aylon. No primeiro, aos 2min, o cruzamento saiu dos p\u00e9s do lateral-direito William. No segundo, aos 5min, foi o lateral-esquerdo Artur quem deu a assist\u00eancia. Em ambos os lances, a defesa do Coelho deu espa\u00e7os e permitiu que o camisa 18 ficasse cara a cara com o goleiro Jo\u00e3o Ricardo.<\/p>\n<p>Obviamente, sofrer gols rel\u00e2mpagos n\u00e3o estava nos planos do portugu\u00eas S\u00e9rgio Vieira logo em sua estreia pelo clube. Assim, era preciso buscar a rea\u00e7\u00e3o de alguma forma. Aos poucos, o Am\u00e9rica juntou os cacos e tentou se reorganizar. Aos 14min, Borges quase diminuiu de cabe\u00e7a ao receber cruzamento de Juninho. Aos 19min, Adalberto se aproveitou de bola mal afastada pela defesa do Inter e minimizou a desvantagem: 2 a 1. O gol animou os mineiros, que pressionaram durante todo o andamento da primeira etapa e poderiam at\u00e9 mesmo alcan\u00e7ar a igualdade se n\u00e3o fossem as defesas do goleiro Danilo Fernandes e as interven\u00e7\u00f5es da zaga colorada em tentativas de Danilo, Osman e Eduardo.<\/p>\n<p>O primeiro tempo movimentado e de muitas alternativas deu lugar a uma segunda etapa mais pegada no meio-campo e com aumento no n\u00famero de faltas. Por causa da queda de qualidade com a bola no p\u00e9, a sa\u00edda era tentar apostar em algum escanteio ou tiro livre. Foi isso que fez o Internacional matar o jogo, aos 27min. Em lance de bola parada, William levantou do lado direito e encontrou Ernando na pequena \u00e1rea para cabecear no canto direito de Jo\u00e3o Ricardo e fechar o placar no Beira-Rio: 3 a 1. J\u00e1 nos minutos finais, Danilo e Bruno S\u00e1vio desperdi\u00e7aram oportunidades de ao menos diminuir a diferen\u00e7a para o Coelho.<\/p>\n<p><em>(Fonte: Super Esportes)<\/em><\/p>\n","protected":false},"excerpt":{"rendered":"<p>Um apag\u00e3o no come\u00e7o do jogo contra o Internacional custou caro para o portugu\u00eas S\u00e9rgio Vieira em sua estreia no comando do Am\u00e9rica, neste s\u00e1bado (11\/6), no Beira-Rio, em Porto Alegre. Totalmente desligado nos cinco primeiros minutos, o time mineiro viu o Colorado abrir 2 a 0 \u2013 gols do atacante Aylon \u2013 e passou [&hellip;]<\/p>\n","protected":false},"author":1,"featured_media":89006,"comment_status":"open","ping_status":"closed","sticky":false,"template":"","format":"standard","meta":{"amp_status":"","footnotes":""},"categories":[59],"tags":[34528,16165,98582,98581,75846,13044,96362,13043,94471,34527,98584,14358,14356,98583],"class_list":["post-89005","post","type-post","status-publish","format-standard","has-post-thumbnail","hentry","category-sports","tag-america","tag-america-mineiro","tag-america-perde-para-o-internacional","tag-america-perde-para-o-internacional-na-estreia-do-tecnico-sergio-vieira","tag-america-mg","tag-brasileirao","tag-brasileirao-2016","tag-campeonato-brasileiro","tag-campeonato-brasileiro-2016","tag-coelho","tag-estreia-de-sergio-vieira-no-comando-do-america","tag-inter","tag-internacional","tag-internacional-3x1-america"],"_links":{"self":[{"href":"https:\/\/aconteceunovale.com.br\/portal\/index.php?rest_route=\/wp\/v2\/posts\/89005","targetHints":{"allow":["GET"]}}],"collection":[{"href":"https:\/\/aconteceunovale.com.br\/portal\/index.php?rest_route=\/wp\/v2\/posts"}],"about":[{"href":"https:\/\/aconteceunovale.com.br\/portal\/index.php?rest_route=\/wp\/v2\/types\/post"}],"author":[{"embeddable":true,"href":"https:\/\/aconteceunovale.com.br\/portal\/index.php?rest_route=\/wp\/v2\/users\/1"}],"replies":[{"embeddable":true,"href":"https:\/\/aconteceunovale.com.br\/portal\/index.php?rest_route=%2Fwp%2Fv2%2Fcomments&post=89005"}],"version-history":[{"count":0,"href":"https:\/\/aconteceunovale.com.br\/portal\/index.php?rest_route=\/wp\/v2\/posts\/89005\/revisions"}],"wp:featuredmedia":[{"embeddable":true,"href":"https:\/\/aconteceunovale.com.br\/portal\/index.php?rest_route=\/wp\/v2\/media\/89006"}],"wp:attachment":[{"href":"https:\/\/aconteceunovale.com.br\/portal\/index.php?rest_route=%2Fwp%2Fv2%2Fmedia&parent=89005"}],"wp:term":[{"taxonomy":"category","embeddable":true,"href":"https:\/\/aconteceunovale.com.br\/portal\/index.php?rest_route=%2Fwp%2Fv2%2Fcategories&post=89005"},{"taxonomy":"post_tag","embeddable":true,"href":"https:\/\/aconteceunovale.com.br\/portal\/index.php?rest_route=%2Fwp%2Fv2%2Ftags&post=89005"}],"curies":[{"name":"wp","href":"https:\/\/api.w.org\/{rel}","templated":true}]}}