{"id":88998,"date":"2016-06-11T21:25:58","date_gmt":"2016-06-12T00:25:58","guid":{"rendered":"http:\/\/aconteceunovale.com.br\/portal\/?p=88998"},"modified":"2016-06-11T21:25:58","modified_gmt":"2016-06-12T00:25:58","slug":"ordem-para-queimar-dois-onibus-em-montes-claros-pode-ter-partido-de-presidio","status":"publish","type":"post","link":"https:\/\/aconteceunovale.com.br\/portal\/?p=88998","title":{"rendered":"Ordem para queimar dois \u00f4nibus em Montes Claros pode ter partido de pres\u00eddio"},"content":{"rendered":"<p>Dois \u00f4nibus de transporte coletivo urbano j\u00e1 foram incendiados neste s\u00e1bado (11\/6) em Montes Claros, no Norte de Minas. A suspeita \u00e9 que a ordem tenha partido de dentro do Pres\u00eddio Regional da cidade, por presos que est\u00e3o insatisfeitos com a suspens\u00e3o das visitas por causa da greve dos agentes penitenci\u00e1rios. Desde a tarde de sexta-feira, pelo menos oito tumultos j\u00e1 foram registrados em unidades prisionais de Minas.<\/p>\n<p>De acordo com o sargento Eduardo Freitas Mota, do Corpo de Bombeiros de Montes Claros, o primeiro foi incendiado por volta das 6h, quando estava parado no ponto final, no Bairro Maracan\u00e3. O motorista foi rendido por um homem armado, que o obrigou a descer. Depois, o homem jogou combust\u00edvel dentro do ve\u00edculo e ateou fogo. Por volta das 16h, os bombeiros foram novamente acionados para apagar o fogo em um \u00f4nibus no Bairro Vila Sion 2, que ficou totalmente destru\u00eddo.<\/p>\n<p>\u201cAs visitas est\u00e3o suspensas no Pres\u00eddio Regional. H\u00e1 suspeita de que o inc\u00eandio dos \u00f4nibus esteja relacionado com isso, mas, at\u00e9 agora, ningu\u00e9m assumiu a autoria dos atos\u201d, informou o sargento. H\u00e1 informa\u00e7\u00f5es de que as empresas de \u00f4nibus est\u00e3o recolhendo os ve\u00edculos nas garagens, para evitar preju\u00edzos. Ningu\u00e9m ficou ferido, segundo os bombeiros.<\/p>\n<p>Para o diretor-executivo do Sindicato dos Agentes Penitenci\u00e1rios, Daniel Anuncia\u00e7\u00e3o, h\u00e1 90% de chance de os ataques aos \u00f4nibus de Montes Claros terem sido causados pela greve. \u201c\u00c9 um reflexo negativo porque gera preju\u00edzo, n\u00e3o era nossa inten\u00e7\u00e3o. O que queremos \u00e9 que o governo se sensibilize para a precariedade que est\u00e1 hoje o sistema prisional e quanto ao n\u00e3o atendimento de nossas demandas, que fazemos h\u00e1 anos e n\u00e3o tivemos \u00eaxito em nada\u201d, afirmou.<\/p>\n<p>Segundo a associa\u00e7\u00e3o das empresas de transportes de Montes Claros, 131 \u00f4nibus pararam de rodar e s\u00f3 v\u00e3o retomar o servi\u00e7o quando a Policia Militar garantir a seguran\u00e7a.<\/p>\n<p>Em nota, a PM informou que refor\u00e7ou o patrulhamento de todos os itiner\u00e1rios de transporte coletivo, assim como em seus pontos finais de parada, &#8220;com a finalidade de resgatar a sensa\u00e7\u00e3o de seguran\u00e7a da popula\u00e7\u00e3o e das pessoas envolvidas com o transporte coletivo na cidade&#8221;. A Pol\u00edcia diz ainda que a Corpora\u00e7\u00e3o garantir\u00e1 que a visita\u00e7\u00e3o dos familiares dos presos no Pres\u00eddios Regional e Alvorada em Montes Claros e na Penitenci\u00e1ria de Francisco S\u00e1 ocorra neste domingo.<\/p>\n<p><img decoding=\"async\" src=\"http:\/\/aconteceunovale.com.br\/portal\/wp-content\/uploads\/2016\/06\/bus_queimado_moc_1.jpg\" alt=\"\" \/><em>\u00d4nibus foi totalmente destru\u00eddo pelo fogo (foto: Divulga\u00e7\u00e3o \/ PMMG)<\/em><br \/>\n<\/br><\/p>\n<p><img decoding=\"async\" src=\"http:\/\/aconteceunovale.com.br\/portal\/wp-content\/uploads\/2016\/06\/bus_queimado_moc_2.jpg\" alt=\"\" \/><em>O segundo \u00f4nibus foi queimado \u00e0 tarde (foto: Divulga\u00e7\u00e3o \/ PMMG)<\/em><br \/>\n<\/br><\/p>\n<p><em>(Fonte: Estado de Minas)<\/em><\/p>\n","protected":false},"excerpt":{"rendered":"<p>Dois \u00f4nibus de transporte coletivo urbano j\u00e1 foram incendiados neste s\u00e1bado (11\/6) em Montes Claros, no Norte de Minas. A suspeita \u00e9 que a ordem tenha partido de dentro do Pres\u00eddio Regional da cidade, por presos que est\u00e3o insatisfeitos com a suspens\u00e3o das visitas por causa da greve dos agentes penitenci\u00e1rios. Desde a tarde de [&hellip;]<\/p>\n","protected":false},"author":1,"featured_media":89000,"comment_status":"open","ping_status":"closed","sticky":false,"template":"","format":"standard","meta":{"amp_status":"","footnotes":""},"categories":[1236],"tags":[98572,1018,98573,98578,98577,210,98576,51014,98571,98575,98574],"class_list":["post-88998","post","type-post","status-publish","format-standard","has-post-thumbnail","hentry","category-norte_de_minas","tag-bandidos-mandam-queimar-onibus-em-montes-claros","tag-destaque","tag-detentos-mandam-queimar-onibus-em-montes-claros","tag-fogo-onibus-montes-claros","tag-incendio-onibus-montes-claros","tag-montes-claros","tag-motivo-do-incendio-de-onibus-em-montes-claros","tag-onibus-incendiado-em-montes-claros","tag-onibus-queimado-em-montes-claros","tag-ordem-para-queimar-dois-onibus-em-montes-claros","tag-ordem-para-queimar-dois-onibus-em-montes-claros-pode-ter-partido-de-presidio"],"_links":{"self":[{"href":"https:\/\/aconteceunovale.com.br\/portal\/index.php?rest_route=\/wp\/v2\/posts\/88998","targetHints":{"allow":["GET"]}}],"collection":[{"href":"https:\/\/aconteceunovale.com.br\/portal\/index.php?rest_route=\/wp\/v2\/posts"}],"about":[{"href":"https:\/\/aconteceunovale.com.br\/portal\/index.php?rest_route=\/wp\/v2\/types\/post"}],"author":[{"embeddable":true,"href":"https:\/\/aconteceunovale.com.br\/portal\/index.php?rest_route=\/wp\/v2\/users\/1"}],"replies":[{"embeddable":true,"href":"https:\/\/aconteceunovale.com.br\/portal\/index.php?rest_route=%2Fwp%2Fv2%2Fcomments&post=88998"}],"version-history":[{"count":0,"href":"https:\/\/aconteceunovale.com.br\/portal\/index.php?rest_route=\/wp\/v2\/posts\/88998\/revisions"}],"wp:featuredmedia":[{"embeddable":true,"href":"https:\/\/aconteceunovale.com.br\/portal\/index.php?rest_route=\/wp\/v2\/media\/89000"}],"wp:attachment":[{"href":"https:\/\/aconteceunovale.com.br\/portal\/index.php?rest_route=%2Fwp%2Fv2%2Fmedia&parent=88998"}],"wp:term":[{"taxonomy":"category","embeddable":true,"href":"https:\/\/aconteceunovale.com.br\/portal\/index.php?rest_route=%2Fwp%2Fv2%2Fcategories&post=88998"},{"taxonomy":"post_tag","embeddable":true,"href":"https:\/\/aconteceunovale.com.br\/portal\/index.php?rest_route=%2Fwp%2Fv2%2Ftags&post=88998"}],"curies":[{"name":"wp","href":"https:\/\/api.w.org\/{rel}","templated":true}]}}