{"id":88992,"date":"2016-06-11T21:14:41","date_gmt":"2016-06-12T00:14:41","guid":{"rendered":"http:\/\/aconteceunovale.com.br\/portal\/?p=88992"},"modified":"2016-06-11T22:11:34","modified_gmt":"2016-06-12T01:11:34","slug":"colisao-entre-carro-e-caminhao-mata-motorista-na-br-116-em-governador-valadares","status":"publish","type":"post","link":"https:\/\/aconteceunovale.com.br\/portal\/?p=88992","title":{"rendered":"Colis\u00e3o entre carro e caminh\u00e3o mata motorista na BR-116, em Governador Valadares"},"content":{"rendered":"<p>Uma mulher morreu em um acidente na manh\u00e3 deste s\u00e1bado (11\/6) na altura do quil\u00f4metro 395 da BR-116, pr\u00f3ximo ao Posto Cherokee, em Governador Valadares, na Regi\u00e3o do Rio Doce. Ela seguia em um ve\u00edculo, um Chevrolet Corsa, placa JWA-6523 (de Governador Valadares), que rodou na pista e acabou atingida por um caminh\u00e3o. A v\u00edtima, Cristina Rabelo Andrade, que estava sozinha no autom\u00f3vel, morreu na hora. Por causa da batida, o tr\u00e2nsito ficou lento, mas j\u00e1 foi liberado. <\/p>\n<p>De acordo com a Pol\u00edcia Rodovi\u00e1ria Federal (PRF), o condutor do caminh\u00e3o contou que seguia pela rodovia no sentido Governador Valadares \/ Frei Inoc\u00eancio quando foi surpreendido pelo outro ve\u00edculo que invadiu a contram\u00e3o. Ele contou que a motorista do Corsa rodou ao passar por uma curva e, em seguida, atingiu a pista contr\u00e1ria. <\/p>\n<p>A frente do caminh\u00e3o atingiu a lateral direita do Corsa. Como impacto, o ve\u00edculo menor foi arremessado para fora da rodovia. O ve\u00edculo de carga ficou parado na terceira pista. A condutora morreu na hora. O motorista do outro ve\u00edculo ficou ferido e foi socorrido para um hospital da regi\u00e3o. <\/p>\n<p>Por causa do acidente, o tr\u00e2nsito ficou lento na rodovia. Por volta das 10h20, todas as pistas foram liberadas. O corpo da condutora foi levado para o Instituto M\u00e9dico Legal (IML) de Governador Valadares.<\/p>\n<p><img decoding=\"async\" src=\"http:\/\/aconteceunovale.com.br\/portal\/wp-content\/uploads\/2016\/06\/acidente_gv_11_6_1.jpg\" alt=\"\" \/><em>Acidente aconteceu na BR-116, pr\u00f3ximo a Valadares (Foto: Rede Alerta \/ Facebook)<\/em><br \/>\n<\/br><\/p>\n<p><img decoding=\"async\" src=\"http:\/\/aconteceunovale.com.br\/portal\/wp-content\/uploads\/2016\/06\/acidente_gv_11_6_2.jpg\" alt=\"\" \/><em>Acidente aconteceu na BR-116, pr\u00f3ximo a Valadares (Foto: Rede Alerta \/ Facebook)<\/em><br \/>\n<\/br><\/p>\n<p><img decoding=\"async\" src=\"http:\/\/aconteceunovale.com.br\/portal\/wp-content\/uploads\/2016\/06\/acidente_gv_11_6_3.jpg\" alt=\"\" \/><em>Acidente aconteceu na BR-116, pr\u00f3ximo a Valadares (Foto: Rede Alerta \/ Facebook)<\/em><br \/>\n<\/br><\/p>\n<p><img decoding=\"async\" src=\"http:\/\/aconteceunovale.com.br\/portal\/wp-content\/uploads\/2016\/06\/acidente_gv_11_6_4.jpg\" alt=\"\" \/><em>Acidente aconteceu na BR-116, pr\u00f3ximo a Valadares (Foto: Rede Alerta \/ Facebook)<\/em><br \/>\n<\/br><\/p>\n<p><em>(Fonte: Estado de Minas \/ Rep\u00f3rter: Jo\u00e3o Henrique do Vale)<\/em><\/p>\n","protected":false},"excerpt":{"rendered":"<p>Uma mulher morreu em um acidente na manh\u00e3 deste s\u00e1bado (11\/6) na altura do quil\u00f4metro 395 da BR-116, pr\u00f3ximo ao Posto Cherokee, em Governador Valadares, na Regi\u00e3o do Rio Doce. Ela seguia em um ve\u00edculo, um Chevrolet Corsa, placa JWA-6523 (de Governador Valadares), que rodou na pista e acabou atingida por um caminh\u00e3o. A v\u00edtima, [&hellip;]<\/p>\n","protected":false},"author":1,"featured_media":88996,"comment_status":"open","ping_status":"closed","sticky":false,"template":"","format":"standard","meta":{"amp_status":"","footnotes":""},"categories":[121],"tags":[98565,12667,18416,3945,89213,3510,8583,182,98570,98569,98580,98564,1018,66364,98568,247,98579,98566,98567],"class_list":["post-88992","post","type-post","status-publish","format-standard","has-post-thumbnail","hentry","category-leste","tag-acidente-com-cristina-rabelo-andrade-lobo","tag-acidente-em-governador-valadares","tag-acidente-na-br-116-em-governador-valadares","tag-acidente-na-br-116","tag-acidente-perto-de-governador-valadares","tag-acidente-proximo-a-governador-valadares","tag-acidente-proximo-ao-posto-cherokee","tag-br-116","tag-colisao-entre-carro-e-caminhao-mata-motorista-na-br-116","tag-colisao-entre-carro-e-caminhao-mata-motorista-na-br-116-em-governador-valadares","tag-cristina-rabelo-andrade","tag-cristina-rabelo-andrade-lobo","tag-destaque","tag-em-governador-valadares","tag-fotos-acidente-cristina-rabelo-andrade-lobo","tag-governador-valadares","tag-jose-soares-de-souza","tag-morte-de-cristina-rabelo-andrade-lobo","tag-noticia-acidente-cristina-rabelo-andrade-lobo"],"_links":{"self":[{"href":"https:\/\/aconteceunovale.com.br\/portal\/index.php?rest_route=\/wp\/v2\/posts\/88992","targetHints":{"allow":["GET"]}}],"collection":[{"href":"https:\/\/aconteceunovale.com.br\/portal\/index.php?rest_route=\/wp\/v2\/posts"}],"about":[{"href":"https:\/\/aconteceunovale.com.br\/portal\/index.php?rest_route=\/wp\/v2\/types\/post"}],"author":[{"embeddable":true,"href":"https:\/\/aconteceunovale.com.br\/portal\/index.php?rest_route=\/wp\/v2\/users\/1"}],"replies":[{"embeddable":true,"href":"https:\/\/aconteceunovale.com.br\/portal\/index.php?rest_route=%2Fwp%2Fv2%2Fcomments&post=88992"}],"version-history":[{"count":0,"href":"https:\/\/aconteceunovale.com.br\/portal\/index.php?rest_route=\/wp\/v2\/posts\/88992\/revisions"}],"wp:featuredmedia":[{"embeddable":true,"href":"https:\/\/aconteceunovale.com.br\/portal\/index.php?rest_route=\/wp\/v2\/media\/88996"}],"wp:attachment":[{"href":"https:\/\/aconteceunovale.com.br\/portal\/index.php?rest_route=%2Fwp%2Fv2%2Fmedia&parent=88992"}],"wp:term":[{"taxonomy":"category","embeddable":true,"href":"https:\/\/aconteceunovale.com.br\/portal\/index.php?rest_route=%2Fwp%2Fv2%2Fcategories&post=88992"},{"taxonomy":"post_tag","embeddable":true,"href":"https:\/\/aconteceunovale.com.br\/portal\/index.php?rest_route=%2Fwp%2Fv2%2Ftags&post=88992"}],"curies":[{"name":"wp","href":"https:\/\/api.w.org\/{rel}","templated":true}]}}