{"id":88984,"date":"2016-06-11T20:56:59","date_gmt":"2016-06-11T23:56:59","guid":{"rendered":"http:\/\/aconteceunovale.com.br\/portal\/?p=88984"},"modified":"2016-06-11T20:56:59","modified_gmt":"2016-06-11T23:56:59","slug":"valadarenses-ainda-temem-consumir-a-agua-captada-no-rio-doce","status":"publish","type":"post","link":"https:\/\/aconteceunovale.com.br\/portal\/?p=88984","title":{"rendered":"Valadarenses ainda temem consumir a \u00e1gua captada no Rio Doce"},"content":{"rendered":"<p>Sete meses depois de a onda de lama que vazou da barragem da Samarco em Mariana percorrer todo o Rio Doce, causando o maior desastre socioambiental da hist\u00f3ria brasileira, moradores de Governador Valadares \u2013 cidade mais populosa ao longo do leito, com 300 mil habitantes \u2013 ainda temem beber da \u00e1gua captada no leito e tratada pela autarquia municipal, o Servi\u00e7o Aut\u00f4nomo de \u00c1gua e Esgoto (Saae). A prefeitura assegura que o l\u00edquido est\u00e1 pr\u00f3prio para consumo humano, mas as garantias n\u00e3o s\u00e3o suficientes para tranquilizar os consumidores.<\/p>\n<p>Prova disso \u00e9 que, diariamente, centenas de fam\u00edlias preferem encher gal\u00f5es, baldes e outros utens\u00edlios em po\u00e7os artesianos perfurados por particulares, que em muitos casos n\u00e3o se incomodam em doar grandes quantidades de \u00e1gua, mesmo que a solidariedade, \u00e0s vezes, tenha seu pre\u00e7o. \u201cPaguei R$ 600 para consertar a bomba que capta a \u00e1gua, pois, de tanto ser usada, estragou. N\u00e3o tem problema: cada um ajuda como pode\u201d, justificou Rildo Gon\u00e7alves da Silva, de 47 anos. Pedro Henrique dos Santos, de 16, \u00e9 um dos que agradecem esse tipo de solidariedade. \u201cBusco \u00e1gua praticamente toda semana. N\u00e3o tenho coragem de beber a que vem do Rio Doce\u201d, contou.<\/p>\n<p>O \u00faltimo relat\u00f3rio do Grupo Independente para Avalia\u00e7\u00e3o de Impacto Ambiental (Giaia), formado por cientistas que estudam consequ\u00eancias do rompimento da Barragem do Fund\u00e3o, ajuda a entender o receio de parte da popula\u00e7\u00e3o valadarense. Os profissionais coletaram amostras da \u00e1gua bruta em duas expedi\u00e7\u00f5es ao longo do Rio Doce, em dezembro de 2015 e em abril de 2016.<\/p>\n<p>Na primeira, o Giaia constatou alto \u00edndice de metais, em desacordo com a Norma 357 do Conselho Nacional do Meio Ambiente (Conama): ars\u00eanio (quatro vezes mais que o permitido), c\u00e1dmio (tr\u00eas vezes acima), n\u00edquel (duas vezes acima) e mangan\u00eas (12 vezes acima). Na segunda medi\u00e7\u00e3o, o volume dos tr\u00eas primeiros minerais se reduziram a n\u00edvel aceit\u00e1vel pelo Conama. \u201cJ\u00e1 o mangan\u00eas, embora em menor concentra\u00e7\u00e3o, continuou alterado\u201d, informou o relat\u00f3rio.<\/p>\n<p>Quando ingerido, segundo o Giaia, o mangan\u00eas apresenta toxicidade baixa, por isso, h\u00e1 poucos relatos de intoxica\u00e7\u00e3o via oral. \u201cEntretanto, Wasserman (pesquisador) e colaboradores observaram d\u00e9ficits intelectuais em crian\u00e7as expostas a elevados n\u00edveis, iguais ou maiores que 0,5 mg\/l de mangan\u00eas na \u00e1gua pot\u00e1vel em Bangladesh (\u00c1sia)\u201d, anotou o grupo.<\/p>\n<p>A Prefeitura de Governador Valadares afirmou que o Saae faz an\u00e1lise semanal na \u00e1gua tratada e, mensalmente, analisa o l\u00edquido diretamente do leito. \u201cApesar de haver metais na \u00e1gua bruta, o tratamento realizado pelo Saae consegue reduzir os valores dessas subst\u00e2ncias a n\u00edveis mais baixos dos que os que s\u00e3o determinados pelo Minist\u00e9rio da Sa\u00fade, garantindo a potabilidade do l\u00edquido\u201d, assegurou a prefeitura.<\/p>\n<p><img decoding=\"async\" src=\"http:\/\/aconteceunovale.com.br\/portal\/wp-content\/uploads\/2016\/06\/agua_gv.jpg\" alt=\"\" \/><em>Pedro agradece ajuda de quem tem po\u00e7o artesiano (foto: Juarez Rodrigues\/EM\/D.A Press)<\/em><br \/>\n<\/br><\/p>\n<p><em>(Fonte: Estado de Minas \/ Rep\u00f3rter: Paulo Henrique Lobato)<\/em><\/p>\n","protected":false},"excerpt":{"rendered":"<p>Sete meses depois de a onda de lama que vazou da barragem da Samarco em Mariana percorrer todo o Rio Doce, causando o maior desastre socioambiental da hist\u00f3ria brasileira, moradores de Governador Valadares \u2013 cidade mais populosa ao longo do leito, com 300 mil habitantes \u2013 ainda temem beber da \u00e1gua captada no leito e [&hellip;]<\/p>\n","protected":false},"author":1,"featured_media":88985,"comment_status":"open","ping_status":"closed","sticky":false,"template":"","format":"standard","meta":{"amp_status":"","footnotes":""},"categories":[121],"tags":[65269,79803,65265,59520,98555,98554,247,98553,98550,7363,98552,98551,66993,67677,32642,65289,65291,65288,98556],"class_list":["post-88984","post","type-post","status-publish","format-standard","has-post-thumbnail","hentry","category-leste","tag-barragem-da-samarco","tag-barragem-da-samarco-em-mariana","tag-barragem-de-fundao","tag-bento-rodrigues","tag-consequencias-do-rompimento-da-barragem-do-fundao","tag-giaia","tag-governador-valadares","tag-grupo-independente-para-avaliacao-de-impacto-ambiental","tag-maior-desastre-socioambiental-da-historia-brasileira","tag-mariana","tag-pedro-henrique-dos-santos","tag-rildo-goncalves-da-silva","tag-rompimento-da-barragem-de-fundao","tag-rompimento-da-barragem-do-fundao","tag-samarco","tag-tragedia-bento-rodrigues","tag-tragedia-mariana","tag-tragedia-samarco","tag-valadarenses-ainda-temem-consumir-a-agua-captada-no-rio-doce"],"_links":{"self":[{"href":"https:\/\/aconteceunovale.com.br\/portal\/index.php?rest_route=\/wp\/v2\/posts\/88984","targetHints":{"allow":["GET"]}}],"collection":[{"href":"https:\/\/aconteceunovale.com.br\/portal\/index.php?rest_route=\/wp\/v2\/posts"}],"about":[{"href":"https:\/\/aconteceunovale.com.br\/portal\/index.php?rest_route=\/wp\/v2\/types\/post"}],"author":[{"embeddable":true,"href":"https:\/\/aconteceunovale.com.br\/portal\/index.php?rest_route=\/wp\/v2\/users\/1"}],"replies":[{"embeddable":true,"href":"https:\/\/aconteceunovale.com.br\/portal\/index.php?rest_route=%2Fwp%2Fv2%2Fcomments&post=88984"}],"version-history":[{"count":0,"href":"https:\/\/aconteceunovale.com.br\/portal\/index.php?rest_route=\/wp\/v2\/posts\/88984\/revisions"}],"wp:featuredmedia":[{"embeddable":true,"href":"https:\/\/aconteceunovale.com.br\/portal\/index.php?rest_route=\/wp\/v2\/media\/88985"}],"wp:attachment":[{"href":"https:\/\/aconteceunovale.com.br\/portal\/index.php?rest_route=%2Fwp%2Fv2%2Fmedia&parent=88984"}],"wp:term":[{"taxonomy":"category","embeddable":true,"href":"https:\/\/aconteceunovale.com.br\/portal\/index.php?rest_route=%2Fwp%2Fv2%2Fcategories&post=88984"},{"taxonomy":"post_tag","embeddable":true,"href":"https:\/\/aconteceunovale.com.br\/portal\/index.php?rest_route=%2Fwp%2Fv2%2Ftags&post=88984"}],"curies":[{"name":"wp","href":"https:\/\/api.w.org\/{rel}","templated":true}]}}