{"id":88893,"date":"2016-06-10T13:31:27","date_gmt":"2016-06-10T16:31:27","guid":{"rendered":"http:\/\/aconteceunovale.com.br\/portal\/?p=88893"},"modified":"2016-06-10T13:31:27","modified_gmt":"2016-06-10T16:31:27","slug":"governo-de-minas-gerais-publica-mais-uma-lista-de-aposentadorias-da-educacao","status":"publish","type":"post","link":"https:\/\/aconteceunovale.com.br\/portal\/?p=88893","title":{"rendered":"Governo de Minas Gerais publica mais uma lista de aposentadorias da Educa\u00e7\u00e3o"},"content":{"rendered":"<p>Foi publicada, no\u00a0Di\u00e1rio Oficial de Minas Gerais\u00a0dessa quinta-feira (9\/6), mais uma lista com 1.406 aposentadorias de servidores da Educa\u00e7\u00e3o. Com esta nova rela\u00e7\u00e3o de aposentados, o n\u00famero ultrapassa os 18 mil atos desde 2015.\u00a0 S\u00f3 neste ano, j\u00e1 foram publicados 6.042 atos, em quatro lotes.<\/p>\n<p>O Governo do Estado conta com uma for\u00e7a-tarefa para tornar os procedimentos ligados \u00e0 aposentadoria dos servidores da Educa\u00e7\u00e3o mais r\u00e1pidos e eficientes. O grupo de trabalho \u00e9 composto de servidores da\u00a0Secretaria de Estado de Educa\u00e7\u00e3o (SEE)\u00a0e da\u00a0Secretaria de Estado de Planejamento e Gest\u00e3o (Seplag).<\/p>\n<p>A inten\u00e7\u00e3o do grupo tamb\u00e9m \u00e9 reduzir o passivo de aposentadoria herdado de gest\u00f5es anteriores. Ao pedirem aposentadoria, os servidores entram em afastamento preliminar de suas atividades e aguardam para se aposentar. A espera, em alguns casos, chegava a quase duas d\u00e9cadas. H\u00e1 exemplos de servidores que entraram em afastamento preliminar no ano de 1986. S\u00f3 em 2015, foram publicados 12.241 atos de aposentadoria.<\/p>\n<p>\u201cQuando assumimos o Governo, encontramos um n\u00famero grande de servidores que j\u00e1 cumpriam as exig\u00eancias para a aposentadoria aguardando a publica\u00e7\u00e3o do ato, eram mais de 30 mil trabalhadores nesta situa\u00e7\u00e3o. Em alguns casos, o processo se arrastava h\u00e1 mais de 15 anos. Um grande desrespeito e falta de cuidado com quem dedicou a vida ao servi\u00e7o p\u00fablico\u201d, diz o secret\u00e1rio de Planejamento e Gest\u00e3o, Helv\u00e9cio Magalh\u00e3es.<\/p>\n<p>\u201cPara corrigir esta distor\u00e7\u00e3o, montamos uma for\u00e7a-tarefa para acelerar a confer\u00eancia e a publica\u00e7\u00e3o das aposentadorias. A expectativa \u00e9 de que at\u00e9 2018 todos os requerimentos de aposentadoria dos servidores estejam em dia\u201d, completa o secret\u00e1rio.<\/p>\n<p><strong>Confira as listas publicadas em 2016:<\/strong><\/p>\n<p><a href=\"http:\/\/jornal.iof.mg.gov.br\/xmlui\/handle\/123456789\/160391\" target=\"_blank\">http:\/\/jornal.iof.mg.gov.br\/xmlui\/handle\/123456789\/160391<\/a><\/p>\n<p><a href=\"http:\/\/jornal.iof.mg.gov.br\/xmlui\/handle\/123456789\/162511\" target=\"_blank\">http:\/\/jornal.iof.mg.gov.br\/xmlui\/handle\/123456789\/162511<\/a><\/p>\n<p><a href=\"http:\/\/jornal.iof.mg.gov.br\/xmlui\/handle\/123456789\/164456\" target=\"_blank\">http:\/\/jornal.iof.mg.gov.br\/xmlui\/handle\/123456789\/164456<\/a><\/p>\n<p><a href=\"http:\/\/jornal.iof.mg.gov.br\/xmlui\/handle\/123456789\/165834\" target=\"_blank\">http:\/\/jornal.iof.mg.gov.br\/xmlui\/handle\/123456789\/165834<\/a><\/p>\n<p>(Ag\u00eancia Minas)<\/p>\n","protected":false},"excerpt":{"rendered":"<p>Foi publicada, no\u00a0Di\u00e1rio Oficial de Minas Gerais\u00a0dessa quinta-feira (9\/6), mais uma lista com 1.406 aposentadorias de servidores da Educa\u00e7\u00e3o. Com esta nova rela\u00e7\u00e3o de aposentados, o n\u00famero ultrapassa os 18 mil atos desde 2015.\u00a0 S\u00f3 neste ano, j\u00e1 foram publicados 6.042 atos, em quatro lotes. O Governo do Estado conta com uma for\u00e7a-tarefa para tornar [&hellip;]<\/p>\n","protected":false},"author":1,"featured_media":69034,"comment_status":"open","ping_status":"closed","sticky":false,"template":"","format":"standard","meta":{"amp_status":"","footnotes":""},"categories":[40238,123],"tags":[98364,98367,98361,98365,98366,98362,98363],"class_list":["post-88893","post","type-post","status-publish","format-standard","has-post-thumbnail","hentry","category-educacao-2","category-gerais","tag-aposentadorias-da-educacao-em-minas-gerais","tag-aposentadorias-de-servidores-da-educacao-em-minas-gerais","tag-governo-de-minas-gerais-publica-mais-uma-lista-de-aposentadorias-da-educacao","tag-lista-com-1-406-aposentadorias-de-servidores-da-educacao","tag-lista-com-1-406-aposentadorias-de-servidores-da-educacao-em-minas-gerais","tag-lista-de-aposentadorias-da-educacao","tag-lista-de-aposentadorias-da-educacao-em-minas-gerais"],"_links":{"self":[{"href":"https:\/\/aconteceunovale.com.br\/portal\/index.php?rest_route=\/wp\/v2\/posts\/88893","targetHints":{"allow":["GET"]}}],"collection":[{"href":"https:\/\/aconteceunovale.com.br\/portal\/index.php?rest_route=\/wp\/v2\/posts"}],"about":[{"href":"https:\/\/aconteceunovale.com.br\/portal\/index.php?rest_route=\/wp\/v2\/types\/post"}],"author":[{"embeddable":true,"href":"https:\/\/aconteceunovale.com.br\/portal\/index.php?rest_route=\/wp\/v2\/users\/1"}],"replies":[{"embeddable":true,"href":"https:\/\/aconteceunovale.com.br\/portal\/index.php?rest_route=%2Fwp%2Fv2%2Fcomments&post=88893"}],"version-history":[{"count":0,"href":"https:\/\/aconteceunovale.com.br\/portal\/index.php?rest_route=\/wp\/v2\/posts\/88893\/revisions"}],"wp:featuredmedia":[{"embeddable":true,"href":"https:\/\/aconteceunovale.com.br\/portal\/index.php?rest_route=\/wp\/v2\/media\/69034"}],"wp:attachment":[{"href":"https:\/\/aconteceunovale.com.br\/portal\/index.php?rest_route=%2Fwp%2Fv2%2Fmedia&parent=88893"}],"wp:term":[{"taxonomy":"category","embeddable":true,"href":"https:\/\/aconteceunovale.com.br\/portal\/index.php?rest_route=%2Fwp%2Fv2%2Fcategories&post=88893"},{"taxonomy":"post_tag","embeddable":true,"href":"https:\/\/aconteceunovale.com.br\/portal\/index.php?rest_route=%2Fwp%2Fv2%2Ftags&post=88893"}],"curies":[{"name":"wp","href":"https:\/\/api.w.org\/{rel}","templated":true}]}}