{"id":88890,"date":"2016-06-10T12:49:47","date_gmt":"2016-06-10T15:49:47","guid":{"rendered":"http:\/\/aconteceunovale.com.br\/portal\/?p=88890"},"modified":"2016-06-10T12:49:47","modified_gmt":"2016-06-10T15:49:47","slug":"programa-musica-minas-viabiliza-residencias-musicais","status":"publish","type":"post","link":"https:\/\/aconteceunovale.com.br\/portal\/?p=88890","title":{"rendered":"Programa M\u00fasica Minas viabiliza resid\u00eancias musicais"},"content":{"rendered":"<p>A Secretaria de Estado de Cultura, por meio do programa M\u00fasica Minas, e a Funda\u00e7\u00e3o de Educa\u00e7\u00e3o Art\u00edstica (FEA), viabilizam o projeto \u201cTerrit\u00f3rios de Inven\u00e7\u00e3o \u2013 Resid\u00eancias Musicais\u201d, que ir\u00e1 percorrer seis cidades mineiras durante cinco meses \u2013 entre julho e novembro. A cerim\u00f4nia de lan\u00e7amento aconteceu na manh\u00e3 desta ter\u00e7a-feira (7) e contou com belas apresenta\u00e7\u00f5es de m\u00fasica contempor\u00e2nea.<\/p>\n<p>Diamantina, Pouso Alegre, Montes Claros, Uberl\u00e2ndia, Ouro Preto e Belo Horizonte s\u00e3o os munic\u00edpios mineiros escolhidos para abrigar as resid\u00eancias art\u00edsticas, ministradas por artistas de relev\u00e2ncia. Ao menos um artista ir\u00e1 ficar duas semanas em cada uma das cidades envolvidas, debru\u00e7ando-se sobre processos de forma\u00e7\u00e3o musical, aperfei\u00e7oamento de t\u00e9cnicas e experimenta\u00e7\u00e3o. O di\u00e1logo com a Secretaria de Educa\u00e7\u00e3o ser\u00e1 constante, por isso os Conservat\u00f3rios de M\u00fasica do Estado ser\u00e3o envolvidos.<\/p>\n<p>O secret\u00e1rio de Estado de Cultura, Angelo Oswaldo, destaca o potencial da iniciativa. \u201cEste \u00e9, sem d\u00favida, um dos programas mais interessantes da Secretaria de Cultura. \u00c9 contempor\u00e2neo e inovador. N\u00f3s incentivamos e aprimoramos a forma\u00e7\u00e3o de m\u00fasicos, musicistas e compositores, difundindo a m\u00fasica nas diversas regi\u00f5es do Estado. \u00c9 muito estimulante que a Funda\u00e7\u00e3o de Educa\u00e7\u00e3o Art\u00edstica seja a entidade a implementar esse projeto t\u00e3o importante\u201d.<\/p>\n<p>Para Angelo Oswaldo, a expectativa para o \u00eaxito do projeto encontra raz\u00f5es na voca\u00e7\u00e3o do Estado. \u201cMinas Gerais \u00e9 extremamente musical. As cidades selecionadas para receber as resid\u00eancias disp\u00f5em de conservat\u00f3rios, orquestras ou cursos superiores de m\u00fasica, ou seja, toda uma estrutura que vem ser incrementada com esse programa\u201d.<\/p>\n<p>A diretora executiva da Funda\u00e7\u00e3o de Educa\u00e7\u00e3o Art\u00edstica justifica a sele\u00e7\u00e3o da institui\u00e7\u00e3o no edital para a gest\u00e3o do projeto.  \u201cA FEA j\u00e1 faz resid\u00eancia art\u00edstica, mas sem adotar esse termo, desde a d\u00e9cada de 1960, com os chamados Festivais de Inverno de Ouro Preto. Desde ent\u00e3o a Funda\u00e7\u00e3o tem trabalhado frequentemente com esse formato de trabalho\u201d.<\/p>\n<p>Cada uma das cidades selecionadas ir\u00e1 receber resid\u00eancias com temas diferentes, em di\u00e1logo com a cena local. Com experi\u00eancia na recupera\u00e7\u00e3o de acervos musicais em Diamantina, a professora, pesquisadora e flautista Odette Ernest Dias est\u00e1 \u00e0 frente do tema \u201cOs Sons da Cidade\u201d, juntamente do compositor Marcelo Chiaretti. Na capital, a resid\u00eancia fica a cargo do pesquisador, diretor musical e regente Roberto Victorio, que ir\u00e1 trabalhar o tema \u201cO trip\u00e9 composi\u00e7\u00e3o, pesquisa e reg\u00eancia\u201d. Tamb\u00e9m ministram as resid\u00eancias musicais os artistas Kristoff Silva, o grupo Serelepe, os compositores S\u00e9rgio Rodrigo e Rafael Macedo e Ione de Medeiros (Grupo Oficcina Multimedia).<\/p>\n<p>O p\u00fablico interessado em participar do \u201cTerrit\u00f3rios de Inven\u00e7\u00e3o\u201d poder\u00e1 fazer a pr\u00e9-inscri\u00e7\u00e3o pelo site <a href=\"http:\/\/www.residenciasmusicais.com.br\" target=\"_blank\">www.residenciasmusicais.com.br<\/a> no per\u00edodo determinado para cada cidade. As resid\u00eancias s\u00e3o gratuitas. Na maioria dos casos, \u00e9 necess\u00e1rio possuir conhecimento musical pr\u00e9vio para se candidatar \u00e0s vagas. Apenas em Ouro Preto, as vagas ser\u00e3o destinadas a interessados na \u00e1rea de forma geral, e n\u00e3o necessariamente a estudantes e professores de m\u00fasica. A coordena\u00e7\u00e3o do projeto vai avaliar o curr\u00edculo e a carta de inten\u00e7\u00f5es dos candidatos para confirmar a inscri\u00e7\u00e3o de cada um.<\/p>\n<p><img decoding=\"async\" src=\"http:\/\/aconteceunovale.com.br\/portal\/wp-content\/uploads\/2016\/06\/residencia_musical.jpg\" alt=\"\" \/><em>Marcelo Chiaretti (Cr\u00e9dito: Eliane Torino \/ Territ\u00f3rios de Inven\u00e7\u00e3o &#8211; Resid\u00eancias Musicais)<\/em><br \/>\n<\/br><\/p>\n<p><strong>Cronograma, os artistas respons\u00e1veis e o cronograma das resid\u00eancias:<\/strong><\/p>\n<p><strong>Diamantina &#8211; Sons da cidade<\/strong><\/p>\n<p>11 a 22 de julho \u2013 Odette Ernest Dias e Marcelo Chiaretti, no Conservat\u00f3rio Estadual de M\u00fasica Lobo de Mesquita \u2013 40 vagas. Pr\u00e9-inscri\u00e7\u00f5es: 13 a 24 de junho<\/p>\n<p><strong>Pouso Alegre &#8211; Re-verbo: resson\u00e2ncias do encontro entre m\u00fasica e palavra<\/strong><\/p>\n<p>11 a 22 de julho \u2013 Kristoff Silva, no Conservat\u00f3rio Estadual de M\u00fasica Juscelino Kubitscheck de Oliveira \u2013 30 vagas. Pr\u00e9-inscri\u00e7\u00f5es: 13 a 24 de junho<\/p>\n<p><strong>Montes Claros &#8211; Can\u00e7\u00f5es e brincadeiras musicais<\/strong><\/p>\n<p>1\u00ba a 12 de agosto \u2013 Grupo Serelepe, no Conservat\u00f3rio Estadual de M\u00fasica Lorenzo Fernandez \u2013 30 vagas. Pr\u00e9-inscri\u00e7\u00f5es: 20 de junho a 1\u00bade julho<\/p>\n<p><strong>Uberl\u00e2ndia &#8211; Ouvidos em movimento: cria\u00e7\u00e3o e performances musicais coletivas<\/strong><\/p>\n<p>15 a 26 de agosto \u2013 Rafael Macedo e S\u00e9rgio Rodrigo, na Oficina Cultural de Uberl\u00e2ndia \u2013 30 vagas. Pr\u00e9-inscri\u00e7\u00f5es: 18 de julho a 3 de agosto<\/p>\n<p><strong>Ouro Preto &#8211; R\u00edtmica no espa\u00e7o c\u00eanico<\/strong><\/p>\n<p>5 a 16 de setembro \u2013 Ione de Medeiros e Grupo Oficcina Multim\u00e9dia, no Departamento de M\u00fasica da UFOP \u2013 30 vagas. Pr\u00e9-inscri\u00e7\u00f5es: 8 a 19 de agosto<\/p>\n<p><strong>Belo Horizonte &#8211; O trip\u00e9: composi\u00e7\u00e3o, pesquisa e reg\u00eancia<\/strong><\/p>\n<p>31 de outubro a 11 de novembro \u2013 Roberto Victorio, na Funda\u00e7\u00e3o de Educa\u00e7\u00e3o Art\u00edstica \u2013 30 vagas. Pr\u00e9-inscri\u00e7\u00f5es: 3 a 14 de outubro<\/p>\n<p>(Ascom Territ\u00f3rios de Inven\u00e7\u00e3o &#8211; Resid\u00eancias Musicais)<\/p>\n","protected":false},"excerpt":{"rendered":"<p>A Secretaria de Estado de Cultura, por meio do programa M\u00fasica Minas, e a Funda\u00e7\u00e3o de Educa\u00e7\u00e3o Art\u00edstica (FEA), viabilizam o projeto \u201cTerrit\u00f3rios de Inven\u00e7\u00e3o \u2013 Resid\u00eancias Musicais\u201d, que ir\u00e1 percorrer seis cidades mineiras durante cinco meses \u2013 entre julho e novembro. A cerim\u00f4nia de lan\u00e7amento aconteceu na manh\u00e3 desta ter\u00e7a-feira (7) e contou com [&hellip;]<\/p>\n","protected":false},"author":1,"featured_media":88891,"comment_status":"open","ping_status":"closed","sticky":false,"template":"","format":"standard","meta":{"amp_status":"","footnotes":""},"categories":[123,120],"tags":[28372,194,198,98358,210,211,216,64385,98352,98354,98356,98351,98353,98355,98357,98360,98359,221],"class_list":["post-88890","post","type-post","status-publish","format-standard","has-post-thumbnail","hentry","category-gerais","category-jequi","tag-angelo-oswaldo","tag-belo-horizonte","tag-diamantina","tag-fundacao-de-educacao-artistica","tag-montes-claros","tag-ouro-preto","tag-pouso-alegre","tag-programa-musica-minas","tag-programa-musica-minas-viabiliza-residencia-musical-em-diamantina","tag-programa-musica-minas-viabiliza-residencia-musical-em-montes-claros","tag-programa-musica-minas-viabiliza-residencia-musical-em-ouro-preto","tag-programa-musica-minas-viabiliza-residencias-musicais","tag-residencia-musical-em-diamantina","tag-residencia-musical-em-montes-claros","tag-residencia-musical-em-ouro-preto","tag-secretario-de-estado-de-cultura","tag-territorios-de-invencao-residencias-musicais","tag-uberlandia"],"_links":{"self":[{"href":"https:\/\/aconteceunovale.com.br\/portal\/index.php?rest_route=\/wp\/v2\/posts\/88890","targetHints":{"allow":["GET"]}}],"collection":[{"href":"https:\/\/aconteceunovale.com.br\/portal\/index.php?rest_route=\/wp\/v2\/posts"}],"about":[{"href":"https:\/\/aconteceunovale.com.br\/portal\/index.php?rest_route=\/wp\/v2\/types\/post"}],"author":[{"embeddable":true,"href":"https:\/\/aconteceunovale.com.br\/portal\/index.php?rest_route=\/wp\/v2\/users\/1"}],"replies":[{"embeddable":true,"href":"https:\/\/aconteceunovale.com.br\/portal\/index.php?rest_route=%2Fwp%2Fv2%2Fcomments&post=88890"}],"version-history":[{"count":0,"href":"https:\/\/aconteceunovale.com.br\/portal\/index.php?rest_route=\/wp\/v2\/posts\/88890\/revisions"}],"wp:featuredmedia":[{"embeddable":true,"href":"https:\/\/aconteceunovale.com.br\/portal\/index.php?rest_route=\/wp\/v2\/media\/88891"}],"wp:attachment":[{"href":"https:\/\/aconteceunovale.com.br\/portal\/index.php?rest_route=%2Fwp%2Fv2%2Fmedia&parent=88890"}],"wp:term":[{"taxonomy":"category","embeddable":true,"href":"https:\/\/aconteceunovale.com.br\/portal\/index.php?rest_route=%2Fwp%2Fv2%2Fcategories&post=88890"},{"taxonomy":"post_tag","embeddable":true,"href":"https:\/\/aconteceunovale.com.br\/portal\/index.php?rest_route=%2Fwp%2Fv2%2Ftags&post=88890"}],"curies":[{"name":"wp","href":"https:\/\/api.w.org\/{rel}","templated":true}]}}