{"id":88875,"date":"2016-06-10T10:30:45","date_gmt":"2016-06-10T13:30:45","guid":{"rendered":"http:\/\/aconteceunovale.com.br\/portal\/?p=88875"},"modified":"2016-06-10T10:30:45","modified_gmt":"2016-06-10T13:30:45","slug":"cemig-realiza-obras-na-rede-eletrica-de-governador-valadares","status":"publish","type":"post","link":"https:\/\/aconteceunovale.com.br\/portal\/?p=88875","title":{"rendered":"Cemig realiza obras na rede el\u00e9trica de Governador Valadares"},"content":{"rendered":"<p>A Companhia Energ\u00e9tica de Minas Gerais \u2013 Cemig informa, que no pr\u00f3ximo domingo (12\/06) realizar\u00e1 obras de reforma e refor\u00e7o na Rede de Distribui\u00e7\u00e3o Urbana \u2013 RDU de Governador Valadares.<\/p>\n<p>Esse servi\u00e7o ser\u00e1 realizado no final de semana para diminuir impacto da interrup\u00e7\u00e3o de energia para as atividades industriais e comerciais atingidas pelo desligamento.<\/p>\n<p>Para executar esse trabalho com seguran\u00e7a, ser\u00e1 necess\u00e1rio interromper o fornecimento de energia de 11h \u00e0s 17h, nos seguintes endere\u00e7os:<\/p>\n<p>Avenida Brasil, entre n\u00fameros 2038 e 2837, Centro<\/p>\n<p>Avenida Brasil, n\u00famero 2030, Esplanadinha<\/p>\n<p>Rua Prudente de Morais, entre n\u00fameros 1 e 240, Centro<\/p>\n<p>Rua Eni Cabral, entre n\u00fameros 25 e 81, Centro<\/p>\n<p>Pra\u00e7a Catedral Santo Antonio, entre n\u00fameros 43 e 55, Centro<\/p>\n<p>Rua Tiradentes, entre n\u00fameros 122 e 242, Centro<\/p>\n<p>Rua Cl\u00e1udio Manoel, entre n\u00fameros 200 e 649, S\u00e3o Tarc\u00edsio<\/p>\n<p>Rua Cl\u00e1udio Manoel, Entre N\u00fameros 2 e 199, Esplanada<\/p>\n<p>Rua Geraldo Vieira dos Santos, entre n\u00fameros 9 e 10, S\u00e3o Tarc\u00edsio<\/p>\n<p>Rua Rio Doce, n\u00famero 14, \u00c1rea Lazer J. Xavier<\/p>\n<p>Durante esse per\u00edodo, caso precise executar algum servi\u00e7o na instala\u00e7\u00e3o el\u00e9trica interna, o consumidor dever\u00e1 desligar antes a chave geral (disjuntor) para sua seguran\u00e7a.<\/p>\n<p>A empresa esclarece que em fun\u00e7\u00e3o da complexidade dos servi\u00e7os a serem executados poder\u00e1 ocorrer atraso no hor\u00e1rio previsto ou cancelamento deste desligamento sem aviso pr\u00e9vio. Por medida de seguran\u00e7a todos os equipamentos devem ser considerados energizados durante o per\u00edodo mencionado. Caso os servi\u00e7os de melhoria sejam conclu\u00eddos antes do hor\u00e1rio indicado o fornecimento de energia el\u00e9trica ser\u00e1 restabelecido. (Ascom Cemig)<\/p>\n","protected":false},"excerpt":{"rendered":"<p>A Companhia Energ\u00e9tica de Minas Gerais \u2013 Cemig informa, que no pr\u00f3ximo domingo (12\/06) realizar\u00e1 obras de reforma e refor\u00e7o na Rede de Distribui\u00e7\u00e3o Urbana \u2013 RDU de Governador Valadares. Esse servi\u00e7o ser\u00e1 realizado no final de semana para diminuir impacto da interrup\u00e7\u00e3o de energia para as atividades industriais e comerciais atingidas pelo desligamento. Para [&hellip;]<\/p>\n","protected":false},"author":1,"featured_media":88876,"comment_status":"open","ping_status":"closed","sticky":false,"template":"","format":"standard","meta":{"amp_status":"","footnotes":""},"categories":[121],"tags":[64800,98338,88566,64802,16411,98337,29090,47967,247,15873],"class_list":["post-88875","post","type-post","status-publish","format-standard","has-post-thumbnail","hentry","category-leste","tag-aviso-cemig-governador-valadares","tag-aviso-de-desligamento-da-rede-eletrica-em-governador-valadares","tag-cemig-aviso-governador-valadares","tag-cemig-realiza-obras-na-rede-eletrica-de-governador-valadares","tag-desligamento-da-rede-eletrica-em-governador-valadares","tag-desligamento-programado-da-rede-eletrica-em-governador-valadares","tag-falta-de-energia-em-governador-valadares","tag-falta-de-luz-em-governador-valadares","tag-governador-valadares","tag-obras-na-rede-eletrica-de-governador-valadares"],"_links":{"self":[{"href":"https:\/\/aconteceunovale.com.br\/portal\/index.php?rest_route=\/wp\/v2\/posts\/88875","targetHints":{"allow":["GET"]}}],"collection":[{"href":"https:\/\/aconteceunovale.com.br\/portal\/index.php?rest_route=\/wp\/v2\/posts"}],"about":[{"href":"https:\/\/aconteceunovale.com.br\/portal\/index.php?rest_route=\/wp\/v2\/types\/post"}],"author":[{"embeddable":true,"href":"https:\/\/aconteceunovale.com.br\/portal\/index.php?rest_route=\/wp\/v2\/users\/1"}],"replies":[{"embeddable":true,"href":"https:\/\/aconteceunovale.com.br\/portal\/index.php?rest_route=%2Fwp%2Fv2%2Fcomments&post=88875"}],"version-history":[{"count":0,"href":"https:\/\/aconteceunovale.com.br\/portal\/index.php?rest_route=\/wp\/v2\/posts\/88875\/revisions"}],"wp:featuredmedia":[{"embeddable":true,"href":"https:\/\/aconteceunovale.com.br\/portal\/index.php?rest_route=\/wp\/v2\/media\/88876"}],"wp:attachment":[{"href":"https:\/\/aconteceunovale.com.br\/portal\/index.php?rest_route=%2Fwp%2Fv2%2Fmedia&parent=88875"}],"wp:term":[{"taxonomy":"category","embeddable":true,"href":"https:\/\/aconteceunovale.com.br\/portal\/index.php?rest_route=%2Fwp%2Fv2%2Fcategories&post=88875"},{"taxonomy":"post_tag","embeddable":true,"href":"https:\/\/aconteceunovale.com.br\/portal\/index.php?rest_route=%2Fwp%2Fv2%2Ftags&post=88875"}],"curies":[{"name":"wp","href":"https:\/\/api.w.org\/{rel}","templated":true}]}}