{"id":88872,"date":"2016-06-10T10:28:23","date_gmt":"2016-06-10T13:28:23","guid":{"rendered":"http:\/\/aconteceunovale.com.br\/portal\/?p=88872"},"modified":"2016-06-10T10:28:23","modified_gmt":"2016-06-10T13:28:23","slug":"semana-nacional-de-prevencao-as-drogas-tera-maratona-em-capelinha","status":"publish","type":"post","link":"https:\/\/aconteceunovale.com.br\/portal\/?p=88872","title":{"rendered":"Semana Nacional de Preven\u00e7\u00e3o \u00e0s Drogas ter\u00e1 maratona em Capelinha"},"content":{"rendered":"<p>A Semana Nacional de Preven\u00e7\u00e3o \u00e0s Drogas acontece de 19 a 26 de junho. Em Capelinha, v\u00e1rias atividades est\u00e3o sendo preparadas para conscientizar a popula\u00e7\u00e3o sobre os perigos das drogas. O ponto alto das atividades ser\u00e1 a Maratona da Preven\u00e7\u00e3o, com a participa\u00e7\u00e3o de atletas e estudantes percorrendo diversos pontos da cidade com a tocha ol\u00edmpica simb\u00f3lica, na manh\u00e3 do dia 24, sexta-feira. \u201cComo este \u00e9 o ano das Olimp\u00edadas e elas acontecem no Brasil, estamos aproveitando o esp\u00edrito esportivo para combater o grave problema das drogas\u201d, declarou a presidente do Comad, F\u00e1tima Santos Pimenta.<\/p>\n<p>As atividades est\u00e3o sendo promovidas pela Prefeitura de Capelinha, por meio do Conselho Municipal de Pol\u00edticas P\u00fablicas sobre Drogas (Comad), com a participa\u00e7\u00e3o de todas as secretarias. Tamb\u00e9m participar\u00e3o da Semana Nacional de Preven\u00e7\u00e3o \u00e0s Drogas as escolas p\u00fablicas, o Col\u00e9gio Vencer, al\u00e9m da Pol\u00edcia Civil e Pol\u00edcia Militar, mas a busca de novas parcerias continua. Todas as a\u00e7\u00f5es t\u00eam a orienta\u00e7\u00e3o da Subsecretaria de Pol\u00edticas sobre Drogas de Minas Gerais.<\/p>\n<p>Na manh\u00e3 desta ter\u00e7a-feira, dia 7 de junho, uma reuni\u00e3o na C\u00e2mara Municipal foi realizada para definir como ser\u00e1 realizada a Maratona da Preven\u00e7\u00e3o. Foi definido um trajeto de cerca de 18 quil\u00f4metros, saindo da Escola Estadual Rosarinha Pimentinha, passando por v\u00e1rios trechos at\u00e9 chegar \u00e0 Pra\u00e7a do Povo, onde haver\u00e1 a concentra\u00e7\u00e3o de estudantes, atletas e autoridades. No local, haver\u00e1 a apresenta\u00e7\u00e3o de um mon\u00f3logo pelo ator Luan Henrique Dias e da atividade f\u00edsica body combat por Cimael Campos. (Ascom Capelinha)<\/p>\n","protected":false},"excerpt":{"rendered":"<p>A Semana Nacional de Preven\u00e7\u00e3o \u00e0s Drogas acontece de 19 a 26 de junho. Em Capelinha, v\u00e1rias atividades est\u00e3o sendo preparadas para conscientizar a popula\u00e7\u00e3o sobre os perigos das drogas. O ponto alto das atividades ser\u00e1 a Maratona da Preven\u00e7\u00e3o, com a participa\u00e7\u00e3o de atletas e estudantes percorrendo diversos pontos da cidade com a tocha [&hellip;]<\/p>\n","protected":false},"author":1,"featured_media":88873,"comment_status":"open","ping_status":"closed","sticky":false,"template":"","format":"standard","meta":{"amp_status":"","footnotes":""},"categories":[125,120],"tags":[132,33475,98335,98333,98334,98336],"class_list":["post-88872","post","type-post","status-publish","format-standard","has-post-thumbnail","hentry","category-noticias","category-jequi","tag-capelinha","tag-comad","tag-fatima-santos-pimenta","tag-semana-nacional-de-prevencao-as-drogas","tag-semana-nacional-de-prevencao-as-drogas-em-capelinha","tag-semana-nacional-de-prevencao-as-drogas-tera-maratona-em-capelinha"],"_links":{"self":[{"href":"https:\/\/aconteceunovale.com.br\/portal\/index.php?rest_route=\/wp\/v2\/posts\/88872","targetHints":{"allow":["GET"]}}],"collection":[{"href":"https:\/\/aconteceunovale.com.br\/portal\/index.php?rest_route=\/wp\/v2\/posts"}],"about":[{"href":"https:\/\/aconteceunovale.com.br\/portal\/index.php?rest_route=\/wp\/v2\/types\/post"}],"author":[{"embeddable":true,"href":"https:\/\/aconteceunovale.com.br\/portal\/index.php?rest_route=\/wp\/v2\/users\/1"}],"replies":[{"embeddable":true,"href":"https:\/\/aconteceunovale.com.br\/portal\/index.php?rest_route=%2Fwp%2Fv2%2Fcomments&post=88872"}],"version-history":[{"count":0,"href":"https:\/\/aconteceunovale.com.br\/portal\/index.php?rest_route=\/wp\/v2\/posts\/88872\/revisions"}],"wp:featuredmedia":[{"embeddable":true,"href":"https:\/\/aconteceunovale.com.br\/portal\/index.php?rest_route=\/wp\/v2\/media\/88873"}],"wp:attachment":[{"href":"https:\/\/aconteceunovale.com.br\/portal\/index.php?rest_route=%2Fwp%2Fv2%2Fmedia&parent=88872"}],"wp:term":[{"taxonomy":"category","embeddable":true,"href":"https:\/\/aconteceunovale.com.br\/portal\/index.php?rest_route=%2Fwp%2Fv2%2Fcategories&post=88872"},{"taxonomy":"post_tag","embeddable":true,"href":"https:\/\/aconteceunovale.com.br\/portal\/index.php?rest_route=%2Fwp%2Fv2%2Ftags&post=88872"}],"curies":[{"name":"wp","href":"https:\/\/api.w.org\/{rel}","templated":true}]}}