{"id":88830,"date":"2016-06-09T19:06:23","date_gmt":"2016-06-09T22:06:23","guid":{"rendered":"http:\/\/aconteceunovale.com.br\/portal\/?p=88830"},"modified":"2016-06-09T19:06:23","modified_gmt":"2016-06-09T22:06:23","slug":"produtores-mineiros-tem-ate-10-de-junho-para-comprovar-vacinacao-contra-a-febre-aftosa","status":"publish","type":"post","link":"https:\/\/aconteceunovale.com.br\/portal\/?p=88830","title":{"rendered":"Produtores mineiros t\u00eam at\u00e9 10 de junho para comprovar vacina\u00e7\u00e3o contra a febre aftosa"},"content":{"rendered":"<p>Produtores rurais de Minas Gerais t\u00eam at\u00e9 sexta-feira (10\/6) para comprovar junto ao Instituto Mineiro de Agropecu\u00e1ria (IMA) a vacina\u00e7\u00e3o de seu rebanho bovino e bubalino contra a febre aftosa.  Essa comprova\u00e7\u00e3o refere-se \u00e0 primeira etapa anual de imuniza\u00e7\u00e3o contra a doen\u00e7a, finalizada em 31 de maio.<\/p>\n<p>Quem n\u00e3o comprovar a vacina\u00e7\u00e3o estar\u00e1 sujeito a multa de R$ 15,05 por animal.<\/p>\n<p>A comprova\u00e7\u00e3o pode ser feita por meio do site do IMA (<a href=\"http:\/\/www.ima.mg.gov.br\" target=\"_blank\">www.ima.mg.gov.br<\/a>) ou o produtor pode levar a declara\u00e7\u00e3o de vacina\u00e7\u00e3o j\u00e1 preenchida, juntamente com a nota fiscal de compra das vacinas, a um dos 209 escrit\u00f3rios do instituto.<\/p>\n<p>O gerente de Defesa Sanit\u00e1ria Animal do IMA, Guilherme Costa Negro Dias, refor\u00e7a a import\u00e2ncia de o produtor informar ao IMA a vacina\u00e7\u00e3o de seu rebanho nesta primeira etapa, pois essas informa\u00e7\u00f5es s\u00e3o relevantes para o monitoramento da imuniza\u00e7\u00e3o do plantel mineiro. E j\u00e1 alerta os produtores para a pr\u00f3xima etapa, em novembro, quando dever\u00e3o ser vacinados todos os bovinos e bubalinos com idade at\u00e9 dois anos.<\/p>\n<p>\u201cA vacina\u00e7\u00e3o \u00e9 a principal ferramenta para proteger o rebanho contra o v\u00edrus da febre aftosa. Por isso, \u00e9 importante estar sempre atento \u00e0s duas etapas de vacina\u00e7\u00e3o que ocorrem nos meses de maio e novembro. Com isso, protegemos os animais contra a doen\u00e7a e garantimos para a manuten\u00e7\u00e3o do status de Minas Gerais de \u00e1rea livre de febre aftosa com vacina\u00e7\u00e3o, o que garante o acesso dos produtos da bovinocultura mineira aos mercados internacionais\u201d, diz Dias.<\/p>\n<p><img decoding=\"async\" src=\"http:\/\/aconteceunovale.com.br\/portal\/wp-content\/uploads\/2016\/06\/Bovinos2.jpg\" alt=\"\" \/><em>Produtor precisa apresentar a declara\u00e7\u00e3o da vacina\u00e7\u00e3o do rebanho (Wagner Tamietti\/IMA)<\/em><br \/>\n<\/br><\/p>\n<p>(Ag\u00eancia Minas)<\/p>\n","protected":false},"excerpt":{"rendered":"<p>Produtores rurais de Minas Gerais t\u00eam at\u00e9 sexta-feira (10\/6) para comprovar junto ao Instituto Mineiro de Agropecu\u00e1ria (IMA) a vacina\u00e7\u00e3o de seu rebanho bovino e bubalino contra a febre aftosa. Essa comprova\u00e7\u00e3o refere-se \u00e0 primeira etapa anual de imuniza\u00e7\u00e3o contra a doen\u00e7a, finalizada em 31 de maio. Quem n\u00e3o comprovar a vacina\u00e7\u00e3o estar\u00e1 sujeito a [&hellip;]<\/p>\n","protected":false},"author":1,"featured_media":88831,"comment_status":"open","ping_status":"closed","sticky":false,"template":"","format":"standard","meta":{"amp_status":"","footnotes":""},"categories":[123],"tags":[98275,1018,459,98274,7022,90648],"class_list":["post-88830","post","type-post","status-publish","format-standard","has-post-thumbnail","hentry","category-gerais","tag-comprovar-vacinacao-contra-a-febre-aftosa","tag-destaque","tag-febre-aftosa","tag-produtores-mineiros-tem-ate-10-de-junho-para-comprovar-vacinacao-contra-a-febre-aftosa","tag-vacinacao-contra-a-febre-aftosa","tag-vacinacao-contra-a-febre-aftosa-em-minas-gerais"],"_links":{"self":[{"href":"https:\/\/aconteceunovale.com.br\/portal\/index.php?rest_route=\/wp\/v2\/posts\/88830","targetHints":{"allow":["GET"]}}],"collection":[{"href":"https:\/\/aconteceunovale.com.br\/portal\/index.php?rest_route=\/wp\/v2\/posts"}],"about":[{"href":"https:\/\/aconteceunovale.com.br\/portal\/index.php?rest_route=\/wp\/v2\/types\/post"}],"author":[{"embeddable":true,"href":"https:\/\/aconteceunovale.com.br\/portal\/index.php?rest_route=\/wp\/v2\/users\/1"}],"replies":[{"embeddable":true,"href":"https:\/\/aconteceunovale.com.br\/portal\/index.php?rest_route=%2Fwp%2Fv2%2Fcomments&post=88830"}],"version-history":[{"count":0,"href":"https:\/\/aconteceunovale.com.br\/portal\/index.php?rest_route=\/wp\/v2\/posts\/88830\/revisions"}],"wp:featuredmedia":[{"embeddable":true,"href":"https:\/\/aconteceunovale.com.br\/portal\/index.php?rest_route=\/wp\/v2\/media\/88831"}],"wp:attachment":[{"href":"https:\/\/aconteceunovale.com.br\/portal\/index.php?rest_route=%2Fwp%2Fv2%2Fmedia&parent=88830"}],"wp:term":[{"taxonomy":"category","embeddable":true,"href":"https:\/\/aconteceunovale.com.br\/portal\/index.php?rest_route=%2Fwp%2Fv2%2Fcategories&post=88830"},{"taxonomy":"post_tag","embeddable":true,"href":"https:\/\/aconteceunovale.com.br\/portal\/index.php?rest_route=%2Fwp%2Fv2%2Ftags&post=88830"}],"curies":[{"name":"wp","href":"https:\/\/api.w.org\/{rel}","templated":true}]}}