{"id":88823,"date":"2016-06-09T15:19:55","date_gmt":"2016-06-09T18:19:55","guid":{"rendered":"http:\/\/aconteceunovale.com.br\/portal\/?p=88823"},"modified":"2016-06-09T15:19:55","modified_gmt":"2016-06-09T18:19:55","slug":"minas-gerais-registra-a-menor-temperatura-dos-ultimos-16-anos","status":"publish","type":"post","link":"https:\/\/aconteceunovale.com.br\/portal\/?p=88823","title":{"rendered":"Minas Gerais registra a menor temperatura dos \u00faltimos 16 anos"},"content":{"rendered":"<p>Minas Gerais registrou a menor temperatura em 16 anos na manh\u00e3 desta quinta-feira (9\/6) em Monte Verde, distrito de Camanducaia, no Sul do Estado. Os term\u00f4metros da cidade marcaram -0,7 \u00b0C \u00e0s 6h desta manh\u00e3, algo que n\u00e3o acontece desde 2000.<\/p>\n<p>Segundo o Instituto de Climatologia TempoClima\/PUC Minas, as temperaturas baixas j\u00e1 eram esperadas devido a chegada de uma massa de ar frio no Estado, prevista para quarta-feira (8). A expectativa dos meteorologistas \u00e9 que esse recorde ainda seja quebrado novamente durante o inverno que deve ser um dos mais rigorosos. <\/p>\n<p><img decoding=\"async\" src=\"http:\/\/aconteceunovale.com.br\/portal\/wp-content\/uploads\/2016\/06\/gelado_mg_1.jpg\" alt=\"\" \/><em>Monte Verde registrou temperatura negativa (Foto: Nelson Pacheco\/Divulga\u00e7\u00e3o)<\/em><br \/>\n<\/br><\/p>\n<p><strong>Belo Horizonte e regi\u00e3o metropolitana <\/strong><\/p>\n<p>Em Belo Horizonte, a previs\u00e3o para esta quinta (9) \u00e9 de que o tempo fique parcialmente nublado, com possibilidade de chuvas em pontos isolados. As temperaturas devem permanecer entre m\u00ednima de 14\u00ba C e m\u00e1xima de 23\u00ba C. O mesmo acontece na regi\u00e3o metropolitana de Belo Horizonte.<\/p>\n<p>De acordo com o Instituto de Climatologia TempoClima\/PUC Minas, as chuvas registradas no in\u00edcio do m\u00eas foram at\u00edpicas e n\u00e3o devem se repetir nos pr\u00f3ximos dias, sendo esperadas apenas chuvas r\u00e1pidas e fracas.<\/p>\n<p><strong>Tempo est\u00e1vel no fim de semana<\/strong><\/p>\n<p>Para o fim de semana, o tempo deve permanecer est\u00e1vel e sem chuvas.  As temperaturas previstas para o s\u00e1bado e o domingo s\u00e3o de m\u00ednima 12\u00b0 C e m\u00e1xima 23\u00b0C na capital mineira.<\/p>\n<p><img decoding=\"async\" src=\"http:\/\/aconteceunovale.com.br\/portal\/wp-content\/uploads\/2016\/06\/gelado_mg_2.jpg\" alt=\"\" \/><em>Monte Verde registrou temperatura negativa (Foto: Nelson Pacheco\/Divulga\u00e7\u00e3o)<\/em><br \/>\n<\/br><\/p>\n<p><img decoding=\"async\" src=\"http:\/\/aconteceunovale.com.br\/portal\/wp-content\/uploads\/2016\/06\/gelado_mg_3.jpg\" alt=\"\" \/><em>Monte Verde registrou temperatura negativa (Foto: Nelson Pacheco\/Divulga\u00e7\u00e3o)<\/em><br \/>\n<\/br><\/p>\n<p><img decoding=\"async\" src=\"http:\/\/aconteceunovale.com.br\/portal\/wp-content\/uploads\/2016\/06\/gelado_mg_4.jpg\" alt=\"\" \/><em>Monte Verde registrou temperatura negativa (Foto: Nelson Pacheco\/Divulga\u00e7\u00e3o)<\/em><br \/>\n<\/br><\/p>\n<p><img decoding=\"async\" src=\"http:\/\/aconteceunovale.com.br\/portal\/wp-content\/uploads\/2016\/06\/gelado_mg_5.jpg\" alt=\"\" \/><em>Monte Verde registrou temperatura negativa (Foto: Nelson Pacheco\/Divulga\u00e7\u00e3o)<\/em><br \/>\n<\/br><\/p>\n<p><em>(Fonte: O Tempo \/ Rep\u00f3rter: Isabela Meireles)<\/em><\/p>\n","protected":false},"excerpt":{"rendered":"<p>Minas Gerais registrou a menor temperatura em 16 anos na manh\u00e3 desta quinta-feira (9\/6) em Monte Verde, distrito de Camanducaia, no Sul do Estado. Os term\u00f4metros da cidade marcaram -0,7 \u00b0C \u00e0s 6h desta manh\u00e3, algo que n\u00e3o acontece desde 2000. Segundo o Instituto de Climatologia TempoClima\/PUC Minas, as temperaturas baixas j\u00e1 eram esperadas devido [&hellip;]<\/p>\n","protected":false},"author":1,"featured_media":88827,"comment_status":"open","ping_status":"closed","sticky":false,"template":"","format":"standard","meta":{"amp_status":"","footnotes":""},"categories":[123],"tags":[1543,1018,98272,98269,98273,98267,51410,98268,98271,98270,34232],"class_list":["post-88823","post","type-post","status-publish","format-standard","has-post-thumbnail","hentry","category-gerais","tag-camanducaia","tag-destaque","tag-friagem-em-minas-gerais","tag-frio-em-minas-gerais","tag-gelo-em-minas-gerais","tag-minas-gerais-registra-a-menor-temperatura-dos-ultimos-16-anos","tag-monte-verde","tag-monte-verde-registrou-temperatura-negativa","tag-temperatura-abaixo-de-zero-em-minas-gerais","tag-temperatura-negativa-em-minas-gerais","tag-tempo-em-minas-gerais"],"_links":{"self":[{"href":"https:\/\/aconteceunovale.com.br\/portal\/index.php?rest_route=\/wp\/v2\/posts\/88823","targetHints":{"allow":["GET"]}}],"collection":[{"href":"https:\/\/aconteceunovale.com.br\/portal\/index.php?rest_route=\/wp\/v2\/posts"}],"about":[{"href":"https:\/\/aconteceunovale.com.br\/portal\/index.php?rest_route=\/wp\/v2\/types\/post"}],"author":[{"embeddable":true,"href":"https:\/\/aconteceunovale.com.br\/portal\/index.php?rest_route=\/wp\/v2\/users\/1"}],"replies":[{"embeddable":true,"href":"https:\/\/aconteceunovale.com.br\/portal\/index.php?rest_route=%2Fwp%2Fv2%2Fcomments&post=88823"}],"version-history":[{"count":0,"href":"https:\/\/aconteceunovale.com.br\/portal\/index.php?rest_route=\/wp\/v2\/posts\/88823\/revisions"}],"wp:featuredmedia":[{"embeddable":true,"href":"https:\/\/aconteceunovale.com.br\/portal\/index.php?rest_route=\/wp\/v2\/media\/88827"}],"wp:attachment":[{"href":"https:\/\/aconteceunovale.com.br\/portal\/index.php?rest_route=%2Fwp%2Fv2%2Fmedia&parent=88823"}],"wp:term":[{"taxonomy":"category","embeddable":true,"href":"https:\/\/aconteceunovale.com.br\/portal\/index.php?rest_route=%2Fwp%2Fv2%2Fcategories&post=88823"},{"taxonomy":"post_tag","embeddable":true,"href":"https:\/\/aconteceunovale.com.br\/portal\/index.php?rest_route=%2Fwp%2Fv2%2Ftags&post=88823"}],"curies":[{"name":"wp","href":"https:\/\/api.w.org\/{rel}","templated":true}]}}