{"id":88816,"date":"2016-06-09T14:28:37","date_gmt":"2016-06-09T17:28:37","guid":{"rendered":"http:\/\/aconteceunovale.com.br\/portal\/?p=88816"},"modified":"2016-06-09T14:28:37","modified_gmt":"2016-06-09T17:28:37","slug":"policia-tem-dificuldade-para-investigar-acidente-que-matou-18-pessoas-em-sp","status":"publish","type":"post","link":"https:\/\/aconteceunovale.com.br\/portal\/?p=88816","title":{"rendered":"Pol\u00edcia tem dificuldade para investigar acidente que matou 18 pessoas em SP"},"content":{"rendered":"<p>Muitas pe\u00e7as importantes para o trabalho dos peritos na identifica\u00e7\u00e3o das causas do acidente com \u00f4nibus que capotou na noite de ontem (8\/6), na rodovia Mogi-Bertioga, no estado de S\u00e3o Paulo, j\u00e1 pr\u00f3ximo ao litoral norte, foram danificadas. Uma delas \u00e9, por exemplo, o tac\u00f3grafo, equipamento que poderia apontar a velocidade do ve\u00edculo. A informa\u00e7\u00e3o foi dada hoje (9\/6) pelo titular da Delegacia de Bertioga, F\u00e1bio Pierre.<\/p>\n<p>O \u00f4nibus ia de Mogi das Cruzes para Bertioga e a maioria das v\u00edtimas morava em S\u00e3o Sebasti\u00e3o. Entre os mortos e feridos, estudantes universit\u00e1rios e do ensino m\u00e9dio. Todos estudavam em Mogi das Cruzes.<\/p>\n<p>No acidente, morreram pelo menos 18 pessoas e mais de 10 ficaram feridas, sendo duas est\u00e3o em estado grave. Um dos passageiros, Eric Augusto Ramalho, est\u00e1 na Unidade de Terapia Intensiva (UIT) do Hospital Santo Amaro, no Guaruj\u00e1, para onde foram encaminhados seis feridos.<\/p>\n<p>Destes, dois morreram (Rita de C\u00e1ssia e Carolina Mareca) e outros tr\u00eas est\u00e3o est\u00e1veis (Lais de Oliveira, Luziane Batista e Aline de Jesus). A idade precisa das v\u00edtimas n\u00e3o foi divulgada pelo hospital, mas a grande maioria tem entre 19 e 22 anos.<\/p>\n<p>Entre os mortos estava o motorista que trabalhava h\u00e1 dois anos para a empresa Uni\u00e3o do Litoral, fretado pela prefeitura de S\u00e3o Sebasti\u00e3o. Segundo a prefeitura, a empresa foi contratada para operar 13 linhas de transporte de estudantes, sendo seis no caminho entre S\u00e3o Sebasti\u00e3o e Mogi das Cruzes. A documenta\u00e7\u00e3o do \u00f4nibus, ainda de acordo com a prefeitura, estava em ordem.<\/p>\n<p>O trecho da estrada onde o \u00f4nibus tombou era de declive e com pouca ilumina\u00e7\u00e3o, afirmou o delegado F\u00e1bio Pierre. N\u00e3o estava chovendo, mas o ve\u00edculo bateu numa rocha e, ao tombar ficando com as rodas para cima, teve toda a parte do teto destru\u00edda, inclusive a cabine. &#8220;A maioria das v\u00edtimas sofreu contus\u00f5es muito s\u00e9rias na cabe\u00e7a\u201d, disse o delegado em entrevista a R\u00e1dio Nacional.<\/p>\n<p><strong>Per\u00edcia<\/strong><\/p>\n<p>Ele afirmou que pode ter ocorrido uma conjun\u00e7\u00e3o de fatores determinando o acidente, mas s\u00f3 a per\u00edcia poder\u00e1 identificar se houve falha humana, condi\u00e7\u00f5es adversas na estrada ou mesmo quest\u00f5es mec\u00e2nicas. O problema, disse o delegado, \u00e9 que est\u00e1 sendo muito dif\u00edcil o trabalho dos peritos para auxiliar nas investiga\u00e7\u00f5es em raz\u00e3o do estado em que ficou o \u00f4nibus, um monte de ferro retorcido, incluindo o tac\u00f3grafo.<\/p>\n<p>A cena que se via no local logo ap\u00f3s o acidente era chocante, afirmou o delegado. \u201cSomos pais, temos filhos que estudam e chegar no local e ver 15 corpos e dezenas de feridos em meio a sangue, casacos, mochilas, bolsas, at\u00e9 cobertores porque estava frio e celulares tocando isso deixou todos chocados\u201d, afirmou.<\/p>\n<p>De acordo com o delegado, o \u00f4nibus foi fabricado em 2005 e, apesar de a estrada ser perigosa, o motorista conhecia bem o trajeto que fazia h\u00e1 pelo menos dois anos. O policial comentou, ainda, que por pouco n\u00e3o ocorreu outra trag\u00e9dia porque enquanto os bombeiros, a Pol\u00edcia Rodovi\u00e1ria e demais socorristas atendiam as v\u00edtimas, um caminh\u00e3o desgovernado surgiu na contram\u00e3o da estrada e s\u00f3 parou ap\u00f3s bater em um guincho e em uma viatura do Corpo de Bombeiros.<\/p>\n<p>O motorista do caminh\u00e3o alegou ter perdido o freio. De acordo com a Pol\u00edcia Rodovi\u00e1ria estadual, o acidente ocorreu por volta das 22h50 e a estrada ficou bloqueada entre zero hora e \u00e0s 7h05 de hoje (9).<\/p>\n<p><img decoding=\"async\" src=\"http:\/\/aconteceunovale.com.br\/portal\/wp-content\/uploads\/2016\/06\/acidente_bertioga.jpg\" alt=\"\" \/><em>Ve\u00edculo seguia de Mogi das Cruzes para Bertioga (Foto: Prefeitura de Bertioga)<\/em><br \/>\n<\/br><\/p>\n<p><strong>V\u00edtimas<\/strong><\/p>\n<p>Inicialmente, oito feridos deram entrada no Hospital Municipal de Bertioga, mas uma das v\u00edtimas j\u00e1 estava morta quando ali chegou. Trata-se de Ana Carolina da Cruz Veloso, de 21 anos. Segundo a prefeitura de Bertioga, a maioria sofreu politraumatismo. Entre os feridos transferidos para a Santa Casa de Santos est\u00e3o Felipe Ferreira da Silva, de 17 anos, e Leandro Amorim, de 22.<\/p>\n<p>Para o Hospital Santo Amaro foram encaminhados Carolina Marreca Benetti, de 21; Rita de C\u00e1ssia Alves de Lima, de 19, e La\u00eds Oliveira Costa, de 21. A nota da prefeitura informa que continuam em observa\u00e7\u00e3o no Hospital de Bertioga as estudantes Amanda Lu\u00edza de Farias, de 19; e Ta\u00eds Santos da Silva, de 18 anos.<\/p>\n<p>Ainda de acordo com o comunicado, durante toda a madrugada, a Defesa Civil de Bertioga esteve no apoio ao resgate das v\u00edtimas do acidente, com tr\u00eas agentes auxiliando as equipes do Corpo de Bombeiros, a Pol\u00edcia Rodovi\u00e1ria e as unidades do Samu de Bertioga e de Mogi das Cruzes, al\u00e9m da Guarda Civil Municipal (GCM).<\/p>\n<p>O prefeito Ernane Primazzi, de S\u00e3o Sebasti\u00e3o, divulgou nota lamentando a trag\u00e9dia e informou que foram providenciadas medidas para que os mortos sejam velados de forma coletiva em tr\u00eas locais: 11 corpos ser\u00e3o velados na quadra de Juquehy, pra\u00e7a Sime\u00e3o Faustino (ao lado da Emei Branca de Neve) e 2 no gin\u00e1sio de Boi\u00e7ucanga, que fica na rua Tropicanga, 99, estrada do Cascalho. Tamb\u00e9m foi preparado o espa\u00e7o da quadra de Barra do Una \u2013 Rua Cravinhos, sem n\u00famero.<\/p>\n<p>Seis psic\u00f3logos do Centro de Refer\u00eancia de Assist\u00eancia Social (Cras) e quatro assistentes sociais foram colocados de prontid\u00e3o para o atendimento aos familiares, em S\u00e3o Sebasti\u00e3o. Al\u00e9m disso, foi cedido transporte aos familiares que n\u00e3o tinham condu\u00e7\u00e3o pr\u00f3pria para a libera\u00e7\u00e3o dos corpos no Instituto M\u00e9dico Legal (IML) do Guaruj\u00e1.<\/p>\n<p><strong>Prefeitura de S\u00e3o Sebasti\u00e3o decreta luto oficial<\/strong><\/p>\n<p>A prefeitura de S\u00e3o Sebasti\u00e3o (SP) cancelou todos os eventos programados para hoje (9) e pelos pr\u00f3ximos dois dias em luto oficial pelas v\u00edtimas da trag\u00e9dia com o \u00f4nibus que transportava estudantes na rodovia Mogi das Cruzes-Bertioga. Tamb\u00e9m foram suspensas as aulas nas escolas municipais.<\/p>\n<p>(Ag\u00eancia Brasil)<\/p>\n","protected":false},"excerpt":{"rendered":"<p>Muitas pe\u00e7as importantes para o trabalho dos peritos na identifica\u00e7\u00e3o das causas do acidente com \u00f4nibus que capotou na noite de ontem (8\/6), na rodovia Mogi-Bertioga, no estado de S\u00e3o Paulo, j\u00e1 pr\u00f3ximo ao litoral norte, foram danificadas. Uma delas \u00e9, por exemplo, o tac\u00f3grafo, equipamento que poderia apontar a velocidade do ve\u00edculo. A informa\u00e7\u00e3o [&hellip;]<\/p>\n","protected":false},"author":1,"featured_media":88817,"comment_status":"open","ping_status":"closed","sticky":false,"template":"","format":"standard","meta":{"amp_status":"","footnotes":""},"categories":[6],"tags":[694,98192,98178,98179,98190,98182,20809,98188,98180,98183,98181,98186,98251,98187,98265,98250,98261,98255,91125,98247,98258,1018,98245,98264,98256,62935,98254,98248,98260,98257,98249,5695,98189,26352,98191,98185,98243,98244,98263,98252,98246,98259,2382,98262,98193,98253,98184,65333],"class_list":["post-88816","post","type-post","status-publish","format-standard","has-post-thumbnail","hentry","category-br","tag-acidente","tag-acidente-com-onibus-da-uniao-do-litoral","tag-acidente-com-onibus-deixa-16-mortos-e-18-feridos-em-rodovia-paulista","tag-acidente-com-onibus-deixa-16-mortos-e-18-feridos-na-rodovia-mogi-bertioga","tag-acidente-com-onibus-deixa-18-mortos-e-varios-feridos-em-rodovia-paulista","tag-acidente-com-onibus-em-rodovia-paulista","tag-acidente-com-onibus-em-sao-paulo","tag-acidente-com-onibus-entre-mogi-das-cruzes-e-bertioga","tag-acidente-com-onibus-na-rodovia-mogi-bertigosa","tag-acidente-com-onibus-na-rodovia-mogi-bertioga","tag-acidente-com-onibus-no-interior-de-sao-paulo","tag-acidente-com-onibus-que-transportava-estudantes-da-universidade-de-mogi-das-cruzes","tag-acidente-em-sao-paulo","tag-acidente-entre-mogi-das-cruzes-e-bertioga","tag-acidente-na-rodovia-mogi-bertioga","tag-aline-de-jesus","tag-amanda-luiza-de-farias","tag-ana-carolina-da-cruz-veloso","tag-bertioga","tag-carolina-mareca","tag-carolina-marreca-benetti","tag-destaque","tag-eric-augusto-ramalho","tag-ernane-primazzi","tag-felipe-ferreira-da-silva","tag-feridos","tag-hospital-municipal-de-bertioga","tag-lais-de-oliveira","tag-lais-oliveira-costa","tag-leandro-amorim","tag-luziane-batista","tag-mogi-das-cruzes","tag-mogi-bertioga","tag-mortos","tag-onibus-da-uniao-do-litoral","tag-onibus-que-transportava-estudantes-da-universidade-de-mogi-das-cruzes","tag-policia-tem-dificuldade-para-investigar-acidente-que-matou-18-pessoas-em-sp","tag-policia-tem-dificuldade-para-investigar-acidente-que-matou-18-pessoas-na-rodovia-mogi-bertioga","tag-prefeito-ernane-primazzi","tag-prefeitura-de-sao-sebastiao-decreta-luto-oficial","tag-rita-de-cassia","tag-rita-de-cassia-alves-de-lima","tag-sao-paulo","tag-tais-santos-da-silva","tag-tragedia-com-onibus-da-uniao-do-litoral","tag-tragedia-na-mogi-bertioga","tag-universidade-de-mogi-das-cruzes","tag-vitimas"],"_links":{"self":[{"href":"https:\/\/aconteceunovale.com.br\/portal\/index.php?rest_route=\/wp\/v2\/posts\/88816","targetHints":{"allow":["GET"]}}],"collection":[{"href":"https:\/\/aconteceunovale.com.br\/portal\/index.php?rest_route=\/wp\/v2\/posts"}],"about":[{"href":"https:\/\/aconteceunovale.com.br\/portal\/index.php?rest_route=\/wp\/v2\/types\/post"}],"author":[{"embeddable":true,"href":"https:\/\/aconteceunovale.com.br\/portal\/index.php?rest_route=\/wp\/v2\/users\/1"}],"replies":[{"embeddable":true,"href":"https:\/\/aconteceunovale.com.br\/portal\/index.php?rest_route=%2Fwp%2Fv2%2Fcomments&post=88816"}],"version-history":[{"count":0,"href":"https:\/\/aconteceunovale.com.br\/portal\/index.php?rest_route=\/wp\/v2\/posts\/88816\/revisions"}],"wp:featuredmedia":[{"embeddable":true,"href":"https:\/\/aconteceunovale.com.br\/portal\/index.php?rest_route=\/wp\/v2\/media\/88817"}],"wp:attachment":[{"href":"https:\/\/aconteceunovale.com.br\/portal\/index.php?rest_route=%2Fwp%2Fv2%2Fmedia&parent=88816"}],"wp:term":[{"taxonomy":"category","embeddable":true,"href":"https:\/\/aconteceunovale.com.br\/portal\/index.php?rest_route=%2Fwp%2Fv2%2Fcategories&post=88816"},{"taxonomy":"post_tag","embeddable":true,"href":"https:\/\/aconteceunovale.com.br\/portal\/index.php?rest_route=%2Fwp%2Fv2%2Ftags&post=88816"}],"curies":[{"name":"wp","href":"https:\/\/api.w.org\/{rel}","templated":true}]}}