{"id":88810,"date":"2016-06-09T14:08:00","date_gmt":"2016-06-09T17:08:00","guid":{"rendered":"http:\/\/aconteceunovale.com.br\/portal\/?p=88810"},"modified":"2016-06-09T14:08:00","modified_gmt":"2016-06-09T17:08:00","slug":"frio-chega-ao-sul-e-sudeste-e-deve-permanecer-ate-segunda-feira-diz-inmet","status":"publish","type":"post","link":"https:\/\/aconteceunovale.com.br\/portal\/?p=88810","title":{"rendered":"Frio chega ao Sul e Sudeste e deve permanecer at\u00e9 segunda-feira, diz Inmet"},"content":{"rendered":"<p>Com a aproxima\u00e7\u00e3o do inverno, o frio j\u00e1 se instalou nas regi\u00f5es Sul e Sudeste do pa\u00eds. O frio intenso que est\u00e1 nas regi\u00f5es \u00e9 consequ\u00eancia da uma massa polar que se aproxima chegando primeiramente pela regi\u00e3o Sul do pa\u00eds.<\/p>\n<p>Segundo o meteorologista Mamedes Luiz, do Instituto Nacional de Meteorologia (Inmet), o frio continuar\u00e1 nos pr\u00f3ximos dias, provavelmente at\u00e9 segunda-feira (13). \u201cEstamos chegando no inverno, essas massas de ar polar come\u00e7am a ter uma frequ\u00eancia maior no Sul e Sudeste. A massa de ar polar que est\u00e1 na regi\u00e3o vai perdurar nos pr\u00f3ximos dias\u201d, disse.<\/p>\n<p>Para hoje (9), o Inmet prev\u00ea m\u00ednima de -3\u00baC e m\u00e1xima de 20\u00baC para a Regi\u00e3o Sul e m\u00ednima de 0\u00baC com m\u00e1xima de 33\u00baC para a Regi\u00e3o Sudeste. No Sul do pa\u00eds, est\u00e3o previstas geadas. Tamb\u00e9m h\u00e1 risco potencial de ocorrer geada nos estados de Minas Gerais, S\u00e3o Paulo e Mato Grosso do Sul.<\/p>\n<p>A Defesa Civil de Santa Catarina registrou cerca de 40 munic\u00edpios com temperatura abaixo de zero na manh\u00e3 de hoje. As cidades com menor temperatura registrada s\u00e3o Urupema (-5,3\u00baC), S\u00e3o Joaquim (-4,8\u00baC) e Papanduva (-3,8\u00baC).<\/p>\n<p>As baixas temperaturas est\u00e3o no Planalto Sul, Planalto Norte, Meio Oeste, Oeste, Alto Vale e regi\u00e3o serrana da Grande Florian\u00f3polis. O litoral tamb\u00e9m teve temperaturas baixas, ficando pr\u00f3ximas de 0\u00baC em alguns locais. A capital do Estado teve a menor temperatura registrada este ano, com os term\u00f4metros apontando 2,5\u00baC. (Ag\u00eancia Brasil)<\/p>\n","protected":false},"excerpt":{"rendered":"<p>Com a aproxima\u00e7\u00e3o do inverno, o frio j\u00e1 se instalou nas regi\u00f5es Sul e Sudeste do pa\u00eds. O frio intenso que est\u00e1 nas regi\u00f5es \u00e9 consequ\u00eancia da uma massa polar que se aproxima chegando primeiramente pela regi\u00e3o Sul do pa\u00eds. Segundo o meteorologista Mamedes Luiz, do Instituto Nacional de Meteorologia (Inmet), o frio continuar\u00e1 nos [&hellip;]<\/p>\n","protected":false},"author":1,"featured_media":88811,"comment_status":"open","ping_status":"closed","sticky":false,"template":"","format":"standard","meta":{"amp_status":"","footnotes":""},"categories":[6],"tags":[98219,98227,49159,98220,98218,98225,54659,98223,98226,15363,98224,44215,98222,98221],"class_list":["post-88810","post","type-post","status-publish","format-standard","has-post-thumbnail","hentry","category-br","tag-diz-inmet","tag-do-instituto-nacional-de-meteorologia","tag-frio","tag-frio-chega-ao-sul-e-sudeste","tag-frio-chega-ao-sul-e-sudeste-e-deve-permanecer-ate-segunda-feira","tag-geada","tag-inmet","tag-massa-de-ar-polar","tag-meteorologista-mamedes-luiz","tag-santa-catarina","tag-sudeste","tag-sul","tag-temperatura-no-sudeste-do-brasil","tag-temperatura-no-sul-e-sudeste"],"_links":{"self":[{"href":"https:\/\/aconteceunovale.com.br\/portal\/index.php?rest_route=\/wp\/v2\/posts\/88810","targetHints":{"allow":["GET"]}}],"collection":[{"href":"https:\/\/aconteceunovale.com.br\/portal\/index.php?rest_route=\/wp\/v2\/posts"}],"about":[{"href":"https:\/\/aconteceunovale.com.br\/portal\/index.php?rest_route=\/wp\/v2\/types\/post"}],"author":[{"embeddable":true,"href":"https:\/\/aconteceunovale.com.br\/portal\/index.php?rest_route=\/wp\/v2\/users\/1"}],"replies":[{"embeddable":true,"href":"https:\/\/aconteceunovale.com.br\/portal\/index.php?rest_route=%2Fwp%2Fv2%2Fcomments&post=88810"}],"version-history":[{"count":0,"href":"https:\/\/aconteceunovale.com.br\/portal\/index.php?rest_route=\/wp\/v2\/posts\/88810\/revisions"}],"wp:featuredmedia":[{"embeddable":true,"href":"https:\/\/aconteceunovale.com.br\/portal\/index.php?rest_route=\/wp\/v2\/media\/88811"}],"wp:attachment":[{"href":"https:\/\/aconteceunovale.com.br\/portal\/index.php?rest_route=%2Fwp%2Fv2%2Fmedia&parent=88810"}],"wp:term":[{"taxonomy":"category","embeddable":true,"href":"https:\/\/aconteceunovale.com.br\/portal\/index.php?rest_route=%2Fwp%2Fv2%2Fcategories&post=88810"},{"taxonomy":"post_tag","embeddable":true,"href":"https:\/\/aconteceunovale.com.br\/portal\/index.php?rest_route=%2Fwp%2Fv2%2Ftags&post=88810"}],"curies":[{"name":"wp","href":"https:\/\/api.w.org\/{rel}","templated":true}]}}