{"id":88808,"date":"2016-06-09T14:04:07","date_gmt":"2016-06-09T17:04:07","guid":{"rendered":"http:\/\/aconteceunovale.com.br\/portal\/?p=88808"},"modified":"2016-06-09T14:04:07","modified_gmt":"2016-06-09T17:04:07","slug":"michel-temer-libera-r-150-milhoes-para-eleicoes-municipais","status":"publish","type":"post","link":"https:\/\/aconteceunovale.com.br\/portal\/?p=88808","title":{"rendered":"Michel Temer libera R$ 150 milh\u00f5es para elei\u00e7\u00f5es municipais"},"content":{"rendered":"<p>Medida provis\u00f3ria assinada pelo presidente interino Michel Temer e publicada na edi\u00e7\u00e3o de hoje (9\/6) do Di\u00e1rio Oficial da Uni\u00e3o abre cr\u00e9dito extraordin\u00e1rio no valor de R$ 150 milh\u00f5es para ser aplicado na realiza\u00e7\u00e3o das elei\u00e7\u00f5es municipais de outubro. O cr\u00e9dito \u00e9 destinado \u00e0 Justi\u00e7a Eleitoral.<\/p>\n<p>Em maio, o presidente do Tribunal Superior Eleitoral (TSE), ministro Gilmar Mendes, disse que faltavam cerca de R$ 250 milh\u00f5es no or\u00e7amento da Justi\u00e7a Eleitoral para a organiza\u00e7\u00e3o das elei\u00e7\u00f5es municipais deste ano.<\/p>\n<p>Na ocasi\u00e3o, Mendes disse que j\u00e1 havida se reunidos duas vezes com o ent\u00e3o ministro do Planejamento, Romero Juc\u00e1, para tratar do tema e que o governo estava buscando uma solu\u00e7\u00e3o para o tema. (Ag\u00eancia Brasil)<\/p>\n","protected":false},"excerpt":{"rendered":"<p>Medida provis\u00f3ria assinada pelo presidente interino Michel Temer e publicada na edi\u00e7\u00e3o de hoje (9\/6) do Di\u00e1rio Oficial da Uni\u00e3o abre cr\u00e9dito extraordin\u00e1rio no valor de R$ 150 milh\u00f5es para ser aplicado na realiza\u00e7\u00e3o das elei\u00e7\u00f5es municipais de outubro. O cr\u00e9dito \u00e9 destinado \u00e0 Justi\u00e7a Eleitoral. Em maio, o presidente do Tribunal Superior Eleitoral (TSE), [&hellip;]<\/p>\n","protected":false},"author":1,"featured_media":76053,"comment_status":"open","ping_status":"closed","sticky":false,"template":"","format":"standard","meta":{"amp_status":"","footnotes":""},"categories":[6,79927],"tags":[60086,78864,50995,20181,98214,98217,98215,98216],"class_list":["post-88808","post","type-post","status-publish","format-standard","has-post-thumbnail","hentry","category-br","category-eleicoes-2016-2","tag-eleicoes-municipais","tag-eleicoes-municipais-2016","tag-medida-provisoria","tag-michel-temer","tag-michel-temer-libera-r-150-milhoes-para-eleicoes-municipais","tag-r-150-milhoes","tag-recursos-para-eleicoes-municipais-2016","tag-verba-para-eleicoes-municipais-2016"],"_links":{"self":[{"href":"https:\/\/aconteceunovale.com.br\/portal\/index.php?rest_route=\/wp\/v2\/posts\/88808","targetHints":{"allow":["GET"]}}],"collection":[{"href":"https:\/\/aconteceunovale.com.br\/portal\/index.php?rest_route=\/wp\/v2\/posts"}],"about":[{"href":"https:\/\/aconteceunovale.com.br\/portal\/index.php?rest_route=\/wp\/v2\/types\/post"}],"author":[{"embeddable":true,"href":"https:\/\/aconteceunovale.com.br\/portal\/index.php?rest_route=\/wp\/v2\/users\/1"}],"replies":[{"embeddable":true,"href":"https:\/\/aconteceunovale.com.br\/portal\/index.php?rest_route=%2Fwp%2Fv2%2Fcomments&post=88808"}],"version-history":[{"count":0,"href":"https:\/\/aconteceunovale.com.br\/portal\/index.php?rest_route=\/wp\/v2\/posts\/88808\/revisions"}],"wp:featuredmedia":[{"embeddable":true,"href":"https:\/\/aconteceunovale.com.br\/portal\/index.php?rest_route=\/wp\/v2\/media\/76053"}],"wp:attachment":[{"href":"https:\/\/aconteceunovale.com.br\/portal\/index.php?rest_route=%2Fwp%2Fv2%2Fmedia&parent=88808"}],"wp:term":[{"taxonomy":"category","embeddable":true,"href":"https:\/\/aconteceunovale.com.br\/portal\/index.php?rest_route=%2Fwp%2Fv2%2Fcategories&post=88808"},{"taxonomy":"post_tag","embeddable":true,"href":"https:\/\/aconteceunovale.com.br\/portal\/index.php?rest_route=%2Fwp%2Fv2%2Ftags&post=88808"}],"curies":[{"name":"wp","href":"https:\/\/api.w.org\/{rel}","templated":true}]}}