{"id":88805,"date":"2016-06-09T14:00:45","date_gmt":"2016-06-09T17:00:45","guid":{"rendered":"http:\/\/aconteceunovale.com.br\/portal\/?p=88805"},"modified":"2016-06-09T14:00:45","modified_gmt":"2016-06-09T17:00:45","slug":"taxas-de-juros-para-credito-crescem-pela-quinta-vez-em-2016","status":"publish","type":"post","link":"https:\/\/aconteceunovale.com.br\/portal\/?p=88805","title":{"rendered":"Taxas de juros para cr\u00e9dito crescem pela quinta vez em 2016"},"content":{"rendered":"<p>As taxas de juros das opera\u00e7\u00f5es de cr\u00e9dito cresceram novamente em maio, sendo a quinta eleva\u00e7\u00e3o do ano e a vig\u00e9sima consecutiva, de acordo com a Associa\u00e7\u00e3o Nacional de Executivos de Finan\u00e7as, Administra\u00e7\u00e3o e Contabilidade (Anefac).<\/p>\n<p>Quando analisado o cr\u00e9dito para pessoa f\u00edsica, das seis linhas pesquisadas tr\u00eas tiveram as taxas de juros aumentadas no m\u00eas: juros do com\u00e9rcio, cart\u00e3o de cr\u00e9dito rotativo e cheque especial. No sentido contr\u00e1rio, aparecem o CDC-bancos-financiamento de ve\u00edculos, empr\u00e9stimo pessoal-bancos e empr\u00e9stimo pessoal-financeiras.<\/p>\n<p>A taxa de juros (m\u00e9dia geral) para pessoa f\u00edsica teve eleva\u00e7\u00e3o de 0,01 ponto percentual no m\u00eas (0,28 ponto percentual no ano), correspondente a um aumento de 0,13% no m\u00eas (0,19% em doze meses), passando de 7,95% ao m\u00eas (150,42% ao ano) em abril de 2016 para 7,96% ao m\u00eas (150,70% ao ano) em maio de 2016.<\/p>\n<p>No caso das pessoas jur\u00eddicas, as tr\u00eas linhas de cr\u00e9dito pesquisadas sofreram eleva\u00e7\u00e3o. A taxa de juros m\u00e9dia geral para pessoa jur\u00eddica cresceu 0,04 ponto percentual no m\u00eas (0,79 ponto percentual em 12 meses), que corresponde a uma eleva\u00e7\u00e3o de 0,87% no m\u00eas (1,11% em 12 meses), passando de 4,58% ao m\u00eas (71,15% ao ano) em abril de 2016 para 4,62% ao m\u00eas (71,94% ao ano) em maio de 2016.<\/p>\n<p><strong>Taxa Selic<\/strong><\/p>\n<p>Quando consideradas todas as eleva\u00e7\u00f5es da taxa b\u00e1sica de juros (Selic) promovidas pelo Banco Central desde mar\u00e7o de 2013, nota-se que houve &#8211; de mar\u00e7o de 2013 a maio de 2016 &#8211; um aumento de 7,00 pontos percentuais (eleva\u00e7\u00e3o de 96,55%) e de 7,25% ao ano em mar\u00e7o de 2013 para 14,25% ao ano em maio de 2016.<\/p>\n<p>Neste per\u00edodo, a taxa de juros m\u00e9dia para pessoa f\u00edsica apresentou crescimento de 62,73 pontos percentuais (aumento de 71,31%), passando de 87,97% ao ano em mar\u00e7o de 2013 para 150,70% ao ano em maio de 2016.<\/p>\n<p>Nas opera\u00e7\u00f5es de cr\u00e9dito para pessoa jur\u00eddica houve uma crescimento de 28,36 pontos percentuais (aumento de 65,08%), passando de 43,58% ao ano em mar\u00e7o de 2013 para 71,94% ao ano em maio de 2016.<\/p>\n<p>De acordo com o diretor executivo de estudos e pesquisas econ\u00f4micas da Anefac, Miguel Jos\u00e9 Ribeiro de Oliveira, os aumentos podem ser atribu\u00eddos ao cen\u00e1rio econ\u00f4mico que eleva o risco do crescimento nos \u00edndices de inadimpl\u00eancia. \u201cEste cen\u00e1rio se baseia no fato de os \u00edndices de infla\u00e7\u00e3o mais elevados, aumento de impostos e juros maiores reduzirem a renda das fam\u00edlias\u201d.<\/p>\n<p>Segundo Oliveira, se agrega ao cen\u00e1rio a recess\u00e3o econ\u00f4mica que deve influenciar no crescimento dos \u00edndices de desemprego. Como as expectativas para 2016 s\u00e3o negativas, isso leva as institui\u00e7\u00f5es financeiras a aumentarem as taxas de juros para compensar prov\u00e1veis perdas com a eleva\u00e7\u00e3o da inadimpl\u00eancia.<\/p>\n<p>Para a Anefac, a previs\u00e3o \u00e9 que as taxas de juros das opera\u00e7\u00f5es de cr\u00e9dito voltem a ser elevadas nos pr\u00f3ximos meses. (Ag\u00eancia Brasil)<\/p>\n","protected":false},"excerpt":{"rendered":"<p>As taxas de juros das opera\u00e7\u00f5es de cr\u00e9dito cresceram novamente em maio, sendo a quinta eleva\u00e7\u00e3o do ano e a vig\u00e9sima consecutiva, de acordo com a Associa\u00e7\u00e3o Nacional de Executivos de Finan\u00e7as, Administra\u00e7\u00e3o e Contabilidade (Anefac). Quando analisado o cr\u00e9dito para pessoa f\u00edsica, das seis linhas pesquisadas tr\u00eas tiveram as taxas de juros aumentadas no [&hellip;]<\/p>\n","protected":false},"author":1,"featured_media":88806,"comment_status":"open","ping_status":"closed","sticky":false,"template":"","format":"standard","meta":{"amp_status":"","footnotes":""},"categories":[6],"tags":[29625,98210,98212,98213,98209,20028,98211,98208,98207],"class_list":["post-88805","post","type-post","status-publish","format-standard","has-post-thumbnail","hentry","category-br","tag-anefac","tag-aumento-da-taxas-de-juros-para-credito","tag-aumento-de-juros","tag-aumento-de-juros-no-brasil","tag-crescimento-da-taxas-de-juros-para-credito","tag-inadimplencia","tag-reajuste-da-taxas-de-juros-para-credito","tag-taxas-de-juros-para-credito","tag-taxas-de-juros-para-credito-crescem-pela-quinta-vez-em-2016"],"_links":{"self":[{"href":"https:\/\/aconteceunovale.com.br\/portal\/index.php?rest_route=\/wp\/v2\/posts\/88805","targetHints":{"allow":["GET"]}}],"collection":[{"href":"https:\/\/aconteceunovale.com.br\/portal\/index.php?rest_route=\/wp\/v2\/posts"}],"about":[{"href":"https:\/\/aconteceunovale.com.br\/portal\/index.php?rest_route=\/wp\/v2\/types\/post"}],"author":[{"embeddable":true,"href":"https:\/\/aconteceunovale.com.br\/portal\/index.php?rest_route=\/wp\/v2\/users\/1"}],"replies":[{"embeddable":true,"href":"https:\/\/aconteceunovale.com.br\/portal\/index.php?rest_route=%2Fwp%2Fv2%2Fcomments&post=88805"}],"version-history":[{"count":0,"href":"https:\/\/aconteceunovale.com.br\/portal\/index.php?rest_route=\/wp\/v2\/posts\/88805\/revisions"}],"wp:featuredmedia":[{"embeddable":true,"href":"https:\/\/aconteceunovale.com.br\/portal\/index.php?rest_route=\/wp\/v2\/media\/88806"}],"wp:attachment":[{"href":"https:\/\/aconteceunovale.com.br\/portal\/index.php?rest_route=%2Fwp%2Fv2%2Fmedia&parent=88805"}],"wp:term":[{"taxonomy":"category","embeddable":true,"href":"https:\/\/aconteceunovale.com.br\/portal\/index.php?rest_route=%2Fwp%2Fv2%2Fcategories&post=88805"},{"taxonomy":"post_tag","embeddable":true,"href":"https:\/\/aconteceunovale.com.br\/portal\/index.php?rest_route=%2Fwp%2Fv2%2Ftags&post=88805"}],"curies":[{"name":"wp","href":"https:\/\/api.w.org\/{rel}","templated":true}]}}