{"id":88800,"date":"2016-06-09T10:03:59","date_gmt":"2016-06-09T13:03:59","guid":{"rendered":"http:\/\/aconteceunovale.com.br\/portal\/?p=88800"},"modified":"2016-06-09T10:03:59","modified_gmt":"2016-06-09T13:03:59","slug":"auditor-do-tcu-diz-que-praticas-fiscais-do-governo-dilma-foram-atos-graves","status":"publish","type":"post","link":"https:\/\/aconteceunovale.com.br\/portal\/?p=88800","title":{"rendered":"Auditor do TCU diz que pr\u00e1ticas fiscais do governo Dilma foram atos graves"},"content":{"rendered":"<p>Segunda testemunha a falar na Comiss\u00e3o Processante do Impeachment, o auditor fiscal do Tribunal de Contas da Uni\u00e3o (TCU) Ant\u00f4nio Carlos Costa D&#8217;\u00e1vila disse ontem (8\/6) que as pr\u00e1ticas fiscais pelas quais a presidenta afastada Dilma Rousseff est\u00e1 sendo processada n\u00e3o se comparam ao que foi cometido pelos ex-presidentes Luiz In\u00e1cio Lula da Silva e Fernando Henrique Cardoso.<\/p>\n<p>Em v\u00e1rios momentos o auditor evitou emitir ju\u00edzo sobre o cometimento ou n\u00e3o de crime por parte da presidenta afastada, mas reiterou diversas vezes que ela praticou atos \u201cgraves\u201d e com decorr\u00eancias \u201cmais graves ainda\u201d.<\/p>\n<p>Convidado a depor pela acusa\u00e7\u00e3o, o auditor contrariou a tese da defesa de Dilma de que a edi\u00e7\u00e3o dos decretos de suplementa\u00e7\u00e3o or\u00e7ament\u00e1ria e o atraso no pagamento a bancos p\u00fablicos pelos repasses de programas sociais eram praticas comuns e aceitas em todos os governos.<\/p>\n<p>\u201cO que foi identificado na auditoria de 2014 n\u00e3o se compara ao que aconteceu antes no governo Lula, primeiro e segundo mandatos, e no governo Fernando Henrique\u201d, afirmou D&#8217;\u00e1vila, que participou da auditoria que resultou na rejei\u00e7\u00e3o das contas da presidenta pelo TCU em 2014.<\/p>\n<p>O auditor destacou que, ao identificar que n\u00e3o conseguiria cumprir a meta de super\u00e1vit fiscal prevista para 2015, o governo deveria ter comunicado a situa\u00e7\u00e3o ao Congresso Nacional e pedido autoriza\u00e7\u00e3o para editar decretos de suplementa\u00e7\u00e3o or\u00e7ament\u00e1ria.<\/p>\n<p>\u201cO correto, no meu ponto de vista, para alterar aquela situa\u00e7\u00e3o era que o Executivo entrasse em contato com o Legislativo e dissesse: &#8216;olha a situa\u00e7\u00e3o \u00e9 essa e eu n\u00e3o posso suplementar. Mas se voc\u00ea achar que devemos suplementar, que despesas devemos cancelar?\u201d, acrescentou.<\/p>\n<p>Ant\u00f4nio Carlos D&#8217;\u00e1vila disse ainda que h\u00e1 diversas normas que regem a forma como o Banco Central deve proceder nos registros de opera\u00e7\u00f5es semelhantes \u00e0quelas praticadas pelo governo em rela\u00e7\u00e3o ao Banco do Brasil no que se refere ao atraso do pagamento do Plano Safra. Segundo ele, o BC deveria ter feito o registro da opera\u00e7\u00e3o de cr\u00e9dito, mas omitiu a transa\u00e7\u00e3o.<\/p>\n<p>\u201cO Banco Central registra a d\u00edvida quando ocorre o financiamento. E quando ocorreu o financiamento? Quando, no primeiro dia posterior ao per\u00edodo de equaliza\u00e7\u00e3o, a Uni\u00e3o n\u00e3o transferiu o valor que a portaria editada pelo Minist\u00e9rio da Fazenda determinava que ele se tornava devido. E que, se era devido e ele n\u00e3o transferiu, ocorreu o financiamento\u201d, afirmou.<\/p>\n<p>A reuni\u00e3o da comiss\u00e3o segue ouvindo outras testemunhas. Nesse momento, fala o coordenador de Opera\u00e7\u00f5es de Cr\u00e9dito da Secretaria do Tesouro Nacional, Adriano Pereira de Paula. <\/p>\n<p><img decoding=\"async\" src=\"http:\/\/aconteceunovale.com.br\/portal\/wp-content\/uploads\/2016\/06\/auditor_tcu_davila.jpg\" alt=\"\" \/><em>A Comiss\u00e3o Especial do Impeachment de Dilma se re\u00fane para ouvir testemunha de acusa\u00e7\u00e3o, o auditor do TCU Antonio Carlos Costa D\u2019\u00c1vila Carvalho (Foto: Fabio Rodrigues Pozzebom \/ Ag\u00eancia Brasil)<\/em><br \/>\n<\/br><\/p>\n<p>(Ag\u00eancia Brasil)<\/p>\n","protected":false},"excerpt":{"rendered":"<p>Segunda testemunha a falar na Comiss\u00e3o Processante do Impeachment, o auditor fiscal do Tribunal de Contas da Uni\u00e3o (TCU) Ant\u00f4nio Carlos Costa D&#8217;\u00e1vila disse ontem (8\/6) que as pr\u00e1ticas fiscais pelas quais a presidenta afastada Dilma Rousseff est\u00e1 sendo processada n\u00e3o se comparam ao que foi cometido pelos ex-presidentes Luiz In\u00e1cio Lula da Silva e [&hellip;]<\/p>\n","protected":false},"author":1,"featured_media":88801,"comment_status":"open","ping_status":"closed","sticky":false,"template":"","format":"standard","meta":{"amp_status":"","footnotes":""},"categories":[6,40240],"tags":[98204,98200,98199,98197,98194,65794,2162,37792,68174,98201,98202,98195,21938,98196,98203,98198],"class_list":["post-88800","post","type-post","status-publish","format-standard","has-post-thumbnail","hentry","category-br","category-politica-2","tag-acusacao","tag-antonio-carlos-costa-davila","tag-auditor","tag-auditor-do-tcu-condena-praticas-fiscais-do-governo-dilma","tag-auditor-do-tcu-diz-que-praticas-fiscais-do-governo-dilma-foram-atos-graves","tag-comissao","tag-dilma-rousseff","tag-impeachment","tag-impeachment-dilma-rousseff","tag-julgamento-dilma-rousseff","tag-oitiva","tag-praticas-fiscais-do-governo-dilma","tag-senado","tag-tcu-condena-praticas-fiscais-do-governo-dilma","tag-testemunha","tag-testemunhas"],"_links":{"self":[{"href":"https:\/\/aconteceunovale.com.br\/portal\/index.php?rest_route=\/wp\/v2\/posts\/88800","targetHints":{"allow":["GET"]}}],"collection":[{"href":"https:\/\/aconteceunovale.com.br\/portal\/index.php?rest_route=\/wp\/v2\/posts"}],"about":[{"href":"https:\/\/aconteceunovale.com.br\/portal\/index.php?rest_route=\/wp\/v2\/types\/post"}],"author":[{"embeddable":true,"href":"https:\/\/aconteceunovale.com.br\/portal\/index.php?rest_route=\/wp\/v2\/users\/1"}],"replies":[{"embeddable":true,"href":"https:\/\/aconteceunovale.com.br\/portal\/index.php?rest_route=%2Fwp%2Fv2%2Fcomments&post=88800"}],"version-history":[{"count":0,"href":"https:\/\/aconteceunovale.com.br\/portal\/index.php?rest_route=\/wp\/v2\/posts\/88800\/revisions"}],"wp:featuredmedia":[{"embeddable":true,"href":"https:\/\/aconteceunovale.com.br\/portal\/index.php?rest_route=\/wp\/v2\/media\/88801"}],"wp:attachment":[{"href":"https:\/\/aconteceunovale.com.br\/portal\/index.php?rest_route=%2Fwp%2Fv2%2Fmedia&parent=88800"}],"wp:term":[{"taxonomy":"category","embeddable":true,"href":"https:\/\/aconteceunovale.com.br\/portal\/index.php?rest_route=%2Fwp%2Fv2%2Fcategories&post=88800"},{"taxonomy":"post_tag","embeddable":true,"href":"https:\/\/aconteceunovale.com.br\/portal\/index.php?rest_route=%2Fwp%2Fv2%2Ftags&post=88800"}],"curies":[{"name":"wp","href":"https:\/\/api.w.org\/{rel}","templated":true}]}}