{"id":88333,"date":"2016-06-02T09:51:29","date_gmt":"2016-06-02T12:51:29","guid":{"rendered":"http:\/\/aconteceunovale.com.br\/portal\/?p=88333"},"modified":"2016-06-02T09:51:29","modified_gmt":"2016-06-02T12:51:29","slug":"previsao-do-tempo-para-minas-gerais-nesta-quinta-feira-2-de-junho","status":"publish","type":"post","link":"https:\/\/aconteceunovale.com.br\/portal\/?p=88333","title":{"rendered":"Previs\u00e3o do tempo para Minas Gerais, nesta quinta-feira, 2 de junho"},"content":{"rendered":"<h4><strong><em>C\u00e9u nublado, com pancadas de chuva em boa parte do estado. Na Regi\u00e3o Metropolitana de BH, a instabilidade \u00e9 acompanhada de rajadas de vento e raios.<\/em><\/strong><\/h4>\n<p>Nesta quinta-feira (2\/6), \u00e1reas de instabilidade provocam aumento da nebulosidade e pancadas de chuva sobre parte do Brasil central.<\/p>\n<p>Em Minas Gerais o tempo deve ficar nublado, com pancadas de chuva a qualquer momento no Sul, Campo das Vertentes, Tri\u00e2ngulo Mineiro, Oeste, Alto Parana\u00edba, Rio Doce, Centro e Zona da Mata.<\/p>\n<p>Em outras \u00e1reas do estado o tempo deve ficar est\u00e1vel, com predom\u00ednio de sol e n\u00e3o h\u00e1 previs\u00e3o de chuvas.<\/p>\n<p>Na Regi\u00e3o Metropolitana de Belo Horizonte o tempo deve ficar inst\u00e1vel, com ocorr\u00eancia de pancadas de chuva. Na capital mineira o dia ser\u00e1 de tempo nublado, com pancadas de chuva acompanhadas de raios e rajadas de vento. A temperatura deve variar entre 14\u00b0C e 27\u00b0C, com umidade do ar \u00e0 tarde na casa dos 65%.<\/p>\n","protected":false},"excerpt":{"rendered":"<p>C\u00e9u nublado, com pancadas de chuva em boa parte do estado. Na Regi\u00e3o Metropolitana de BH, a instabilidade \u00e9 acompanhada de rajadas de vento e raios. Nesta quinta-feira (2\/6), \u00e1reas de instabilidade provocam aumento da nebulosidade e pancadas de chuva sobre parte do Brasil central. Em Minas Gerais o tempo deve ficar nublado, com pancadas [&hellip;]<\/p>\n","protected":false},"author":1,"featured_media":82499,"comment_status":"open","ping_status":"closed","sticky":false,"template":"","format":"standard","meta":{"amp_status":"","footnotes":""},"categories":[121],"tags":[97297,194,131,37346,1956,27340,97302,86092,97301,1839,97299,29257,97298,97300],"class_list":["post-88333","post","type-post","status-publish","format-standard","has-post-thumbnail","hentry","category-leste","tag-2-de-junho","tag-belo-horizonte","tag-minas-gerais","tag-nesta-quinta-feira","tag-previsao-do-tempo","tag-previsao-do-tempo-para-belo-horizonte","tag-previsao-do-tempo-para-belo-horizonte-2-de-junho","tag-previsao-do-tempo-para-belo-horizonte-nesta-quinta-feira","tag-previsao-do-tempo-para-belo-horizonte-nesta-quinta-feira-2-de-junho","tag-previsao-do-tempo-para-minas-gerais","tag-previsao-do-tempo-para-minas-gerais-2-de-junho","tag-previsao-do-tempo-para-minas-gerais-nesta-quinta-feira","tag-previsao-do-tempo-para-minas-gerais-nesta-quinta-feira-2-de-junho","tag-quinta-feira-2-de-junho"],"_links":{"self":[{"href":"https:\/\/aconteceunovale.com.br\/portal\/index.php?rest_route=\/wp\/v2\/posts\/88333","targetHints":{"allow":["GET"]}}],"collection":[{"href":"https:\/\/aconteceunovale.com.br\/portal\/index.php?rest_route=\/wp\/v2\/posts"}],"about":[{"href":"https:\/\/aconteceunovale.com.br\/portal\/index.php?rest_route=\/wp\/v2\/types\/post"}],"author":[{"embeddable":true,"href":"https:\/\/aconteceunovale.com.br\/portal\/index.php?rest_route=\/wp\/v2\/users\/1"}],"replies":[{"embeddable":true,"href":"https:\/\/aconteceunovale.com.br\/portal\/index.php?rest_route=%2Fwp%2Fv2%2Fcomments&post=88333"}],"version-history":[{"count":0,"href":"https:\/\/aconteceunovale.com.br\/portal\/index.php?rest_route=\/wp\/v2\/posts\/88333\/revisions"}],"wp:featuredmedia":[{"embeddable":true,"href":"https:\/\/aconteceunovale.com.br\/portal\/index.php?rest_route=\/wp\/v2\/media\/82499"}],"wp:attachment":[{"href":"https:\/\/aconteceunovale.com.br\/portal\/index.php?rest_route=%2Fwp%2Fv2%2Fmedia&parent=88333"}],"wp:term":[{"taxonomy":"category","embeddable":true,"href":"https:\/\/aconteceunovale.com.br\/portal\/index.php?rest_route=%2Fwp%2Fv2%2Fcategories&post=88333"},{"taxonomy":"post_tag","embeddable":true,"href":"https:\/\/aconteceunovale.com.br\/portal\/index.php?rest_route=%2Fwp%2Fv2%2Ftags&post=88333"}],"curies":[{"name":"wp","href":"https:\/\/api.w.org\/{rel}","templated":true}]}}