{"id":88230,"date":"2016-06-01T10:50:10","date_gmt":"2016-06-01T13:50:10","guid":{"rendered":"http:\/\/aconteceunovale.com.br\/portal\/?p=88230"},"modified":"2016-06-01T10:50:10","modified_gmt":"2016-06-01T13:50:10","slug":"identificadas-as-vitimas-de-acidente-entre-carro-e-caminhao-na-br-116-em-teofilo-otoni","status":"publish","type":"post","link":"https:\/\/aconteceunovale.com.br\/portal\/?p=88230","title":{"rendered":"Identificadas as v\u00edtimas de acidente entre carro e caminh\u00e3o na BR-116, em Te\u00f3filo Otoni"},"content":{"rendered":"<p>O Instituto M\u00e9dico Legal (IML) identificou as tr\u00eas v\u00edtimas fatais do grav\u00edssimo acidente entre um carro de passeio e um caminh\u00e3o registrado na noite dessa ter\u00e7a-feira, 31 de maio, na altura do quil\u00f4metro 272 da BR-116, munic\u00edpio de Te\u00f3filo Otoni, na regi\u00e3o do Vale do Mucuri. Taluana Francisca Esp\u00edndola, de 25 anos, Pedro J\u00fanior Barbosa Lopes, de 26 anos, e Igor Pamponet dos Santos, de 37 anos, tiveram morte instant\u00e2nea.<\/p>\n<p>As informa\u00e7\u00f5es iniciais divulgadas pela Pol\u00edcia Rodovi\u00e1ria Federal (PRF) d\u00e3o conta de que o ve\u00edculo VVW\/Polo, placa KZK-0873, de Te\u00f3filo Otoni (MG), invadiu a pista contr\u00e1ria e colidiu frontalmente contra um caminh\u00e3o guincho da empresa Auto Socorro Multimarcas. <\/p>\n<p><img decoding=\"async\" src=\"http:\/\/aconteceunovale.com.br\/portal\/wp-content\/uploads\/2016\/06\/teo_acidente_31_5_10.jpg\" alt=\"\" \/><em>Igor, Pedro e Taluana residiam no distrito de Mucuri (Foto: Reprodu\u00e7\u00e3o)<\/em><br \/>\n<\/br><\/p>\n<p>Com o impacto da batida, os dois homens e a mulher, que estavam no carro, ficaram gravemente feridos e vieram a \u00f3bito no local. Uma quarta ocupante do Polo, uma mulher de 36 anos, sofreu ferimentos graves e foi encaminhada ao Hospital Santa Ros\u00e1lia por uma equipe do Servi\u00e7o de Atendimento M\u00f3vel de Urg\u00eancia (SAMU). O motorista do caminh\u00e3o n\u00e3o se feriu.<\/p>\n<p>A Per\u00edcia T\u00e9cnica da Pol\u00edcia Civil foi acionada e ap\u00f3s os trabalhos de praxe, os corpos foram desencarcerados por uma equipe do Corpo de Bombeiros e posteriormente encaminhados para o IML de Te\u00f3filo Otoni. A rodovia ficou parcialmente interditada at\u00e9 por volta das 23h15. Foi necess\u00e1rio espalhar terra na pista devido a grande quantidade de \u00f3leo no local.<\/p>\n<p>As v\u00edtimas residiam no distrito de Mucuri. Pedro J\u00fanior e Igor Pamponet eram funcion\u00e1rios de um posto de combust\u00edveis. J\u00e1 Taluana trabalhava como t\u00e9cnica em enfermagem em uma unidade de sa\u00fade do munic\u00edpio.<\/p>\n<p>As causas do acidente s\u00e3o apuradas pela Pol\u00edcia Civil do munic\u00edpio.<\/p>\n<p><img decoding=\"async\" src=\"http:\/\/aconteceunovale.com.br\/portal\/wp-content\/uploads\/2016\/06\/teo_acidente_31_5_2.jpg\" alt=\"\" \/><em>Acidente aconteceu no km 272 da BR-116, em Te\u00f3filo Otoni (Foto: Reprodu\u00e7\u00e3o)<\/em><br \/>\n<\/br><\/p>\n<p><img decoding=\"async\" src=\"http:\/\/aconteceunovale.com.br\/portal\/wp-content\/uploads\/2016\/06\/teo_acidente_31_5_3.jpg\" alt=\"\" \/><em>Acidente aconteceu no km 272 da BR-116, em Te\u00f3filo Otoni (Foto: Reprodu\u00e7\u00e3o)<\/em><br \/>\n<\/br><\/p>\n<p><img decoding=\"async\" src=\"http:\/\/aconteceunovale.com.br\/portal\/wp-content\/uploads\/2016\/06\/teo_acidente_31_5_4.jpg\" alt=\"\" \/><em>Acidente aconteceu no km 272 da BR-116, em Te\u00f3filo Otoni (Foto: Reprodu\u00e7\u00e3o)<\/em><br \/>\n<\/br><\/p>\n<p><img decoding=\"async\" src=\"http:\/\/aconteceunovale.com.br\/portal\/wp-content\/uploads\/2016\/06\/teo_acidente_31_5_5.jpg\" alt=\"\" \/><em>Acidente aconteceu no km 272 da BR-116, em Te\u00f3filo Otoni (Foto: Reprodu\u00e7\u00e3o)<\/em><br \/>\n<\/br><\/p>\n<p><img decoding=\"async\" src=\"http:\/\/aconteceunovale.com.br\/portal\/wp-content\/uploads\/2016\/06\/teo_acidente_31_5_7.jpg\" alt=\"\" \/><em>Acidente aconteceu no km 272 da BR-116, em Te\u00f3filo Otoni (Foto: Reprodu\u00e7\u00e3o)<\/em><\/p>\n","protected":false},"excerpt":{"rendered":"<p>O Instituto M\u00e9dico Legal (IML) identificou as tr\u00eas v\u00edtimas fatais do grav\u00edssimo acidente entre um carro de passeio e um caminh\u00e3o registrado na noite dessa ter\u00e7a-feira, 31 de maio, na altura do quil\u00f4metro 272 da BR-116, munic\u00edpio de Te\u00f3filo Otoni, na regi\u00e3o do Vale do Mucuri. Taluana Francisca Esp\u00edndola, de 25 anos, Pedro J\u00fanior Barbosa [&hellip;]<\/p>\n","protected":false},"author":1,"featured_media":88232,"comment_status":"open","ping_status":"closed","sticky":false,"template":"","format":"standard","meta":{"amp_status":"","footnotes":""},"categories":[122],"tags":[97123,97107,97103,97104,97117,97109,97108,97122,31846,97118,97116,97105,97106,1018,58435,97125,97124,97120,97119,70513,97121,97102],"class_list":["post-88230","post","type-post","status-publish","format-standard","has-post-thumbnail","hentry","category-mucuri","tag-acidente-com-moradores-de-mucuri","tag-acidente-entre-carro-e-caminhao-br-116-em-teofilo-otoni","tag-acidente-entre-carro-e-caminhao-mata-tres-pessoas-na-br-116","tag-acidente-entre-carro-e-caminhao-mata-tres-pessoas-na-br-116-em-teofilo-otoni","tag-acidente-guincho-auto-socorro-multimarcas","tag-acidente-guincho-da-multimarcas","tag-acidente-moradores-de-mucuri","tag-acidente-moradores-do-distrito-de-mucuri","tag-acidente-na-br-116-em-teofilo-otoni","tag-acidente-polo-de-teofilo-otoni","tag-auto-socorro-multimarcas","tag-br-116-em-teofilo-otoni","tag-colisao-entre-carro-e-caminhao-na-br-116-em-teofilo-otoni","tag-destaque","tag-em-teofilo-otoni","tag-identificadas-as-vitimas-de-acidente-entre-carro-e-caminhao-em-teofilo-otoni","tag-identificadas-as-vitimas-de-acidente-entre-carro-e-caminhao-na-br-116-em-teofilo-otoni","tag-igor-pamponet-dos-santos","tag-pedro-junior-barbosa-lopes","tag-proximo-a-teofilo-otoni","tag-taluana-francisca-espindola","tag-tres-pessoas-morrem-em-grave-acidente-na-br-116"],"yoast_head":"<!-- This site is optimized with the Yoast SEO plugin v28.3 - https:\/\/yoast.com\/product\/yoast-seo-wordpress\/ -->\n<title>Identificadas as v\u00edtimas de acidente entre carro e caminh\u00e3o na BR-116, em Te\u00f3filo Otoni - Aconteceu no Vale<\/title>\n<meta name=\"robots\" content=\"index, follow, max-snippet:-1, max-image-preview:large, max-video-preview:-1\" \/>\n<link rel=\"canonical\" href=\"https:\/\/aconteceunovale.com.br\/portal\/?p=88230\" \/>\n<meta property=\"og:locale\" content=\"pt_BR\" \/>\n<meta property=\"og:type\" content=\"article\" \/>\n<meta property=\"og:title\" content=\"Identificadas as v\u00edtimas de acidente entre carro e caminh\u00e3o na BR-116, em Te\u00f3filo Otoni - Aconteceu no Vale\" \/>\n<meta property=\"og:description\" content=\"O Instituto M\u00e9dico Legal (IML) identificou as tr\u00eas v\u00edtimas fatais do grav\u00edssimo acidente entre um carro de passeio e um caminh\u00e3o registrado na noite dessa ter\u00e7a-feira, 31 de maio, na altura do quil\u00f4metro 272 da BR-116, munic\u00edpio de Te\u00f3filo Otoni, na regi\u00e3o do Vale do Mucuri. Taluana Francisca Esp\u00edndola, de 25 anos, Pedro J\u00fanior Barbosa [&hellip;]\" \/>\n<meta property=\"og:url\" content=\"https:\/\/aconteceunovale.com.br\/portal\/?p=88230\" \/>\n<meta property=\"og:site_name\" content=\"Aconteceu no Vale\" \/>\n<meta property=\"article:publisher\" content=\"https:\/\/www.facebook.com\/aconteceunovale\/\" \/>\n<meta property=\"article:published_time\" content=\"2016-06-01T13:50:10+00:00\" \/>\n<meta property=\"og:image\" content=\"https:\/\/aconteceunovale.com.br\/portal\/wp-content\/uploads\/2016\/06\/teo_acidente_31_5_3.jpg\" \/>\n\t<meta property=\"og:image:width\" content=\"678\" \/>\n\t<meta property=\"og:image:height\" content=\"381\" \/>\n\t<meta property=\"og:image:type\" content=\"image\/jpeg\" \/>\n<meta name=\"author\" content=\"Aconteceu no Vale\" \/>\n<meta name=\"twitter:card\" content=\"summary_large_image\" \/>\n<meta name=\"twitter:creator\" content=\"@noticiadosvales\" \/>\n<meta name=\"twitter:site\" content=\"@noticiadosvales\" \/>\n<meta name=\"twitter:label1\" content=\"Escrito por\" \/>\n\t<meta name=\"twitter:data1\" content=\"Aconteceu no Vale\" \/>\n\t<meta name=\"twitter:label2\" content=\"Est. tempo de leitura\" \/>\n\t<meta name=\"twitter:data2\" content=\"2 minutos\" \/>\n<script type=\"application\/ld+json\" class=\"yoast-schema-graph\">{\"@context\":\"https:\\\/\\\/schema.org\",\"@graph\":[{\"@type\":\"Article\",\"@id\":\"https:\\\/\\\/aconteceunovale.com.br\\\/portal\\\/?p=88230#article\",\"isPartOf\":{\"@id\":\"https:\\\/\\\/aconteceunovale.com.br\\\/portal\\\/?p=88230\"},\"author\":{\"name\":\"Aconteceu no Vale\",\"@id\":\"https:\\\/\\\/aconteceunovale.com.br\\\/portal\\\/#\\\/schema\\\/person\\\/633529146f2c94272bef50ac2953d589\"},\"headline\":\"Identificadas as v\u00edtimas de acidente entre carro e caminh\u00e3o na BR-116, em Te\u00f3filo Otoni\",\"datePublished\":\"2016-06-01T13:50:10+00:00\",\"mainEntityOfPage\":{\"@id\":\"https:\\\/\\\/aconteceunovale.com.br\\\/portal\\\/?p=88230\"},\"wordCount\":404,\"commentCount\":0,\"image\":{\"@id\":\"https:\\\/\\\/aconteceunovale.com.br\\\/portal\\\/?p=88230#primaryimage\"},\"thumbnailUrl\":\"https:\\\/\\\/aconteceunovale.com.br\\\/portal\\\/wp-content\\\/uploads\\\/2016\\\/06\\\/teo_acidente_31_5_3.jpg\",\"keywords\":[\"acidente com moradores de mucuri\",\"Acidente entre carro e caminh\u00e3o BR-116 em Te\u00f3filo Otoni\",\"Acidente entre carro e caminh\u00e3o mata tr\u00eas pessoas na BR-116\",\"Acidente entre carro e caminh\u00e3o mata tr\u00eas pessoas na BR-116 em Te\u00f3filo Otoni\",\"Acidente guincho Auto Socorro Multimarcas\",\"acidente guincho da multimarcas\",\"Acidente moradores de mucuri\",\"acidente moradores do distrito de mucuri\",\"acidente na br 116 em te\u00f3filo otoni\",\"Acidente Polo de Te\u00f3filo Otoni\",\"Auto Socorro Multimarcas\",\"BR-116 em Te\u00f3filo Otoni\",\"Colis\u00e3o entre carro e caminh\u00e3o na BR-116 em Te\u00f3filo Otoni\",\"destaque\",\"em Te\u00f3filo Otoni\",\"Identificadas as v\u00edtimas de acidente entre carro e caminh\u00e3o em Te\u00f3filo Otoni\",\"Identificadas as v\u00edtimas de acidente entre carro e caminh\u00e3o na BR-116 em Te\u00f3filo Otoni\",\"Igor Pamponet dos Santos\",\"Pedro Junior Barbosa Lopes\",\"pr\u00f3ximo a Te\u00f3filo Otoni\",\"Taluana Francisca Espindola\",\"Tr\u00eas pessoas morrem em grave acidente na BR-116\"],\"articleSection\":[\"Vale do Mucuri\"],\"inLanguage\":\"pt-BR\",\"potentialAction\":[{\"@type\":\"CommentAction\",\"name\":\"Comment\",\"target\":[\"https:\\\/\\\/aconteceunovale.com.br\\\/portal\\\/?p=88230#respond\"]}]},{\"@type\":\"WebPage\",\"@id\":\"https:\\\/\\\/aconteceunovale.com.br\\\/portal\\\/?p=88230\",\"url\":\"https:\\\/\\\/aconteceunovale.com.br\\\/portal\\\/?p=88230\",\"name\":\"Identificadas as v\u00edtimas de acidente entre carro e caminh\u00e3o na BR-116, em Te\u00f3filo Otoni - Aconteceu no Vale\",\"isPartOf\":{\"@id\":\"https:\\\/\\\/aconteceunovale.com.br\\\/portal\\\/#website\"},\"primaryImageOfPage\":{\"@id\":\"https:\\\/\\\/aconteceunovale.com.br\\\/portal\\\/?p=88230#primaryimage\"},\"image\":{\"@id\":\"https:\\\/\\\/aconteceunovale.com.br\\\/portal\\\/?p=88230#primaryimage\"},\"thumbnailUrl\":\"https:\\\/\\\/aconteceunovale.com.br\\\/portal\\\/wp-content\\\/uploads\\\/2016\\\/06\\\/teo_acidente_31_5_3.jpg\",\"datePublished\":\"2016-06-01T13:50:10+00:00\",\"author\":{\"@id\":\"https:\\\/\\\/aconteceunovale.com.br\\\/portal\\\/#\\\/schema\\\/person\\\/633529146f2c94272bef50ac2953d589\"},\"breadcrumb\":{\"@id\":\"https:\\\/\\\/aconteceunovale.com.br\\\/portal\\\/?p=88230#breadcrumb\"},\"inLanguage\":\"pt-BR\",\"potentialAction\":[{\"@type\":\"ReadAction\",\"target\":[\"https:\\\/\\\/aconteceunovale.com.br\\\/portal\\\/?p=88230\"]}]},{\"@type\":\"ImageObject\",\"inLanguage\":\"pt-BR\",\"@id\":\"https:\\\/\\\/aconteceunovale.com.br\\\/portal\\\/?p=88230#primaryimage\",\"url\":\"https:\\\/\\\/aconteceunovale.com.br\\\/portal\\\/wp-content\\\/uploads\\\/2016\\\/06\\\/teo_acidente_31_5_3.jpg\",\"contentUrl\":\"https:\\\/\\\/aconteceunovale.com.br\\\/portal\\\/wp-content\\\/uploads\\\/2016\\\/06\\\/teo_acidente_31_5_3.jpg\",\"width\":678,\"height\":381},{\"@type\":\"BreadcrumbList\",\"@id\":\"https:\\\/\\\/aconteceunovale.com.br\\\/portal\\\/?p=88230#breadcrumb\",\"itemListElement\":[{\"@type\":\"ListItem\",\"position\":1,\"name\":\"In\u00edcio\",\"item\":\"https:\\\/\\\/aconteceunovale.com.br\\\/portal\\\/\"},{\"@type\":\"ListItem\",\"position\":2,\"name\":\"Identificadas as v\u00edtimas de acidente entre carro e caminh\u00e3o na BR-116, em Te\u00f3filo Otoni\"}]},{\"@type\":\"WebSite\",\"@id\":\"https:\\\/\\\/aconteceunovale.com.br\\\/portal\\\/#website\",\"url\":\"https:\\\/\\\/aconteceunovale.com.br\\\/portal\\\/\",\"name\":\"Aconteceu no Vale\",\"description\":\"Portal de Not\u00edcias\",\"potentialAction\":[{\"@type\":\"SearchAction\",\"target\":{\"@type\":\"EntryPoint\",\"urlTemplate\":\"https:\\\/\\\/aconteceunovale.com.br\\\/portal\\\/?s={search_term_string}\"},\"query-input\":{\"@type\":\"PropertyValueSpecification\",\"valueRequired\":true,\"valueName\":\"search_term_string\"}}],\"inLanguage\":\"pt-BR\"},{\"@type\":\"Person\",\"@id\":\"https:\\\/\\\/aconteceunovale.com.br\\\/portal\\\/#\\\/schema\\\/person\\\/633529146f2c94272bef50ac2953d589\",\"name\":\"Aconteceu no Vale\",\"description\":\"Equipe de reportagem do Aconteceu no Vale, portal de not\u00edcias do Vale do Jequitinhonha, em Minas Gerais. Cobrimos as 51 cidades do Vale desde 2013. Sugest\u00f5es de pauta e pedidos de corre\u00e7\u00e3o: contato@aconteceunovale.com.br\",\"sameAs\":[\"http:\\\/\\\/www.aconteceunovale.com.br\"],\"url\":\"https:\\\/\\\/aconteceunovale.com.br\\\/portal\\\/?author=1\"}]}<\/script>\n<!-- \/ Yoast SEO plugin. -->","yoast_head_json":{"title":"Identificadas as v\u00edtimas de acidente entre carro e caminh\u00e3o na BR-116, em Te\u00f3filo Otoni - Aconteceu no Vale","robots":{"index":"index","follow":"follow","max-snippet":"max-snippet:-1","max-image-preview":"max-image-preview:large","max-video-preview":"max-video-preview:-1"},"canonical":"https:\/\/aconteceunovale.com.br\/portal\/?p=88230","og_locale":"pt_BR","og_type":"article","og_title":"Identificadas as v\u00edtimas de acidente entre carro e caminh\u00e3o na BR-116, em Te\u00f3filo Otoni - Aconteceu no Vale","og_description":"O Instituto M\u00e9dico Legal (IML) identificou as tr\u00eas v\u00edtimas fatais do grav\u00edssimo acidente entre um carro de passeio e um caminh\u00e3o registrado na noite dessa ter\u00e7a-feira, 31 de maio, na altura do quil\u00f4metro 272 da BR-116, munic\u00edpio de Te\u00f3filo Otoni, na regi\u00e3o do Vale do Mucuri. Taluana Francisca Esp\u00edndola, de 25 anos, Pedro J\u00fanior Barbosa [&hellip;]","og_url":"https:\/\/aconteceunovale.com.br\/portal\/?p=88230","og_site_name":"Aconteceu no Vale","article_publisher":"https:\/\/www.facebook.com\/aconteceunovale\/","article_published_time":"2016-06-01T13:50:10+00:00","og_image":[{"width":678,"height":381,"url":"https:\/\/aconteceunovale.com.br\/portal\/wp-content\/uploads\/2016\/06\/teo_acidente_31_5_3.jpg","type":"image\/jpeg"}],"author":"Aconteceu no Vale","twitter_card":"summary_large_image","twitter_creator":"@noticiadosvales","twitter_site":"@noticiadosvales","twitter_misc":{"Escrito por":"Aconteceu no Vale","Est. tempo de leitura":"2 minutos"},"schema":{"@context":"https:\/\/schema.org","@graph":[{"@type":"Article","@id":"https:\/\/aconteceunovale.com.br\/portal\/?p=88230#article","isPartOf":{"@id":"https:\/\/aconteceunovale.com.br\/portal\/?p=88230"},"author":{"name":"Aconteceu no Vale","@id":"https:\/\/aconteceunovale.com.br\/portal\/#\/schema\/person\/633529146f2c94272bef50ac2953d589"},"headline":"Identificadas as v\u00edtimas de acidente entre carro e caminh\u00e3o na BR-116, em Te\u00f3filo Otoni","datePublished":"2016-06-01T13:50:10+00:00","mainEntityOfPage":{"@id":"https:\/\/aconteceunovale.com.br\/portal\/?p=88230"},"wordCount":404,"commentCount":0,"image":{"@id":"https:\/\/aconteceunovale.com.br\/portal\/?p=88230#primaryimage"},"thumbnailUrl":"https:\/\/aconteceunovale.com.br\/portal\/wp-content\/uploads\/2016\/06\/teo_acidente_31_5_3.jpg","keywords":["acidente com moradores de mucuri","Acidente entre carro e caminh\u00e3o BR-116 em Te\u00f3filo Otoni","Acidente entre carro e caminh\u00e3o mata tr\u00eas pessoas na BR-116","Acidente entre carro e caminh\u00e3o mata tr\u00eas pessoas na BR-116 em Te\u00f3filo Otoni","Acidente guincho Auto Socorro Multimarcas","acidente guincho da multimarcas","Acidente moradores de mucuri","acidente moradores do distrito de mucuri","acidente na br 116 em te\u00f3filo otoni","Acidente Polo de Te\u00f3filo Otoni","Auto Socorro Multimarcas","BR-116 em Te\u00f3filo Otoni","Colis\u00e3o entre carro e caminh\u00e3o na BR-116 em Te\u00f3filo Otoni","destaque","em Te\u00f3filo Otoni","Identificadas as v\u00edtimas de acidente entre carro e caminh\u00e3o em Te\u00f3filo Otoni","Identificadas as v\u00edtimas de acidente entre carro e caminh\u00e3o na BR-116 em Te\u00f3filo Otoni","Igor Pamponet dos Santos","Pedro Junior Barbosa Lopes","pr\u00f3ximo a Te\u00f3filo Otoni","Taluana Francisca Espindola","Tr\u00eas pessoas morrem em grave acidente na BR-116"],"articleSection":["Vale do Mucuri"],"inLanguage":"pt-BR","potentialAction":[{"@type":"CommentAction","name":"Comment","target":["https:\/\/aconteceunovale.com.br\/portal\/?p=88230#respond"]}]},{"@type":"WebPage","@id":"https:\/\/aconteceunovale.com.br\/portal\/?p=88230","url":"https:\/\/aconteceunovale.com.br\/portal\/?p=88230","name":"Identificadas as v\u00edtimas de acidente entre carro e caminh\u00e3o na BR-116, em Te\u00f3filo Otoni - Aconteceu no Vale","isPartOf":{"@id":"https:\/\/aconteceunovale.com.br\/portal\/#website"},"primaryImageOfPage":{"@id":"https:\/\/aconteceunovale.com.br\/portal\/?p=88230#primaryimage"},"image":{"@id":"https:\/\/aconteceunovale.com.br\/portal\/?p=88230#primaryimage"},"thumbnailUrl":"https:\/\/aconteceunovale.com.br\/portal\/wp-content\/uploads\/2016\/06\/teo_acidente_31_5_3.jpg","datePublished":"2016-06-01T13:50:10+00:00","author":{"@id":"https:\/\/aconteceunovale.com.br\/portal\/#\/schema\/person\/633529146f2c94272bef50ac2953d589"},"breadcrumb":{"@id":"https:\/\/aconteceunovale.com.br\/portal\/?p=88230#breadcrumb"},"inLanguage":"pt-BR","potentialAction":[{"@type":"ReadAction","target":["https:\/\/aconteceunovale.com.br\/portal\/?p=88230"]}]},{"@type":"ImageObject","inLanguage":"pt-BR","@id":"https:\/\/aconteceunovale.com.br\/portal\/?p=88230#primaryimage","url":"https:\/\/aconteceunovale.com.br\/portal\/wp-content\/uploads\/2016\/06\/teo_acidente_31_5_3.jpg","contentUrl":"https:\/\/aconteceunovale.com.br\/portal\/wp-content\/uploads\/2016\/06\/teo_acidente_31_5_3.jpg","width":678,"height":381},{"@type":"BreadcrumbList","@id":"https:\/\/aconteceunovale.com.br\/portal\/?p=88230#breadcrumb","itemListElement":[{"@type":"ListItem","position":1,"name":"In\u00edcio","item":"https:\/\/aconteceunovale.com.br\/portal\/"},{"@type":"ListItem","position":2,"name":"Identificadas as v\u00edtimas de acidente entre carro e caminh\u00e3o na BR-116, em Te\u00f3filo Otoni"}]},{"@type":"WebSite","@id":"https:\/\/aconteceunovale.com.br\/portal\/#website","url":"https:\/\/aconteceunovale.com.br\/portal\/","name":"Aconteceu no Vale","description":"Portal de Not\u00edcias","potentialAction":[{"@type":"SearchAction","target":{"@type":"EntryPoint","urlTemplate":"https:\/\/aconteceunovale.com.br\/portal\/?s={search_term_string}"},"query-input":{"@type":"PropertyValueSpecification","valueRequired":true,"valueName":"search_term_string"}}],"inLanguage":"pt-BR"},{"@type":"Person","@id":"https:\/\/aconteceunovale.com.br\/portal\/#\/schema\/person\/633529146f2c94272bef50ac2953d589","name":"Aconteceu no Vale","description":"Equipe de reportagem do Aconteceu no Vale, portal de not\u00edcias do Vale do Jequitinhonha, em Minas Gerais. Cobrimos as 51 cidades do Vale desde 2013. Sugest\u00f5es de pauta e pedidos de corre\u00e7\u00e3o: contato@aconteceunovale.com.br","sameAs":["http:\/\/www.aconteceunovale.com.br"],"url":"https:\/\/aconteceunovale.com.br\/portal\/?author=1"}]}},"_links":{"self":[{"href":"https:\/\/aconteceunovale.com.br\/portal\/index.php?rest_route=\/wp\/v2\/posts\/88230","targetHints":{"allow":["GET"]}}],"collection":[{"href":"https:\/\/aconteceunovale.com.br\/portal\/index.php?rest_route=\/wp\/v2\/posts"}],"about":[{"href":"https:\/\/aconteceunovale.com.br\/portal\/index.php?rest_route=\/wp\/v2\/types\/post"}],"author":[{"embeddable":true,"href":"https:\/\/aconteceunovale.com.br\/portal\/index.php?rest_route=\/wp\/v2\/users\/1"}],"replies":[{"embeddable":true,"href":"https:\/\/aconteceunovale.com.br\/portal\/index.php?rest_route=%2Fwp%2Fv2%2Fcomments&post=88230"}],"version-history":[{"count":0,"href":"https:\/\/aconteceunovale.com.br\/portal\/index.php?rest_route=\/wp\/v2\/posts\/88230\/revisions"}],"wp:featuredmedia":[{"embeddable":true,"href":"https:\/\/aconteceunovale.com.br\/portal\/index.php?rest_route=\/wp\/v2\/media\/88232"}],"wp:attachment":[{"href":"https:\/\/aconteceunovale.com.br\/portal\/index.php?rest_route=%2Fwp%2Fv2%2Fmedia&parent=88230"}],"wp:term":[{"taxonomy":"category","embeddable":true,"href":"https:\/\/aconteceunovale.com.br\/portal\/index.php?rest_route=%2Fwp%2Fv2%2Fcategories&post=88230"},{"taxonomy":"post_tag","embeddable":true,"href":"https:\/\/aconteceunovale.com.br\/portal\/index.php?rest_route=%2Fwp%2Fv2%2Ftags&post=88230"}],"curies":[{"name":"wp","href":"https:\/\/api.w.org\/{rel}","templated":true}]}}