{"id":88223,"date":"2016-05-31T22:51:30","date_gmt":"2016-06-01T01:51:30","guid":{"rendered":"http:\/\/aconteceunovale.com.br\/portal\/?p=88223"},"modified":"2026-09-02T13:05:44","modified_gmt":"2026-09-02T16:05:44","slug":"adolescente-e-encontrado-apos-fugir-de-bicicleta-de-belo-horizonte-para-itamarandiba","status":"publish","type":"post","link":"https:\/\/aconteceunovale.com.br\/portal\/?p=88223","title":{"rendered":"Adolescente \u00e9 encontrado ap\u00f3s fugir de bicicleta de Belo Horizonte para Itamarandiba"},"content":{"rendered":"<p>O adolescente Felipe Carneiro Rocha, de 14 anos, que estava desaparecido, foi encontrado por volta das 15h desta ter\u00e7a-feira (31\/5), em Curvelo, na Regi\u00e3o Central de Minas. O garoto fugiu de bicicleta da casa do pai, no Bairro Serra Verde, na Zona Norte de Belo Horizonte, nessa segunda (30\/5), e pedalou por cerca de 170 quil\u00f4metros.<\/p>\n<p>O menino estava a caminho da casa da m\u00e3e, em Itamarandiba, no Vale do Jequitinhonha, a aproximadamente 400 quil\u00f4metros da capital. Os parentes descobriram o plano da fuga no celular do adolescente e iniciaram as buscas.<\/p>\n<p>O pai de Felipe e um amigo da fam\u00edlia sa\u00edram em busca do garoto ap\u00f3s receberem a informa\u00e7\u00e3o de que o menino havia sido visto em um lava jato em Sete Lagoas, na Regi\u00e3o Central do estado. O adolescente teria dito ao dono do estabelecimento que seguiria pela BR-040.<\/p>\n<p>O pai e o amigo seguiram pela rodovia, colheram mais informa\u00e7\u00f5es em postos de combust\u00edveis e chegaram ao garoto, que estava na estrada. Tia do menino, K\u00e1tia Cristina Brand\u00e3o disse que o sobrinho est\u00e1 bem, apesar de um pouco abatido e desnutrido.<\/p>\n<p>Felipe perdeu a av\u00f3 materna recentemente e ficou triste por n\u00e3o conseguir ir ao enterro. Nesse domingo (29), ele tamb\u00e9m teve uma pequena discuss\u00e3o com o pai. Esses dois fatores teriam motivado o garoto a sair de casa. (R\u00e1dio Itatiaia)<\/p>\n","protected":false},"excerpt":{"rendered":"<p>O adolescente Felipe Carneiro Rocha, de 14 anos, que estava desaparecido, foi encontrado por volta das 15h desta ter\u00e7a-feira (31\/5), em Curvelo, na Regi\u00e3o Central de Minas. O garoto fugiu de bicicleta da casa do pai, no Bairro Serra Verde, na Zona Norte de Belo Horizonte, nessa segunda (30\/5), e pedalou por cerca de 170 [&hellip;]<\/p>\n","protected":false},"author":1,"featured_media":88131,"comment_status":"open","ping_status":"closed","sticky":false,"template":"","format":"standard","meta":{"amp_status":"","footnotes":""},"categories":[272549,123],"tags":[97101,197,96929,96928,96926,96931,96924,96930,96927,149,96925],"class_list":["post-88223","post","type-post","status-publish","format-standard","has-post-thumbnail","hentry","category-itamarandiba","category-gerais","tag-adolescente-e-encontrado-apos-fugir-de-bicicleta-de-belo-horizonte-para-itamarandiba","tag-curvelo","tag-desaparecido-belo-horizonte","tag-desaparecido-bh","tag-escola-estadual-coronel-manoel-soares-do-couto","tag-familia-procura-adolescente-que-teria-fugido-de-bh-para-itamarandiba","tag-felipe-carneiro-rocha","tag-fuga-para-itamarandiba","tag-garoto-que-fugiu-para-itamarandiba","tag-itamarandiba","tag-katia-cristina-brandao"],"yoast_head":"<!-- This site is optimized with the Yoast SEO plugin v28.3 - https:\/\/yoast.com\/product\/yoast-seo-wordpress\/ -->\n<title>Adolescente \u00e9 encontrado ap\u00f3s fugir de bicicleta de Belo Horizonte para Itamarandiba - Aconteceu no Vale<\/title>\n<meta name=\"robots\" content=\"index, follow, max-snippet:-1, max-image-preview:large, max-video-preview:-1\" \/>\n<link rel=\"canonical\" href=\"https:\/\/aconteceunovale.com.br\/portal\/?p=88223\" \/>\n<meta property=\"og:locale\" content=\"pt_BR\" \/>\n<meta property=\"og:type\" content=\"article\" \/>\n<meta property=\"og:title\" content=\"Adolescente \u00e9 encontrado ap\u00f3s fugir de bicicleta de Belo Horizonte para Itamarandiba - Aconteceu no Vale\" \/>\n<meta property=\"og:description\" content=\"O adolescente Felipe Carneiro Rocha, de 14 anos, que estava desaparecido, foi encontrado por volta das 15h desta ter\u00e7a-feira (31\/5), em Curvelo, na Regi\u00e3o Central de Minas. O garoto fugiu de bicicleta da casa do pai, no Bairro Serra Verde, na Zona Norte de Belo Horizonte, nessa segunda (30\/5), e pedalou por cerca de 170 [&hellip;]\" \/>\n<meta property=\"og:url\" content=\"https:\/\/aconteceunovale.com.br\/portal\/?p=88223\" \/>\n<meta property=\"og:site_name\" content=\"Aconteceu no Vale\" \/>\n<meta property=\"article:publisher\" content=\"https:\/\/www.facebook.com\/aconteceunovale\/\" \/>\n<meta property=\"article:published_time\" content=\"2016-06-01T01:51:30+00:00\" \/>\n<meta property=\"article:modified_time\" content=\"2026-09-02T16:05:44+00:00\" \/>\n<meta property=\"og:image\" content=\"https:\/\/aconteceunovale.com.br\/portal\/wp-content\/uploads\/2016\/05\/fugitivo_ita_bh_1.jpg\" \/>\n\t<meta property=\"og:image:width\" content=\"432\" \/>\n\t<meta property=\"og:image:height\" content=\"450\" \/>\n\t<meta property=\"og:image:type\" content=\"image\/jpeg\" \/>\n<meta name=\"author\" content=\"Aconteceu no Vale\" \/>\n<meta name=\"twitter:card\" content=\"summary_large_image\" \/>\n<meta name=\"twitter:creator\" content=\"@noticiadosvales\" \/>\n<meta name=\"twitter:site\" content=\"@noticiadosvales\" \/>\n<meta name=\"twitter:label1\" content=\"Escrito por\" \/>\n\t<meta name=\"twitter:data1\" content=\"Aconteceu no Vale\" \/>\n\t<meta name=\"twitter:label2\" content=\"Est. tempo de leitura\" \/>\n\t<meta name=\"twitter:data2\" content=\"1 minuto\" \/>\n<script type=\"application\/ld+json\" class=\"yoast-schema-graph\">{\"@context\":\"https:\\\/\\\/schema.org\",\"@graph\":[{\"@type\":\"Article\",\"@id\":\"https:\\\/\\\/aconteceunovale.com.br\\\/portal\\\/?p=88223#article\",\"isPartOf\":{\"@id\":\"https:\\\/\\\/aconteceunovale.com.br\\\/portal\\\/?p=88223\"},\"author\":{\"name\":\"Aconteceu no Vale\",\"@id\":\"https:\\\/\\\/aconteceunovale.com.br\\\/portal\\\/#\\\/schema\\\/person\\\/633529146f2c94272bef50ac2953d589\"},\"headline\":\"Adolescente \u00e9 encontrado ap\u00f3s fugir de bicicleta de Belo Horizonte para Itamarandiba\",\"datePublished\":\"2016-06-01T01:51:30+00:00\",\"dateModified\":\"2026-09-02T16:05:44+00:00\",\"mainEntityOfPage\":{\"@id\":\"https:\\\/\\\/aconteceunovale.com.br\\\/portal\\\/?p=88223\"},\"wordCount\":247,\"commentCount\":0,\"image\":{\"@id\":\"https:\\\/\\\/aconteceunovale.com.br\\\/portal\\\/?p=88223#primaryimage\"},\"thumbnailUrl\":\"https:\\\/\\\/aconteceunovale.com.br\\\/portal\\\/wp-content\\\/uploads\\\/2016\\\/05\\\/fugitivo_ita_bh_1.jpg\",\"keywords\":[\"Adolescente \u00e9 encontrado ap\u00f3s fugir de bicicleta de Belo Horizonte para Itamarandiba\",\"Curvelo\",\"desaparecido belo horizonte\",\"Desaparecido bh\",\"Escola Estadual Coronel Manoel Soares do Couto\",\"Fam\u00edlia procura adolescente que teria fugido de BH para Itamarandiba\",\"Felipe Carneiro Rocha\",\"fuga para Itamarandiba\",\"Garoto que fugiu para Itamarandiba\",\"Itamarandiba\",\"K\u00e1tia Cristina Brand\u00e3o\"],\"articleSection\":[\"Itamarandiba\",\"Minas Gerais\"],\"inLanguage\":\"pt-BR\",\"potentialAction\":[{\"@type\":\"CommentAction\",\"name\":\"Comment\",\"target\":[\"https:\\\/\\\/aconteceunovale.com.br\\\/portal\\\/?p=88223#respond\"]}]},{\"@type\":\"WebPage\",\"@id\":\"https:\\\/\\\/aconteceunovale.com.br\\\/portal\\\/?p=88223\",\"url\":\"https:\\\/\\\/aconteceunovale.com.br\\\/portal\\\/?p=88223\",\"name\":\"Adolescente \u00e9 encontrado ap\u00f3s fugir de bicicleta de Belo Horizonte para Itamarandiba - Aconteceu no Vale\",\"isPartOf\":{\"@id\":\"https:\\\/\\\/aconteceunovale.com.br\\\/portal\\\/#website\"},\"primaryImageOfPage\":{\"@id\":\"https:\\\/\\\/aconteceunovale.com.br\\\/portal\\\/?p=88223#primaryimage\"},\"image\":{\"@id\":\"https:\\\/\\\/aconteceunovale.com.br\\\/portal\\\/?p=88223#primaryimage\"},\"thumbnailUrl\":\"https:\\\/\\\/aconteceunovale.com.br\\\/portal\\\/wp-content\\\/uploads\\\/2016\\\/05\\\/fugitivo_ita_bh_1.jpg\",\"datePublished\":\"2016-06-01T01:51:30+00:00\",\"dateModified\":\"2026-09-02T16:05:44+00:00\",\"author\":{\"@id\":\"https:\\\/\\\/aconteceunovale.com.br\\\/portal\\\/#\\\/schema\\\/person\\\/633529146f2c94272bef50ac2953d589\"},\"breadcrumb\":{\"@id\":\"https:\\\/\\\/aconteceunovale.com.br\\\/portal\\\/?p=88223#breadcrumb\"},\"inLanguage\":\"pt-BR\",\"potentialAction\":[{\"@type\":\"ReadAction\",\"target\":[\"https:\\\/\\\/aconteceunovale.com.br\\\/portal\\\/?p=88223\"]}]},{\"@type\":\"ImageObject\",\"inLanguage\":\"pt-BR\",\"@id\":\"https:\\\/\\\/aconteceunovale.com.br\\\/portal\\\/?p=88223#primaryimage\",\"url\":\"https:\\\/\\\/aconteceunovale.com.br\\\/portal\\\/wp-content\\\/uploads\\\/2016\\\/05\\\/fugitivo_ita_bh_1.jpg\",\"contentUrl\":\"https:\\\/\\\/aconteceunovale.com.br\\\/portal\\\/wp-content\\\/uploads\\\/2016\\\/05\\\/fugitivo_ita_bh_1.jpg\",\"width\":432,\"height\":450},{\"@type\":\"BreadcrumbList\",\"@id\":\"https:\\\/\\\/aconteceunovale.com.br\\\/portal\\\/?p=88223#breadcrumb\",\"itemListElement\":[{\"@type\":\"ListItem\",\"position\":1,\"name\":\"In\u00edcio\",\"item\":\"https:\\\/\\\/aconteceunovale.com.br\\\/portal\\\/\"},{\"@type\":\"ListItem\",\"position\":2,\"name\":\"Adolescente \u00e9 encontrado ap\u00f3s fugir de bicicleta de Belo Horizonte para Itamarandiba\"}]},{\"@type\":\"WebSite\",\"@id\":\"https:\\\/\\\/aconteceunovale.com.br\\\/portal\\\/#website\",\"url\":\"https:\\\/\\\/aconteceunovale.com.br\\\/portal\\\/\",\"name\":\"Aconteceu no Vale\",\"description\":\"Portal de Not\u00edcias\",\"potentialAction\":[{\"@type\":\"SearchAction\",\"target\":{\"@type\":\"EntryPoint\",\"urlTemplate\":\"https:\\\/\\\/aconteceunovale.com.br\\\/portal\\\/?s={search_term_string}\"},\"query-input\":{\"@type\":\"PropertyValueSpecification\",\"valueRequired\":true,\"valueName\":\"search_term_string\"}}],\"inLanguage\":\"pt-BR\"},{\"@type\":\"Person\",\"@id\":\"https:\\\/\\\/aconteceunovale.com.br\\\/portal\\\/#\\\/schema\\\/person\\\/633529146f2c94272bef50ac2953d589\",\"name\":\"Aconteceu no Vale\",\"description\":\"Equipe de reportagem do Aconteceu no Vale, portal de not\u00edcias do Vale do Jequitinhonha, em Minas Gerais. Cobrimos as 51 cidades do Vale desde 2013. Sugest\u00f5es de pauta e pedidos de corre\u00e7\u00e3o: contato@aconteceunovale.com.br\",\"sameAs\":[\"http:\\\/\\\/www.aconteceunovale.com.br\"],\"url\":\"https:\\\/\\\/aconteceunovale.com.br\\\/portal\\\/?author=1\"}]}<\/script>\n<!-- \/ Yoast SEO plugin. -->","yoast_head_json":{"title":"Adolescente \u00e9 encontrado ap\u00f3s fugir de bicicleta de Belo Horizonte para Itamarandiba - Aconteceu no Vale","robots":{"index":"index","follow":"follow","max-snippet":"max-snippet:-1","max-image-preview":"max-image-preview:large","max-video-preview":"max-video-preview:-1"},"canonical":"https:\/\/aconteceunovale.com.br\/portal\/?p=88223","og_locale":"pt_BR","og_type":"article","og_title":"Adolescente \u00e9 encontrado ap\u00f3s fugir de bicicleta de Belo Horizonte para Itamarandiba - Aconteceu no Vale","og_description":"O adolescente Felipe Carneiro Rocha, de 14 anos, que estava desaparecido, foi encontrado por volta das 15h desta ter\u00e7a-feira (31\/5), em Curvelo, na Regi\u00e3o Central de Minas. O garoto fugiu de bicicleta da casa do pai, no Bairro Serra Verde, na Zona Norte de Belo Horizonte, nessa segunda (30\/5), e pedalou por cerca de 170 [&hellip;]","og_url":"https:\/\/aconteceunovale.com.br\/portal\/?p=88223","og_site_name":"Aconteceu no Vale","article_publisher":"https:\/\/www.facebook.com\/aconteceunovale\/","article_published_time":"2016-06-01T01:51:30+00:00","article_modified_time":"2026-09-02T16:05:44+00:00","og_image":[{"width":432,"height":450,"url":"https:\/\/aconteceunovale.com.br\/portal\/wp-content\/uploads\/2016\/05\/fugitivo_ita_bh_1.jpg","type":"image\/jpeg"}],"author":"Aconteceu no Vale","twitter_card":"summary_large_image","twitter_creator":"@noticiadosvales","twitter_site":"@noticiadosvales","twitter_misc":{"Escrito por":"Aconteceu no Vale","Est. tempo de leitura":"1 minuto"},"schema":{"@context":"https:\/\/schema.org","@graph":[{"@type":"Article","@id":"https:\/\/aconteceunovale.com.br\/portal\/?p=88223#article","isPartOf":{"@id":"https:\/\/aconteceunovale.com.br\/portal\/?p=88223"},"author":{"name":"Aconteceu no Vale","@id":"https:\/\/aconteceunovale.com.br\/portal\/#\/schema\/person\/633529146f2c94272bef50ac2953d589"},"headline":"Adolescente \u00e9 encontrado ap\u00f3s fugir de bicicleta de Belo Horizonte para Itamarandiba","datePublished":"2016-06-01T01:51:30+00:00","dateModified":"2026-09-02T16:05:44+00:00","mainEntityOfPage":{"@id":"https:\/\/aconteceunovale.com.br\/portal\/?p=88223"},"wordCount":247,"commentCount":0,"image":{"@id":"https:\/\/aconteceunovale.com.br\/portal\/?p=88223#primaryimage"},"thumbnailUrl":"https:\/\/aconteceunovale.com.br\/portal\/wp-content\/uploads\/2016\/05\/fugitivo_ita_bh_1.jpg","keywords":["Adolescente \u00e9 encontrado ap\u00f3s fugir de bicicleta de Belo Horizonte para Itamarandiba","Curvelo","desaparecido belo horizonte","Desaparecido bh","Escola Estadual Coronel Manoel Soares do Couto","Fam\u00edlia procura adolescente que teria fugido de BH para Itamarandiba","Felipe Carneiro Rocha","fuga para Itamarandiba","Garoto que fugiu para Itamarandiba","Itamarandiba","K\u00e1tia Cristina Brand\u00e3o"],"articleSection":["Itamarandiba","Minas Gerais"],"inLanguage":"pt-BR","potentialAction":[{"@type":"CommentAction","name":"Comment","target":["https:\/\/aconteceunovale.com.br\/portal\/?p=88223#respond"]}]},{"@type":"WebPage","@id":"https:\/\/aconteceunovale.com.br\/portal\/?p=88223","url":"https:\/\/aconteceunovale.com.br\/portal\/?p=88223","name":"Adolescente \u00e9 encontrado ap\u00f3s fugir de bicicleta de Belo Horizonte para Itamarandiba - Aconteceu no Vale","isPartOf":{"@id":"https:\/\/aconteceunovale.com.br\/portal\/#website"},"primaryImageOfPage":{"@id":"https:\/\/aconteceunovale.com.br\/portal\/?p=88223#primaryimage"},"image":{"@id":"https:\/\/aconteceunovale.com.br\/portal\/?p=88223#primaryimage"},"thumbnailUrl":"https:\/\/aconteceunovale.com.br\/portal\/wp-content\/uploads\/2016\/05\/fugitivo_ita_bh_1.jpg","datePublished":"2016-06-01T01:51:30+00:00","dateModified":"2026-09-02T16:05:44+00:00","author":{"@id":"https:\/\/aconteceunovale.com.br\/portal\/#\/schema\/person\/633529146f2c94272bef50ac2953d589"},"breadcrumb":{"@id":"https:\/\/aconteceunovale.com.br\/portal\/?p=88223#breadcrumb"},"inLanguage":"pt-BR","potentialAction":[{"@type":"ReadAction","target":["https:\/\/aconteceunovale.com.br\/portal\/?p=88223"]}]},{"@type":"ImageObject","inLanguage":"pt-BR","@id":"https:\/\/aconteceunovale.com.br\/portal\/?p=88223#primaryimage","url":"https:\/\/aconteceunovale.com.br\/portal\/wp-content\/uploads\/2016\/05\/fugitivo_ita_bh_1.jpg","contentUrl":"https:\/\/aconteceunovale.com.br\/portal\/wp-content\/uploads\/2016\/05\/fugitivo_ita_bh_1.jpg","width":432,"height":450},{"@type":"BreadcrumbList","@id":"https:\/\/aconteceunovale.com.br\/portal\/?p=88223#breadcrumb","itemListElement":[{"@type":"ListItem","position":1,"name":"In\u00edcio","item":"https:\/\/aconteceunovale.com.br\/portal\/"},{"@type":"ListItem","position":2,"name":"Adolescente \u00e9 encontrado ap\u00f3s fugir de bicicleta de Belo Horizonte para Itamarandiba"}]},{"@type":"WebSite","@id":"https:\/\/aconteceunovale.com.br\/portal\/#website","url":"https:\/\/aconteceunovale.com.br\/portal\/","name":"Aconteceu no Vale","description":"Portal de Not\u00edcias","potentialAction":[{"@type":"SearchAction","target":{"@type":"EntryPoint","urlTemplate":"https:\/\/aconteceunovale.com.br\/portal\/?s={search_term_string}"},"query-input":{"@type":"PropertyValueSpecification","valueRequired":true,"valueName":"search_term_string"}}],"inLanguage":"pt-BR"},{"@type":"Person","@id":"https:\/\/aconteceunovale.com.br\/portal\/#\/schema\/person\/633529146f2c94272bef50ac2953d589","name":"Aconteceu no Vale","description":"Equipe de reportagem do Aconteceu no Vale, portal de not\u00edcias do Vale do Jequitinhonha, em Minas Gerais. Cobrimos as 51 cidades do Vale desde 2013. Sugest\u00f5es de pauta e pedidos de corre\u00e7\u00e3o: contato@aconteceunovale.com.br","sameAs":["http:\/\/www.aconteceunovale.com.br"],"url":"https:\/\/aconteceunovale.com.br\/portal\/?author=1"}]}},"_links":{"self":[{"href":"https:\/\/aconteceunovale.com.br\/portal\/index.php?rest_route=\/wp\/v2\/posts\/88223","targetHints":{"allow":["GET"]}}],"collection":[{"href":"https:\/\/aconteceunovale.com.br\/portal\/index.php?rest_route=\/wp\/v2\/posts"}],"about":[{"href":"https:\/\/aconteceunovale.com.br\/portal\/index.php?rest_route=\/wp\/v2\/types\/post"}],"author":[{"embeddable":true,"href":"https:\/\/aconteceunovale.com.br\/portal\/index.php?rest_route=\/wp\/v2\/users\/1"}],"replies":[{"embeddable":true,"href":"https:\/\/aconteceunovale.com.br\/portal\/index.php?rest_route=%2Fwp%2Fv2%2Fcomments&post=88223"}],"version-history":[{"count":1,"href":"https:\/\/aconteceunovale.com.br\/portal\/index.php?rest_route=\/wp\/v2\/posts\/88223\/revisions"}],"predecessor-version":[{"id":200797,"href":"https:\/\/aconteceunovale.com.br\/portal\/index.php?rest_route=\/wp\/v2\/posts\/88223\/revisions\/200797"}],"wp:featuredmedia":[{"embeddable":true,"href":"https:\/\/aconteceunovale.com.br\/portal\/index.php?rest_route=\/wp\/v2\/media\/88131"}],"wp:attachment":[{"href":"https:\/\/aconteceunovale.com.br\/portal\/index.php?rest_route=%2Fwp%2Fv2%2Fmedia&parent=88223"}],"wp:term":[{"taxonomy":"category","embeddable":true,"href":"https:\/\/aconteceunovale.com.br\/portal\/index.php?rest_route=%2Fwp%2Fv2%2Fcategories&post=88223"},{"taxonomy":"post_tag","embeddable":true,"href":"https:\/\/aconteceunovale.com.br\/portal\/index.php?rest_route=%2Fwp%2Fv2%2Ftags&post=88223"}],"curies":[{"name":"wp","href":"https:\/\/api.w.org\/{rel}","templated":true}]}}