{"id":88221,"date":"2016-05-31T22:38:08","date_gmt":"2016-06-01T01:38:08","guid":{"rendered":"http:\/\/aconteceunovale.com.br\/portal\/?p=88221"},"modified":"2016-05-31T22:38:08","modified_gmt":"2016-06-01T01:38:08","slug":"presos-na-operacao-mar-de-lama-sao-ouvidos-pelo-mpmg-e-policia-federal","status":"publish","type":"post","link":"https:\/\/aconteceunovale.com.br\/portal\/?p=88221","title":{"rendered":"Presos na Opera\u00e7\u00e3o Mar de Lama s\u00e3o ouvidos pelo MPMG e Pol\u00edcia Federal"},"content":{"rendered":"<p>O Minist\u00e9rio P\u00fablico de Minas Gerais (MPMG), em parceria com a Pol\u00edcia Federal, d\u00e1 prosseguimento \u00e0 opera\u00e7\u00e3o Mar de Lama, deflagrada em Governador Valadares, no dia 19 de maio. Foram cumpridos os mandados de pris\u00e3o preventiva dos propriet\u00e1rios da empresa Valadarense de Transporte Coletivo que estavam foragidos. O s\u00f3cio-administrador, que estava no exterior, foi preso no Aeroporto de Confins, no domingo, 29 de maio. J\u00e1 a sua filha, que \u00e9 a outra s\u00f3cia, se apresentou \u00e0 Pol\u00edcia Federal na segunda-feira, 30 de maio. Ambos j\u00e1 foram ouvidos. <\/p>\n<p>Os dois s\u00e3o investigados pela pr\u00e1tica de diversos atos de corrup\u00e7\u00e3o ativa no esquema criminoso que fraudava licita\u00e7\u00f5es e superfaturava contratos na Prefeitura e na C\u00e2mara Municipal de Governador Valadares, assim como no Servi\u00e7o Aut\u00f4nomo de \u00c1gua e Esgoto (Saae). Os depoimentos ser\u00e3o encaminhados ao Grupo de Atua\u00e7\u00e3o Especial de Combate ao Crime Organizado (Gaeco) para oferecimento da den\u00fancia.<\/p>\n<p>Os investigados est\u00e3o custodiados na Penitenci\u00e1ria Nelson Hungria e no Pres\u00eddio Feminino do Horto, em Belo Horizonte. (<strong>MPMG<\/strong>)<\/p>\n","protected":false},"excerpt":{"rendered":"<p>O Minist\u00e9rio P\u00fablico de Minas Gerais (MPMG), em parceria com a Pol\u00edcia Federal, d\u00e1 prosseguimento \u00e0 opera\u00e7\u00e3o Mar de Lama, deflagrada em Governador Valadares, no dia 19 de maio. Foram cumpridos os mandados de pris\u00e3o preventiva dos propriet\u00e1rios da empresa Valadarense de Transporte Coletivo que estavam foragidos. O s\u00f3cio-administrador, que estava no exterior, foi preso [&hellip;]<\/p>\n","protected":false},"author":1,"featured_media":87210,"comment_status":"open","ping_status":"closed","sticky":false,"template":"","format":"standard","meta":{"amp_status":"","footnotes":""},"categories":[121,123],"tags":[95481,88052,27930,88528,88412,88221,88090,27927,95486,88047,88511,88077,95458,88410,1018,88078,88076,29486,95475,95470,95474,65870,88098,88081,88094,88096,88101,88103,1886,88092,88072,88099,95293,95457,95303,88053,95484,88057,27921,247,95456,95483,95469,95478,96031,88080,96028,95477,96030,88088,88071,96102,74250,74249,95480,95471,95473,88062,88446,27928,88066,88070,88082,88046,88045,88074,95479,88100,88102,88079,88512,35082,88264,88075,95505,95510,88050,88051,88091,88065,88095,88097,95294,88054,88055,88056,88089,88059,95295,88058,88060,88068,88067,88083,88042,96840,88087,88064,95289,88043,88085,88061,95498,95490,95494,95496,95455,88093,95292,95508,95507,95489,95502,95501,95504,95491,95493,95495,95503,95506,95512,95499,95492,95511,95509,95500,95497,96839,96838,758,95482,95488,95476,96029,49318,95472,88073,88086,88063,95487,88350,95485,5035,88044,95288,88040,88084,27929],"class_list":["post-88221","post","type-post","status-publish","format-standard","has-post-thumbnail","hentry","category-leste","category-gerais","tag-aldair-santos-doliveira","tag-anania-paula-da-silva","tag-ananias-camelo","tag-anexo-da-camara-municipal-de-governador-valadares-e-alvo-de-vandalismo","tag-bispo-da-diocese-de-governador-valadares","tag-camara-municipal-de-governador-valadares","tag-carlos-helder-lazaro","tag-cezinha-alvarenga","tag-construtora-vieira-prado","tag-corrupcao-governador-valadares","tag-corrupcao-pt","tag-corrupcao-saae-de-governador-valadares","tag-corrupcao-valadarense","tag-darly-alves-de-souza","tag-destaque","tag-desvio-de-dinheiro-governador-valadares","tag-desvio-de-dinheiro-saae-de-governador-valadares","tag-diocese-de-governador-valadares","tag-diretor-adjunto-do-saae","tag-diretor-de-gestao-de-rh-do-saae","tag-diretor-do-departamento-de-servicos-funerarios-e-cemiterios","tag-diretor-do-saae","tag-diretor-geral-do-saae-de-governador-valadares","tag-diretor-geral-do-saae-de-governador-valadares-e-outras-sete-pessoas-sao-presos-em-operacao-da-pf","tag-djalma-florencio-diniz","tag-djalma-florencio-diniz-junior","tag-dpark","tag-dpark-servicos-de-estacionamento","tag-elisa-costa","tag-emilio-claudio-alvarenga-rios","tag-emilio-frois","tag-fejoli-florestal","tag-fraude-empresa-valadarense","tag-fraude-valadarense","tag-gaeco-de-governador-valadares","tag-geovanne-honorio-da-silva","tag-gerente-do-posto-tabajara","tag-gledston-gomes-de-araujo","tag-gledston-guetao","tag-governador-valadares","tag-investigacao-valadarense","tag-jean-carlos-soares","tag-jefferson-santos-lima","tag-jose-estanislau-de-brito","tag-juiz-converte-10-prisoes-temporarias-em-preventivas-e-libera-4-investigados-da-cadeia","tag-juiz-federal-determina-o-afastamento-de-oito-vereadores-de-governador-valadares","tag-juiz-libera-4-investigados-e-converte-10-prisoes-temporarias-em-preventivas","tag-juliana-campos-carvalho","tag-juliana-campos-carvalho-schettino","tag-juliana-de-oliveira-alves-melo","tag-juninho-tabajara","tag-justica-recebe-denuncias-do-mpf-por-desvios-de-verbas-federais-em-governador-valadares","tag-levi-presidente","tag-levi-vieira-da-silva","tag-lucas-estanislau-de-brito","tag-marco-rodrigo-rios-bertolacini","tag-marcos-antonio-voria","tag-marinaldo-carlos-de-amorim","tag-memes-governador-valadares","tag-milvinho","tag-milvio-jose-da-silva","tag-omir-do-saae","tag-omir-quintino-soares","tag-operacao-da-pf-governador-valadares","tag-operacao-da-policia-federal-governador-valadares","tag-operacao-saae-de-governador-valadares","tag-padaria-pao-express","tag-pavotec","tag-pavotec-pavimentacao-e-terraplanagem","tag-pf-deflagra-operacao-contra-fraudes-em-contratos-em-prefeitura-de-governador-valadares","tag-prefeita-de-governador-valadares-nega-desvio-bilionario-e-pede-retratacao-da-pf","tag-prefeitura-de-governador-valadares","tag-prefeitura-de-governador-valadares-refuta-informacao-sobre-desvio-bilionario","tag-presos-saae-de-governador-valadares","tag-prisao-aldair-santos-doliveira","tag-prisao-construtora-vieira-prado","tag-prisao-de-anania-paula-da-silva","tag-prisao-de-ananias-camelo","tag-prisao-de-carlos-helder-lazaro","tag-prisao-de-cezinha-alvarenga","tag-prisao-de-djalma-florencio-diniz","tag-prisao-de-djalma-florencio-diniz-junior","tag-prisao-de-geovane-honorio","tag-prisao-de-geovanne-honorio-da-silva","tag-prisao-de-gledston-gomes-de-araujo","tag-prisao-de-gledston-guetao","tag-prisao-de-juliana-de-oliveira-alves-melo","tag-prisao-de-levi-presidente","tag-prisao-de-levi-vieira","tag-prisao-de-levi-vieira-da-silva","tag-prisao-de-marinaldo-carlos-de-amorim","tag-prisao-de-milvinho","tag-prisao-de-milvio-jose-da-silva","tag-prisao-de-omir-quintino-soares","tag-prisao-de-politicos-governador-valadares","tag-prisao-de-proprietarios-da-empresa-valadarense","tag-prisao-de-seleme-hilel-neto","tag-prisao-de-sezary-de-oliveira-alvarenga","tag-prisao-de-vereadores-em-governador-valadares","tag-prisao-de-vereadores-governador-valadares","tag-prisao-de-vilmar-rios-dias-junior","tag-prisao-de-zangado","tag-prisao-diretor-adjunto-do-saae","tag-prisao-diretor-de-gestao-de-rh-do-saae","tag-prisao-diretor-do-departamento-de-servicos-funerarios-e-cemiterios","tag-prisao-diretor-do-saae","tag-prisao-donos-da-valadarense","tag-prisao-emilio-claudio-alvarenga-rios","tag-prisao-empresa-valadarense","tag-prisao-gerente-do-posto-tabajara","tag-prisao-jean-carlos-soares","tag-prisao-jefferson-santos-lima","tag-prisao-jose-estanislau-de-brito","tag-prisao-juliana-campos-carvalho","tag-prisao-lucas-estanislau-de-brito","tag-prisao-marco-rodrigo-rios-bertolacini","tag-prisao-marcos-antonio-voria","tag-prisao-omir-quintino-soares","tag-prisao-padaria-pao-express","tag-prisao-restaurante-sabor-da-praca","tag-prisao-rh-assessoria","tag-prisao-roberto-jose-carvalho","tag-prisao-secretario-municipal-de-servicos-urbanos","tag-prisao-silvana-santos-alves","tag-prisao-thiago-vieira-prado","tag-prisao-valadarense","tag-prisao-vilmar-rios-dias-junior","tag-proprietarios-da-empresa-valadarense","tag-proprietarios-da-empresa-valadarense-se-entregam-a-policia-federal","tag-pt","tag-restaurante-sabor-da-praca","tag-rh-assessoria","tag-roberto-jose-carvalho","tag-roberto-jose-de-carvalho","tag-saae-de-governador-valadares","tag-secretario-municipal-de-servicos-urbanos","tag-seleme-hilel","tag-seleme-hilel-neto","tag-sezary-de-oliveira-alvarenga","tag-silvana-santos-alves","tag-tarsis-augusto-de-santana-lima","tag-thiago-vieira-prado","tag-valadarense","tag-vereadores-alvos-de-operacao-em-governador-valadares","tag-vereadores-presos-em-governado","tag-vereadores-presos-em-governador-valadares","tag-vilmar-rios-dias-junior","tag-zangado"],"yoast_head":"<!-- This site is optimized with the Yoast SEO plugin v28.3 - https:\/\/yoast.com\/product\/yoast-seo-wordpress\/ -->\n<title>Presos na Opera\u00e7\u00e3o Mar de Lama s\u00e3o ouvidos pelo MPMG e Pol\u00edcia Federal - Aconteceu no Vale<\/title>\n<meta name=\"robots\" content=\"index, follow, max-snippet:-1, max-image-preview:large, max-video-preview:-1\" \/>\n<link rel=\"canonical\" href=\"https:\/\/aconteceunovale.com.br\/portal\/?p=88221\" \/>\n<meta property=\"og:locale\" content=\"pt_BR\" \/>\n<meta property=\"og:type\" content=\"article\" \/>\n<meta property=\"og:title\" content=\"Presos na Opera\u00e7\u00e3o Mar de Lama s\u00e3o ouvidos pelo MPMG e Pol\u00edcia Federal - Aconteceu no Vale\" \/>\n<meta property=\"og:description\" content=\"O Minist\u00e9rio P\u00fablico de Minas Gerais (MPMG), em parceria com a Pol\u00edcia Federal, d\u00e1 prosseguimento \u00e0 opera\u00e7\u00e3o Mar de Lama, deflagrada em Governador Valadares, no dia 19 de maio. Foram cumpridos os mandados de pris\u00e3o preventiva dos propriet\u00e1rios da empresa Valadarense de Transporte Coletivo que estavam foragidos. O s\u00f3cio-administrador, que estava no exterior, foi preso [&hellip;]\" \/>\n<meta property=\"og:url\" content=\"https:\/\/aconteceunovale.com.br\/portal\/?p=88221\" \/>\n<meta property=\"og:site_name\" content=\"Aconteceu no Vale\" \/>\n<meta property=\"article:publisher\" content=\"https:\/\/www.facebook.com\/aconteceunovale\/\" \/>\n<meta property=\"article:published_time\" content=\"2016-06-01T01:38:08+00:00\" \/>\n<meta property=\"og:image\" content=\"https:\/\/aconteceunovale.com.br\/portal\/wp-content\/uploads\/2016\/05\/operacao_mar_de_lama.jpg\" \/>\n\t<meta property=\"og:image:width\" content=\"678\" \/>\n\t<meta property=\"og:image:height\" content=\"442\" \/>\n\t<meta property=\"og:image:type\" content=\"image\/jpeg\" \/>\n<meta name=\"author\" content=\"Aconteceu no Vale\" \/>\n<meta name=\"twitter:card\" content=\"summary_large_image\" \/>\n<meta name=\"twitter:creator\" content=\"@noticiadosvales\" \/>\n<meta name=\"twitter:site\" content=\"@noticiadosvales\" \/>\n<meta name=\"twitter:label1\" content=\"Escrito por\" \/>\n\t<meta name=\"twitter:data1\" content=\"Aconteceu no Vale\" \/>\n\t<meta name=\"twitter:label2\" content=\"Est. tempo de leitura\" \/>\n\t<meta name=\"twitter:data2\" content=\"1 minuto\" \/>\n<script type=\"application\/ld+json\" class=\"yoast-schema-graph\">{\"@context\":\"https:\\\/\\\/schema.org\",\"@graph\":[{\"@type\":\"Article\",\"@id\":\"https:\\\/\\\/aconteceunovale.com.br\\\/portal\\\/?p=88221#article\",\"isPartOf\":{\"@id\":\"https:\\\/\\\/aconteceunovale.com.br\\\/portal\\\/?p=88221\"},\"author\":{\"name\":\"Aconteceu no Vale\",\"@id\":\"https:\\\/\\\/aconteceunovale.com.br\\\/portal\\\/#\\\/schema\\\/person\\\/633529146f2c94272bef50ac2953d589\"},\"headline\":\"Presos na Opera\u00e7\u00e3o Mar de Lama s\u00e3o ouvidos pelo MPMG e Pol\u00edcia Federal\",\"datePublished\":\"2016-06-01T01:38:08+00:00\",\"mainEntityOfPage\":{\"@id\":\"https:\\\/\\\/aconteceunovale.com.br\\\/portal\\\/?p=88221\"},\"wordCount\":196,\"commentCount\":0,\"image\":{\"@id\":\"https:\\\/\\\/aconteceunovale.com.br\\\/portal\\\/?p=88221#primaryimage\"},\"thumbnailUrl\":\"https:\\\/\\\/aconteceunovale.com.br\\\/portal\\\/wp-content\\\/uploads\\\/2016\\\/05\\\/operacao_mar_de_lama.jpg\",\"keywords\":[\"Aldair Santos D'Oliveira\",\"Anania Paula da Silva\",\"Ananias Camel\u00f4\",\"Anexo da C\u00e2mara Municipal de Governador Valadares \u00e9 alvo de vandalismo\",\"Bispo da Diocese de Governador Valadares\",\"C\u00e2mara Municipal de Governador Valadares\",\"Carlos Helder Lazaro\",\"Cezinha Alvarenga\",\"Construtora Vieira Prado\",\"corrup\u00e7\u00e3o Governador Valadares\",\"Corrup\u00e7\u00e3o PT\",\"corrup\u00e7\u00e3o SAAE de Governador Valadares\",\"Corrup\u00e7\u00e3o Valadarense\",\"Darly Alves de Souza\",\"destaque\",\"desvio de dinheiro Governador Valadares\",\"desvio de dinheiro SAAE de Governador Valadares\",\"Diocese de Governador Valadares\",\"Diretor Adjunto do SAAE\",\"Diretor de Gest\u00e3o de RH do SAAE\",\"Diretor do Departamento de Servi\u00e7os Funer\u00e1rios e Cemit\u00e9rios\",\"diretor do Saae\",\"Diretor geral do SAAE de Governador Valadares\",\"Diretor-geral do SAAE de Governador Valadares e outras sete pessoas s\u00e3o presos em opera\u00e7\u00e3o da PF\",\"Djalma Flor\u00eancio Diniz\",\"Djalma Flor\u00eancio Diniz J\u00fanior\",\"DPARK\",\"DPARK Servi\u00e7os de Estacionamento\",\"Elisa Costa\",\"Em\u00edlio Cl\u00e1udio Alvarenga Rios\",\"Emilio Frois\",\"Fejoli Florestal\",\"Fraude Empresa Valadarense\",\"Fraude Valadarense\",\"Gaeco de Governador Valadares\",\"Geovanne Hon\u00f3rio da Silva\",\"Gerente do Posto Tabajara\",\"Gledston Gomes de Ara\u00fajo\",\"Gl\u00eadston Guet\u00e3o\",\"Governador Valadares\",\"Investiga\u00e7\u00e3o Valadarense\",\"Jean Carlos Soares\",\"Jefferson Santos Lima\",\"Jos\u00e9 Estanislau de Brito\",\"Juiz converte 10 pris\u00f5es tempor\u00e1rias em preventivas e libera 4 investigados da cadeia\",\"Juiz Federal determina o afastamento de oito vereadores de Governador Valadares\",\"Juiz libera 4 investigados e converte 10 pris\u00f5es tempor\u00e1rias em preventivas\",\"Juliana Campos Carvalho\",\"Juliana Campos Carvalho Schettino\",\"Juliana de Oliveira Alves Melo\",\"Juninho Tabajara\",\"Justi\u00e7a recebe den\u00fancias do MPF por desvios de verbas federais em Governador Valadares\",\"Levi Presidente\",\"Levi Vieira da Silva\",\"Lucas Estanislau de Brito\",\"Marco Rodrigo Rios Bertolacini\",\"Marcos Ant\u00f4nio V\u00f3ria\",\"Marinaldo Carlos de Amorim\",\"memes governador valadares\",\"Milvinho\",\"Milvio Jose da Silva\",\"Omir do SAAE\",\"Omir Quintino Soares\",\"opera\u00e7\u00e3o da pf Governador Valadares\",\"opera\u00e7\u00e3o da pol\u00edcia federal Governador Valadares\",\"Opera\u00e7\u00e3o SAAE de Governador Valadares\",\"Padaria P\u00e3o Express\",\"Pavotec\",\"Pavotec - Pavimenta\u00e7\u00e3o e Terraplanagem\",\"PF deflagra opera\u00e7\u00e3o contra fraudes em contratos em prefeitura de Governador Valadares\",\"Prefeita de Governador Valadares nega desvio bilion\u00e1rio e pede retrata\u00e7\u00e3o da PF\",\"Prefeitura de Governador Valadares\",\"Prefeitura de Governador Valadares refuta informa\u00e7\u00e3o sobre desvio bilion\u00e1rio\",\"presos SAAE de Governador Valadares\",\"Pris\u00e3o Aldair Santos D'Oliveira\",\"Pris\u00e3o Construtora Vieira Prado\",\"pris\u00e3o de Anania Paula da Silva\",\"pris\u00e3o de Ananias Camel\u00f4\",\"Pris\u00e3o de Carlos Helder Lazaro\",\"pris\u00e3o de Cezinha Alvarenga\",\"Pris\u00e3o de Djalma Flor\u00eancio Diniz\",\"Pris\u00e3o de Djalma Flor\u00eancio Diniz J\u00fanior\",\"Pris\u00e3o de Geovane Hon\u00f3rio\",\"pris\u00e3o de Geovanne Hon\u00f3rio da Silva\",\"pris\u00e3o de Gledston Gomes de Ara\u00fajo\",\"pris\u00e3o de Gl\u00eadston Guet\u00e3o\",\"Pris\u00e3o de Juliana de Oliveira Alves Melo\",\"pris\u00e3o de Levi Presidente\",\"Pris\u00e3o de Levi Vieira\",\"pris\u00e3o de Levi Vieira da Silva\",\"pris\u00e3o de Marinaldo Carlos de Amorim\",\"pris\u00e3o de Milvinho\",\"pris\u00e3o de Milvio Jose da Silva\",\"pris\u00e3o de Omir Quintino Soares\",\"pris\u00e3o de pol\u00edticos Governador Valadares\",\"Pris\u00e3o de Propriet\u00e1rios da empresa Valadarense\",\"pris\u00e3o de Seleme Hilel Neto\",\"Pris\u00e3o de Sezary de Oliveira Alvarenga\",\"Pris\u00e3o de vereadores em Governador Valadares\",\"pris\u00e3o de vereadores Governador Valadares\",\"Pris\u00e3o de Vilmar Rios Dias J\u00fanior\",\"pris\u00e3o de Zangado\",\"Pris\u00e3o Diretor Adjunto do SAAE\",\"Pris\u00e3o Diretor de Gest\u00e3o de RH do SAAE\",\"Pris\u00e3o Diretor do Departamento de Servi\u00e7os Funer\u00e1rios e Cemit\u00e9rios\",\"Pris\u00e3o Diretor do SAAE\",\"Pris\u00e3o donos da Valadarense\",\"Pris\u00e3o Em\u00edlio Cl\u00e1udio Alvarenga Rios\",\"Pris\u00e3o Empresa Valadarense\",\"Pris\u00e3o Gerente do Posto Tabajara\",\"Pris\u00e3o Jean Carlos Soares\",\"Pris\u00e3o Jefferson Santos Lima\",\"Pris\u00e3o Jos\u00e9 Estanislau de Brito\",\"Pris\u00e3o Juliana Campos Carvalho\",\"Pris\u00e3o Lucas Estanislau de Brito\",\"Pris\u00e3o Marco Rodrigo Rios Bertolacini\",\"Pris\u00e3o Marcos Ant\u00f4nio V\u00f3ria\",\"Pris\u00e3o Omir Quintino Soares\",\"Pris\u00e3o Padaria P\u00e3o Express\",\"Pris\u00e3o Restaurante Sabor da Pra\u00e7a\",\"Pris\u00e3o RH Assessoria\",\"Pris\u00e3o Roberto Jos\u00e9 Carvalho\",\"Pris\u00e3o Secret\u00e1rio Municipal de Servi\u00e7os Urbanos\",\"Pris\u00e3o Silvana Santos Alves\",\"Pris\u00e3o Thiago Vieira Prado\",\"Pris\u00e3o Valadarense\",\"Pris\u00e3o Vilmar Rios Dias J\u00fanior\",\"Propriet\u00e1rios da empresa Valadarense\",\"Propriet\u00e1rios da empresa Valadarense se entregam \u00e0 Pol\u00edcia Federal\",\"PT\",\"Restaurante Sabor da Pra\u00e7a\",\"RH Assessoria\",\"Roberto Jos\u00e9 Carvalho\",\"Roberto Jos\u00e9 de Carvalho\",\"SAAE de Governador Valadares\",\"Secret\u00e1rio Municipal de Servi\u00e7os Urbanos\",\"Seleme hilel\",\"Seleme Hilel Neto\",\"Sezary de Oliveira Alvarenga\",\"Silvana Santos Alves\",\"Tarsis Augusto de Santana Lima\",\"Thiago Vieira Prado\",\"Valadarense\",\"vereadores alvos de opera\u00e7\u00e3o em Governador Valadares\",\"Vereadores presos em Governado\",\"Vereadores presos em Governador Valadares\",\"Vilmar Rios Dias J\u00fanior\",\"Zangado\"],\"articleSection\":[\"Leste de Minas\",\"Minas Gerais\"],\"inLanguage\":\"pt-BR\",\"potentialAction\":[{\"@type\":\"CommentAction\",\"name\":\"Comment\",\"target\":[\"https:\\\/\\\/aconteceunovale.com.br\\\/portal\\\/?p=88221#respond\"]}]},{\"@type\":\"WebPage\",\"@id\":\"https:\\\/\\\/aconteceunovale.com.br\\\/portal\\\/?p=88221\",\"url\":\"https:\\\/\\\/aconteceunovale.com.br\\\/portal\\\/?p=88221\",\"name\":\"Presos na Opera\u00e7\u00e3o Mar de Lama s\u00e3o ouvidos pelo MPMG e Pol\u00edcia Federal - Aconteceu no Vale\",\"isPartOf\":{\"@id\":\"https:\\\/\\\/aconteceunovale.com.br\\\/portal\\\/#website\"},\"primaryImageOfPage\":{\"@id\":\"https:\\\/\\\/aconteceunovale.com.br\\\/portal\\\/?p=88221#primaryimage\"},\"image\":{\"@id\":\"https:\\\/\\\/aconteceunovale.com.br\\\/portal\\\/?p=88221#primaryimage\"},\"thumbnailUrl\":\"https:\\\/\\\/aconteceunovale.com.br\\\/portal\\\/wp-content\\\/uploads\\\/2016\\\/05\\\/operacao_mar_de_lama.jpg\",\"datePublished\":\"2016-06-01T01:38:08+00:00\",\"author\":{\"@id\":\"https:\\\/\\\/aconteceunovale.com.br\\\/portal\\\/#\\\/schema\\\/person\\\/633529146f2c94272bef50ac2953d589\"},\"breadcrumb\":{\"@id\":\"https:\\\/\\\/aconteceunovale.com.br\\\/portal\\\/?p=88221#breadcrumb\"},\"inLanguage\":\"pt-BR\",\"potentialAction\":[{\"@type\":\"ReadAction\",\"target\":[\"https:\\\/\\\/aconteceunovale.com.br\\\/portal\\\/?p=88221\"]}]},{\"@type\":\"ImageObject\",\"inLanguage\":\"pt-BR\",\"@id\":\"https:\\\/\\\/aconteceunovale.com.br\\\/portal\\\/?p=88221#primaryimage\",\"url\":\"https:\\\/\\\/aconteceunovale.com.br\\\/portal\\\/wp-content\\\/uploads\\\/2016\\\/05\\\/operacao_mar_de_lama.jpg\",\"contentUrl\":\"https:\\\/\\\/aconteceunovale.com.br\\\/portal\\\/wp-content\\\/uploads\\\/2016\\\/05\\\/operacao_mar_de_lama.jpg\",\"width\":678,\"height\":442},{\"@type\":\"BreadcrumbList\",\"@id\":\"https:\\\/\\\/aconteceunovale.com.br\\\/portal\\\/?p=88221#breadcrumb\",\"itemListElement\":[{\"@type\":\"ListItem\",\"position\":1,\"name\":\"In\u00edcio\",\"item\":\"https:\\\/\\\/aconteceunovale.com.br\\\/portal\\\/\"},{\"@type\":\"ListItem\",\"position\":2,\"name\":\"Presos na Opera\u00e7\u00e3o Mar de Lama s\u00e3o ouvidos pelo MPMG e Pol\u00edcia Federal\"}]},{\"@type\":\"WebSite\",\"@id\":\"https:\\\/\\\/aconteceunovale.com.br\\\/portal\\\/#website\",\"url\":\"https:\\\/\\\/aconteceunovale.com.br\\\/portal\\\/\",\"name\":\"Aconteceu no Vale\",\"description\":\"Portal de Not\u00edcias\",\"potentialAction\":[{\"@type\":\"SearchAction\",\"target\":{\"@type\":\"EntryPoint\",\"urlTemplate\":\"https:\\\/\\\/aconteceunovale.com.br\\\/portal\\\/?s={search_term_string}\"},\"query-input\":{\"@type\":\"PropertyValueSpecification\",\"valueRequired\":true,\"valueName\":\"search_term_string\"}}],\"inLanguage\":\"pt-BR\"},{\"@type\":\"Person\",\"@id\":\"https:\\\/\\\/aconteceunovale.com.br\\\/portal\\\/#\\\/schema\\\/person\\\/633529146f2c94272bef50ac2953d589\",\"name\":\"Aconteceu no Vale\",\"description\":\"Equipe de reportagem do Aconteceu no Vale, portal de not\u00edcias do Vale do Jequitinhonha, em Minas Gerais. Cobrimos as 51 cidades do Vale desde 2013. Sugest\u00f5es de pauta e pedidos de corre\u00e7\u00e3o: contato@aconteceunovale.com.br\",\"sameAs\":[\"http:\\\/\\\/www.aconteceunovale.com.br\"],\"url\":\"https:\\\/\\\/aconteceunovale.com.br\\\/portal\\\/?author=1\"}]}<\/script>\n<!-- \/ Yoast SEO plugin. -->","yoast_head_json":{"title":"Presos na Opera\u00e7\u00e3o Mar de Lama s\u00e3o ouvidos pelo MPMG e Pol\u00edcia Federal - Aconteceu no Vale","robots":{"index":"index","follow":"follow","max-snippet":"max-snippet:-1","max-image-preview":"max-image-preview:large","max-video-preview":"max-video-preview:-1"},"canonical":"https:\/\/aconteceunovale.com.br\/portal\/?p=88221","og_locale":"pt_BR","og_type":"article","og_title":"Presos na Opera\u00e7\u00e3o Mar de Lama s\u00e3o ouvidos pelo MPMG e Pol\u00edcia Federal - Aconteceu no Vale","og_description":"O Minist\u00e9rio P\u00fablico de Minas Gerais (MPMG), em parceria com a Pol\u00edcia Federal, d\u00e1 prosseguimento \u00e0 opera\u00e7\u00e3o Mar de Lama, deflagrada em Governador Valadares, no dia 19 de maio. Foram cumpridos os mandados de pris\u00e3o preventiva dos propriet\u00e1rios da empresa Valadarense de Transporte Coletivo que estavam foragidos. O s\u00f3cio-administrador, que estava no exterior, foi preso [&hellip;]","og_url":"https:\/\/aconteceunovale.com.br\/portal\/?p=88221","og_site_name":"Aconteceu no Vale","article_publisher":"https:\/\/www.facebook.com\/aconteceunovale\/","article_published_time":"2016-06-01T01:38:08+00:00","og_image":[{"width":678,"height":442,"url":"https:\/\/aconteceunovale.com.br\/portal\/wp-content\/uploads\/2016\/05\/operacao_mar_de_lama.jpg","type":"image\/jpeg"}],"author":"Aconteceu no Vale","twitter_card":"summary_large_image","twitter_creator":"@noticiadosvales","twitter_site":"@noticiadosvales","twitter_misc":{"Escrito por":"Aconteceu no Vale","Est. tempo de leitura":"1 minuto"},"schema":{"@context":"https:\/\/schema.org","@graph":[{"@type":"Article","@id":"https:\/\/aconteceunovale.com.br\/portal\/?p=88221#article","isPartOf":{"@id":"https:\/\/aconteceunovale.com.br\/portal\/?p=88221"},"author":{"name":"Aconteceu no Vale","@id":"https:\/\/aconteceunovale.com.br\/portal\/#\/schema\/person\/633529146f2c94272bef50ac2953d589"},"headline":"Presos na Opera\u00e7\u00e3o Mar de Lama s\u00e3o ouvidos pelo MPMG e Pol\u00edcia Federal","datePublished":"2016-06-01T01:38:08+00:00","mainEntityOfPage":{"@id":"https:\/\/aconteceunovale.com.br\/portal\/?p=88221"},"wordCount":196,"commentCount":0,"image":{"@id":"https:\/\/aconteceunovale.com.br\/portal\/?p=88221#primaryimage"},"thumbnailUrl":"https:\/\/aconteceunovale.com.br\/portal\/wp-content\/uploads\/2016\/05\/operacao_mar_de_lama.jpg","keywords":["Aldair Santos D'Oliveira","Anania Paula da Silva","Ananias Camel\u00f4","Anexo da C\u00e2mara Municipal de Governador Valadares \u00e9 alvo de vandalismo","Bispo da Diocese de Governador Valadares","C\u00e2mara Municipal de Governador Valadares","Carlos Helder Lazaro","Cezinha Alvarenga","Construtora Vieira Prado","corrup\u00e7\u00e3o Governador Valadares","Corrup\u00e7\u00e3o PT","corrup\u00e7\u00e3o SAAE de Governador Valadares","Corrup\u00e7\u00e3o Valadarense","Darly Alves de Souza","destaque","desvio de dinheiro Governador Valadares","desvio de dinheiro SAAE de Governador Valadares","Diocese de Governador Valadares","Diretor Adjunto do SAAE","Diretor de Gest\u00e3o de RH do SAAE","Diretor do Departamento de Servi\u00e7os Funer\u00e1rios e Cemit\u00e9rios","diretor do Saae","Diretor geral do SAAE de Governador Valadares","Diretor-geral do SAAE de Governador Valadares e outras sete pessoas s\u00e3o presos em opera\u00e7\u00e3o da PF","Djalma Flor\u00eancio Diniz","Djalma Flor\u00eancio Diniz J\u00fanior","DPARK","DPARK Servi\u00e7os de Estacionamento","Elisa Costa","Em\u00edlio Cl\u00e1udio Alvarenga Rios","Emilio Frois","Fejoli Florestal","Fraude Empresa Valadarense","Fraude Valadarense","Gaeco de Governador Valadares","Geovanne Hon\u00f3rio da Silva","Gerente do Posto Tabajara","Gledston Gomes de Ara\u00fajo","Gl\u00eadston Guet\u00e3o","Governador Valadares","Investiga\u00e7\u00e3o Valadarense","Jean Carlos Soares","Jefferson Santos Lima","Jos\u00e9 Estanislau de Brito","Juiz converte 10 pris\u00f5es tempor\u00e1rias em preventivas e libera 4 investigados da cadeia","Juiz Federal determina o afastamento de oito vereadores de Governador Valadares","Juiz libera 4 investigados e converte 10 pris\u00f5es tempor\u00e1rias em preventivas","Juliana Campos Carvalho","Juliana Campos Carvalho Schettino","Juliana de Oliveira Alves Melo","Juninho Tabajara","Justi\u00e7a recebe den\u00fancias do MPF por desvios de verbas federais em Governador Valadares","Levi Presidente","Levi Vieira da Silva","Lucas Estanislau de Brito","Marco Rodrigo Rios Bertolacini","Marcos Ant\u00f4nio V\u00f3ria","Marinaldo Carlos de Amorim","memes governador valadares","Milvinho","Milvio Jose da Silva","Omir do SAAE","Omir Quintino Soares","opera\u00e7\u00e3o da pf Governador Valadares","opera\u00e7\u00e3o da pol\u00edcia federal Governador Valadares","Opera\u00e7\u00e3o SAAE de Governador Valadares","Padaria P\u00e3o Express","Pavotec","Pavotec - Pavimenta\u00e7\u00e3o e Terraplanagem","PF deflagra opera\u00e7\u00e3o contra fraudes em contratos em prefeitura de Governador Valadares","Prefeita de Governador Valadares nega desvio bilion\u00e1rio e pede retrata\u00e7\u00e3o da PF","Prefeitura de Governador Valadares","Prefeitura de Governador Valadares refuta informa\u00e7\u00e3o sobre desvio bilion\u00e1rio","presos SAAE de Governador Valadares","Pris\u00e3o Aldair Santos D'Oliveira","Pris\u00e3o Construtora Vieira Prado","pris\u00e3o de Anania Paula da Silva","pris\u00e3o de Ananias Camel\u00f4","Pris\u00e3o de Carlos Helder Lazaro","pris\u00e3o de Cezinha Alvarenga","Pris\u00e3o de Djalma Flor\u00eancio Diniz","Pris\u00e3o de Djalma Flor\u00eancio Diniz J\u00fanior","Pris\u00e3o de Geovane Hon\u00f3rio","pris\u00e3o de Geovanne Hon\u00f3rio da Silva","pris\u00e3o de Gledston Gomes de Ara\u00fajo","pris\u00e3o de Gl\u00eadston Guet\u00e3o","Pris\u00e3o de Juliana de Oliveira Alves Melo","pris\u00e3o de Levi Presidente","Pris\u00e3o de Levi Vieira","pris\u00e3o de Levi Vieira da Silva","pris\u00e3o de Marinaldo Carlos de Amorim","pris\u00e3o de Milvinho","pris\u00e3o de Milvio Jose da Silva","pris\u00e3o de Omir Quintino Soares","pris\u00e3o de pol\u00edticos Governador Valadares","Pris\u00e3o de Propriet\u00e1rios da empresa Valadarense","pris\u00e3o de Seleme Hilel Neto","Pris\u00e3o de Sezary de Oliveira Alvarenga","Pris\u00e3o de vereadores em Governador Valadares","pris\u00e3o de vereadores Governador Valadares","Pris\u00e3o de Vilmar Rios Dias J\u00fanior","pris\u00e3o de Zangado","Pris\u00e3o Diretor Adjunto do SAAE","Pris\u00e3o Diretor de Gest\u00e3o de RH do SAAE","Pris\u00e3o Diretor do Departamento de Servi\u00e7os Funer\u00e1rios e Cemit\u00e9rios","Pris\u00e3o Diretor do SAAE","Pris\u00e3o donos da Valadarense","Pris\u00e3o Em\u00edlio Cl\u00e1udio Alvarenga Rios","Pris\u00e3o Empresa Valadarense","Pris\u00e3o Gerente do Posto Tabajara","Pris\u00e3o Jean Carlos Soares","Pris\u00e3o Jefferson Santos Lima","Pris\u00e3o Jos\u00e9 Estanislau de Brito","Pris\u00e3o Juliana Campos Carvalho","Pris\u00e3o Lucas Estanislau de Brito","Pris\u00e3o Marco Rodrigo Rios Bertolacini","Pris\u00e3o Marcos Ant\u00f4nio V\u00f3ria","Pris\u00e3o Omir Quintino Soares","Pris\u00e3o Padaria P\u00e3o Express","Pris\u00e3o Restaurante Sabor da Pra\u00e7a","Pris\u00e3o RH Assessoria","Pris\u00e3o Roberto Jos\u00e9 Carvalho","Pris\u00e3o Secret\u00e1rio Municipal de Servi\u00e7os Urbanos","Pris\u00e3o Silvana Santos Alves","Pris\u00e3o Thiago Vieira Prado","Pris\u00e3o Valadarense","Pris\u00e3o Vilmar Rios Dias J\u00fanior","Propriet\u00e1rios da empresa Valadarense","Propriet\u00e1rios da empresa Valadarense se entregam \u00e0 Pol\u00edcia Federal","PT","Restaurante Sabor da Pra\u00e7a","RH Assessoria","Roberto Jos\u00e9 Carvalho","Roberto Jos\u00e9 de Carvalho","SAAE de Governador Valadares","Secret\u00e1rio Municipal de Servi\u00e7os Urbanos","Seleme hilel","Seleme Hilel Neto","Sezary de Oliveira Alvarenga","Silvana Santos Alves","Tarsis Augusto de Santana Lima","Thiago Vieira Prado","Valadarense","vereadores alvos de opera\u00e7\u00e3o em Governador Valadares","Vereadores presos em Governado","Vereadores presos em Governador Valadares","Vilmar Rios Dias J\u00fanior","Zangado"],"articleSection":["Leste de Minas","Minas Gerais"],"inLanguage":"pt-BR","potentialAction":[{"@type":"CommentAction","name":"Comment","target":["https:\/\/aconteceunovale.com.br\/portal\/?p=88221#respond"]}]},{"@type":"WebPage","@id":"https:\/\/aconteceunovale.com.br\/portal\/?p=88221","url":"https:\/\/aconteceunovale.com.br\/portal\/?p=88221","name":"Presos na Opera\u00e7\u00e3o Mar de Lama s\u00e3o ouvidos pelo MPMG e Pol\u00edcia Federal - Aconteceu no Vale","isPartOf":{"@id":"https:\/\/aconteceunovale.com.br\/portal\/#website"},"primaryImageOfPage":{"@id":"https:\/\/aconteceunovale.com.br\/portal\/?p=88221#primaryimage"},"image":{"@id":"https:\/\/aconteceunovale.com.br\/portal\/?p=88221#primaryimage"},"thumbnailUrl":"https:\/\/aconteceunovale.com.br\/portal\/wp-content\/uploads\/2016\/05\/operacao_mar_de_lama.jpg","datePublished":"2016-06-01T01:38:08+00:00","author":{"@id":"https:\/\/aconteceunovale.com.br\/portal\/#\/schema\/person\/633529146f2c94272bef50ac2953d589"},"breadcrumb":{"@id":"https:\/\/aconteceunovale.com.br\/portal\/?p=88221#breadcrumb"},"inLanguage":"pt-BR","potentialAction":[{"@type":"ReadAction","target":["https:\/\/aconteceunovale.com.br\/portal\/?p=88221"]}]},{"@type":"ImageObject","inLanguage":"pt-BR","@id":"https:\/\/aconteceunovale.com.br\/portal\/?p=88221#primaryimage","url":"https:\/\/aconteceunovale.com.br\/portal\/wp-content\/uploads\/2016\/05\/operacao_mar_de_lama.jpg","contentUrl":"https:\/\/aconteceunovale.com.br\/portal\/wp-content\/uploads\/2016\/05\/operacao_mar_de_lama.jpg","width":678,"height":442},{"@type":"BreadcrumbList","@id":"https:\/\/aconteceunovale.com.br\/portal\/?p=88221#breadcrumb","itemListElement":[{"@type":"ListItem","position":1,"name":"In\u00edcio","item":"https:\/\/aconteceunovale.com.br\/portal\/"},{"@type":"ListItem","position":2,"name":"Presos na Opera\u00e7\u00e3o Mar de Lama s\u00e3o ouvidos pelo MPMG e Pol\u00edcia Federal"}]},{"@type":"WebSite","@id":"https:\/\/aconteceunovale.com.br\/portal\/#website","url":"https:\/\/aconteceunovale.com.br\/portal\/","name":"Aconteceu no Vale","description":"Portal de Not\u00edcias","potentialAction":[{"@type":"SearchAction","target":{"@type":"EntryPoint","urlTemplate":"https:\/\/aconteceunovale.com.br\/portal\/?s={search_term_string}"},"query-input":{"@type":"PropertyValueSpecification","valueRequired":true,"valueName":"search_term_string"}}],"inLanguage":"pt-BR"},{"@type":"Person","@id":"https:\/\/aconteceunovale.com.br\/portal\/#\/schema\/person\/633529146f2c94272bef50ac2953d589","name":"Aconteceu no Vale","description":"Equipe de reportagem do Aconteceu no Vale, portal de not\u00edcias do Vale do Jequitinhonha, em Minas Gerais. Cobrimos as 51 cidades do Vale desde 2013. Sugest\u00f5es de pauta e pedidos de corre\u00e7\u00e3o: contato@aconteceunovale.com.br","sameAs":["http:\/\/www.aconteceunovale.com.br"],"url":"https:\/\/aconteceunovale.com.br\/portal\/?author=1"}]}},"_links":{"self":[{"href":"https:\/\/aconteceunovale.com.br\/portal\/index.php?rest_route=\/wp\/v2\/posts\/88221","targetHints":{"allow":["GET"]}}],"collection":[{"href":"https:\/\/aconteceunovale.com.br\/portal\/index.php?rest_route=\/wp\/v2\/posts"}],"about":[{"href":"https:\/\/aconteceunovale.com.br\/portal\/index.php?rest_route=\/wp\/v2\/types\/post"}],"author":[{"embeddable":true,"href":"https:\/\/aconteceunovale.com.br\/portal\/index.php?rest_route=\/wp\/v2\/users\/1"}],"replies":[{"embeddable":true,"href":"https:\/\/aconteceunovale.com.br\/portal\/index.php?rest_route=%2Fwp%2Fv2%2Fcomments&post=88221"}],"version-history":[{"count":0,"href":"https:\/\/aconteceunovale.com.br\/portal\/index.php?rest_route=\/wp\/v2\/posts\/88221\/revisions"}],"wp:attachment":[{"href":"https:\/\/aconteceunovale.com.br\/portal\/index.php?rest_route=%2Fwp%2Fv2%2Fmedia&parent=88221"}],"wp:term":[{"taxonomy":"category","embeddable":true,"href":"https:\/\/aconteceunovale.com.br\/portal\/index.php?rest_route=%2Fwp%2Fv2%2Fcategories&post=88221"},{"taxonomy":"post_tag","embeddable":true,"href":"https:\/\/aconteceunovale.com.br\/portal\/index.php?rest_route=%2Fwp%2Fv2%2Ftags&post=88221"}],"curies":[{"name":"wp","href":"https:\/\/api.w.org\/{rel}","templated":true}]}}