{"id":88215,"date":"2016-05-31T22:25:55","date_gmt":"2016-06-01T01:25:55","guid":{"rendered":"http:\/\/aconteceunovale.com.br\/portal\/?p=88215"},"modified":"2016-05-31T22:25:55","modified_gmt":"2016-06-01T01:25:55","slug":"senado-aprova-projeto-que-aumenta-pena-para-crime-de-estupro-coletivo","status":"publish","type":"post","link":"https:\/\/aconteceunovale.com.br\/portal\/?p=88215","title":{"rendered":"Senado aprova projeto que aumenta pena para crime de estupro coletivo"},"content":{"rendered":"<p>Uma semana ap\u00f3s se tornar p\u00fablico o caso do estupro coletivo de uma adolescente no Rio de Janeiro, ocorrido no s\u00e1bado (21), o plen\u00e1rio do Senado aprovou hoje (31), por unanimidade, projeto de lei que tipifica os crimes de estupro coletivo e de divulga\u00e7\u00e3o de imagens desse tipo de crime.<\/p>\n<p>Pela proposta, de autoria da senadora Vanessa Grazziotin (PCdoB-AM), a pena para o crime de estupro praticado por duas ou mais pessoas poder\u00e1 ser aumentada de um a dois ter\u00e7os.<\/p>\n<p>\u201cTemos que a reprovabilidade da conduta nos estupros perpetrados por diversas pessoas, na mesma ocasi\u00e3o, \u00e9 mais elevada que nos demais crimes contra a dignidade sexual, pois a pluralidade de agentes importa, al\u00e9m da covardia expl\u00edcita e da compaix\u00e3o inexistente, em ainda mais sofrimento f\u00edsico e moral, medo e humilha\u00e7\u00e3o para a v\u00edtima\u201d, argumentou a senadora Simone Tebet (PMDB-MS), relatora da mat\u00e9ria.<\/p>\n<p>Uma emenda da relatora transforma em crime, com pena de reclus\u00e3o de dois a cinco anos, oferecer, trocar, disponibilizar, transmitir, distribuir, publicar ou divulgar, por qualquer meio, inclusive sistema de inform\u00e1tica ou telem\u00e1tico, fotografia, v\u00eddeo ou outro registro que contenha cena de estupro.<\/p>\n<p>\u201cA divulga\u00e7\u00e3o do estupro e, a partir desse momento, sua virtual e eterna perman\u00eancia na internet n\u00e3o gera apenas preju\u00edzos morais \u00e0 vitima, a exemplo de um xingamento ou de uma mera deprecia\u00e7\u00e3o pessoal. A divulga\u00e7\u00e3o perturbar\u00e1 seu conv\u00edvio familiar, desestabilizar\u00e1 suas rela\u00e7\u00f5es sociais, deixar\u00e1 sequelas em futuros relacionamentos amorosos e na imagem que a v\u00edtima buscar\u00e1 construir a respeito de si mesma\u201d, acrescentou Simone Tebet.<\/p>\n<p>A mat\u00e9ria estava na pauta da Comiss\u00e3o de Constitui\u00e7\u00e3o e Justi\u00e7a (CCJ) do Senado, mas o presidente da Casa, Renan Calheiros (PMDB-AL), prop\u00f4s a apresenta\u00e7\u00e3o de um requerimento assinado pelos l\u00edderes para que a vota\u00e7\u00e3o fosse levada diretamente ao plen\u00e1rio.<\/p>\n<p>O requerimento foi aprovado no in\u00edcio da noite e, depois de votada as mat\u00e9rias pautadas, o m\u00e9rito do projeto foi aprovado. O texto segue agora para aprecia\u00e7\u00e3o da C\u00e2mara dos Deputados.<\/p>\n<p>De acordo com o Artigo 213 do C\u00f3digo Penal, constranger algu\u00e9m, mediante viol\u00eancia ou grave amea\u00e7a, a praticar sexo ou a praticar ou permitir que com ele se pratique est\u00e1 sujeito \u00e0 pris\u00e3o de seis a dez anos.<\/p>\n<p>Se da conduta resultar les\u00e3o corporal de natureza grave ou se a v\u00edtima \u00e9 menor de 18 anos ou maior de 14 anos, a pena passa a ser de oito a 12 anos. Se da conduta resultar na morte da v\u00edtima, passa a ser de 12 a 30 anos de pris\u00e3o. (Ag\u00eancia Brasil)<\/p>\n","protected":false},"excerpt":{"rendered":"<p>Uma semana ap\u00f3s se tornar p\u00fablico o caso do estupro coletivo de uma adolescente no Rio de Janeiro, ocorrido no s\u00e1bado (21), o plen\u00e1rio do Senado aprovou hoje (31), por unanimidade, projeto de lei que tipifica os crimes de estupro coletivo e de divulga\u00e7\u00e3o de imagens desse tipo de crime. Pela proposta, de autoria da [&hellip;]<\/p>\n","protected":false},"author":1,"featured_media":88216,"comment_status":"open","ping_status":"closed","sticky":false,"template":"","format":"standard","meta":{"amp_status":"","footnotes":""},"categories":[6],"tags":[36464,97090,97092,96538,96536,96537,96426,96429,96422,96418,96416,96510,96420,96421,96424,96419,77698,96539,96511,96417,86046,97089,97091,39248,1104,21938,97088,97093,36712,96423],"class_list":["post-88215","post","type-post","status-publish","format-standard","has-post-thumbnail","hentry","category-br","tag-aumento","tag-aumento-da-pena-para-crime-de-estupro-coletivo","tag-aumento-da-pena-para-estupro-coletivo","tag-delegado-afastado-do-caso","tag-delegado-nao-e-mais-responsavel-por-investigar-estupro-coletivo","tag-diz-tj-rj","tag-estuprada-por-33-homens-no-rio-de-janeiro","tag-estupro-coletivo","tag-estupro-coletivo-jacarepagua","tag-estupro-coletivo-no-morro-sao-jose-operario","tag-estupro-coletivo-no-rio-de-janeiro","tag-estupro-coletivo-no-rj","tag-estupro-coletivo-rio-de-janeiro","tag-estupro-coletivo-rj","tag-estupro-coletivo-zona-oeste-do-rio-de-janeiro","tag-estupro-no-rio-de-janeiro","tag-jacarepagua","tag-jovem","tag-jovem-estuprada-por-33-homens-no-rio-de-janeiro","tag-morro-sao-jose-operario","tag-pena","tag-pena-para-crime-de-estupro-coletivo","tag-pena-para-estupro-coletivo","tag-projeto","tag-rio-de-janeiro","tag-senado","tag-senado-aprova-projeto-que-aumenta-pena-para-crime-de-estupro-coletivo","tag-senadora-vanessa-grazziotin","tag-violencia-contra-a-mulher","tag-zona-oeste-do-rio-de-janeiro"],"yoast_head":"<!-- This site is optimized with the Yoast SEO plugin v28.3 - https:\/\/yoast.com\/product\/yoast-seo-wordpress\/ -->\n<title>Senado aprova projeto que aumenta pena para crime de estupro coletivo - Aconteceu no Vale<\/title>\n<meta name=\"robots\" content=\"index, follow, max-snippet:-1, max-image-preview:large, max-video-preview:-1\" \/>\n<link rel=\"canonical\" href=\"https:\/\/aconteceunovale.com.br\/portal\/?p=88215\" \/>\n<meta property=\"og:locale\" content=\"pt_BR\" \/>\n<meta property=\"og:type\" content=\"article\" \/>\n<meta property=\"og:title\" content=\"Senado aprova projeto que aumenta pena para crime de estupro coletivo - Aconteceu no Vale\" \/>\n<meta property=\"og:description\" content=\"Uma semana ap\u00f3s se tornar p\u00fablico o caso do estupro coletivo de uma adolescente no Rio de Janeiro, ocorrido no s\u00e1bado (21), o plen\u00e1rio do Senado aprovou hoje (31), por unanimidade, projeto de lei que tipifica os crimes de estupro coletivo e de divulga\u00e7\u00e3o de imagens desse tipo de crime. Pela proposta, de autoria da [&hellip;]\" \/>\n<meta property=\"og:url\" content=\"https:\/\/aconteceunovale.com.br\/portal\/?p=88215\" \/>\n<meta property=\"og:site_name\" content=\"Aconteceu no Vale\" \/>\n<meta property=\"article:publisher\" content=\"https:\/\/www.facebook.com\/aconteceunovale\/\" \/>\n<meta property=\"article:published_time\" content=\"2016-06-01T01:25:55+00:00\" \/>\n<meta property=\"og:image\" content=\"https:\/\/aconteceunovale.com.br\/portal\/wp-content\/uploads\/2016\/05\/vanessa-grazziotin.jpg\" \/>\n\t<meta property=\"og:image:width\" content=\"674\" \/>\n\t<meta property=\"og:image:height\" content=\"450\" \/>\n\t<meta property=\"og:image:type\" content=\"image\/jpeg\" \/>\n<meta name=\"author\" content=\"Aconteceu no Vale\" \/>\n<meta name=\"twitter:card\" content=\"summary_large_image\" \/>\n<meta name=\"twitter:creator\" content=\"@noticiadosvales\" \/>\n<meta name=\"twitter:site\" content=\"@noticiadosvales\" \/>\n<meta name=\"twitter:label1\" content=\"Escrito por\" \/>\n\t<meta name=\"twitter:data1\" content=\"Aconteceu no Vale\" \/>\n\t<meta name=\"twitter:label2\" content=\"Est. tempo de leitura\" \/>\n\t<meta name=\"twitter:data2\" content=\"2 minutos\" \/>\n<script type=\"application\/ld+json\" class=\"yoast-schema-graph\">{\"@context\":\"https:\\\/\\\/schema.org\",\"@graph\":[{\"@type\":\"Article\",\"@id\":\"https:\\\/\\\/aconteceunovale.com.br\\\/portal\\\/?p=88215#article\",\"isPartOf\":{\"@id\":\"https:\\\/\\\/aconteceunovale.com.br\\\/portal\\\/?p=88215\"},\"author\":{\"name\":\"Aconteceu no Vale\",\"@id\":\"https:\\\/\\\/aconteceunovale.com.br\\\/portal\\\/#\\\/schema\\\/person\\\/633529146f2c94272bef50ac2953d589\"},\"headline\":\"Senado aprova projeto que aumenta pena para crime de estupro coletivo\",\"datePublished\":\"2016-06-01T01:25:55+00:00\",\"mainEntityOfPage\":{\"@id\":\"https:\\\/\\\/aconteceunovale.com.br\\\/portal\\\/?p=88215\"},\"wordCount\":463,\"commentCount\":0,\"image\":{\"@id\":\"https:\\\/\\\/aconteceunovale.com.br\\\/portal\\\/?p=88215#primaryimage\"},\"thumbnailUrl\":\"https:\\\/\\\/aconteceunovale.com.br\\\/portal\\\/wp-content\\\/uploads\\\/2016\\\/05\\\/vanessa-grazziotin.jpg\",\"keywords\":[\"aumento\",\"Aumento da pena para crime de estupro coletivo\",\"Aumento da pena para estupro coletivo\",\"delegado afastado do caso\",\"Delegado n\u00e3o \u00e9 mais respons\u00e1vel por investigar estupro coletivo\",\"diz TJ-RJ\",\"estuprada por 33 homens no rio de janeiro\",\"estupro coletivo\",\"estupro coletivo Jacarepagu\u00e1\",\"estupro coletivo no morro S\u00e3o Jos\u00e9 Oper\u00e1rio\",\"estupro coletivo no rio de janeiro\",\"estupro coletivo no RJ\",\"estupro coletivo rio de janeiro\",\"estupro coletivo rj\",\"estupro coletivo zona oeste do Rio de Janeiro\",\"estupro no rio de janeiro\",\"Jacarepagu\u00e1\",\"jovem\",\"jovem estuprada por 33 homens no rio de janeiro\",\"morro S\u00e3o Jos\u00e9 Oper\u00e1rio\",\"pena\",\"pena para crime de estupro coletivo\",\"pena para estupro coletivo\",\"projeto\",\"Rio de Janeiro\",\"Senado\",\"Senado aprova projeto que aumenta pena para crime de estupro coletivo\",\"senadora Vanessa Grazziotin\",\"Viol\u00eancia contra a Mulher\",\"zona oeste do Rio de Janeiro\"],\"articleSection\":[\"Brasil\"],\"inLanguage\":\"pt-BR\",\"potentialAction\":[{\"@type\":\"CommentAction\",\"name\":\"Comment\",\"target\":[\"https:\\\/\\\/aconteceunovale.com.br\\\/portal\\\/?p=88215#respond\"]}]},{\"@type\":\"WebPage\",\"@id\":\"https:\\\/\\\/aconteceunovale.com.br\\\/portal\\\/?p=88215\",\"url\":\"https:\\\/\\\/aconteceunovale.com.br\\\/portal\\\/?p=88215\",\"name\":\"Senado aprova projeto que aumenta pena para crime de estupro coletivo - Aconteceu no Vale\",\"isPartOf\":{\"@id\":\"https:\\\/\\\/aconteceunovale.com.br\\\/portal\\\/#website\"},\"primaryImageOfPage\":{\"@id\":\"https:\\\/\\\/aconteceunovale.com.br\\\/portal\\\/?p=88215#primaryimage\"},\"image\":{\"@id\":\"https:\\\/\\\/aconteceunovale.com.br\\\/portal\\\/?p=88215#primaryimage\"},\"thumbnailUrl\":\"https:\\\/\\\/aconteceunovale.com.br\\\/portal\\\/wp-content\\\/uploads\\\/2016\\\/05\\\/vanessa-grazziotin.jpg\",\"datePublished\":\"2016-06-01T01:25:55+00:00\",\"author\":{\"@id\":\"https:\\\/\\\/aconteceunovale.com.br\\\/portal\\\/#\\\/schema\\\/person\\\/633529146f2c94272bef50ac2953d589\"},\"breadcrumb\":{\"@id\":\"https:\\\/\\\/aconteceunovale.com.br\\\/portal\\\/?p=88215#breadcrumb\"},\"inLanguage\":\"pt-BR\",\"potentialAction\":[{\"@type\":\"ReadAction\",\"target\":[\"https:\\\/\\\/aconteceunovale.com.br\\\/portal\\\/?p=88215\"]}]},{\"@type\":\"ImageObject\",\"inLanguage\":\"pt-BR\",\"@id\":\"https:\\\/\\\/aconteceunovale.com.br\\\/portal\\\/?p=88215#primaryimage\",\"url\":\"https:\\\/\\\/aconteceunovale.com.br\\\/portal\\\/wp-content\\\/uploads\\\/2016\\\/05\\\/vanessa-grazziotin.jpg\",\"contentUrl\":\"https:\\\/\\\/aconteceunovale.com.br\\\/portal\\\/wp-content\\\/uploads\\\/2016\\\/05\\\/vanessa-grazziotin.jpg\",\"width\":674,\"height\":450},{\"@type\":\"BreadcrumbList\",\"@id\":\"https:\\\/\\\/aconteceunovale.com.br\\\/portal\\\/?p=88215#breadcrumb\",\"itemListElement\":[{\"@type\":\"ListItem\",\"position\":1,\"name\":\"In\u00edcio\",\"item\":\"https:\\\/\\\/aconteceunovale.com.br\\\/portal\\\/\"},{\"@type\":\"ListItem\",\"position\":2,\"name\":\"Senado aprova projeto que aumenta pena para crime de estupro coletivo\"}]},{\"@type\":\"WebSite\",\"@id\":\"https:\\\/\\\/aconteceunovale.com.br\\\/portal\\\/#website\",\"url\":\"https:\\\/\\\/aconteceunovale.com.br\\\/portal\\\/\",\"name\":\"Aconteceu no Vale\",\"description\":\"Portal de Not\u00edcias\",\"potentialAction\":[{\"@type\":\"SearchAction\",\"target\":{\"@type\":\"EntryPoint\",\"urlTemplate\":\"https:\\\/\\\/aconteceunovale.com.br\\\/portal\\\/?s={search_term_string}\"},\"query-input\":{\"@type\":\"PropertyValueSpecification\",\"valueRequired\":true,\"valueName\":\"search_term_string\"}}],\"inLanguage\":\"pt-BR\"},{\"@type\":\"Person\",\"@id\":\"https:\\\/\\\/aconteceunovale.com.br\\\/portal\\\/#\\\/schema\\\/person\\\/633529146f2c94272bef50ac2953d589\",\"name\":\"Aconteceu no Vale\",\"description\":\"Equipe de reportagem do Aconteceu no Vale, portal de not\u00edcias do Vale do Jequitinhonha, em Minas Gerais. Cobrimos as 51 cidades do Vale desde 2013. Sugest\u00f5es de pauta e pedidos de corre\u00e7\u00e3o: contato@aconteceunovale.com.br\",\"sameAs\":[\"http:\\\/\\\/www.aconteceunovale.com.br\"],\"url\":\"https:\\\/\\\/aconteceunovale.com.br\\\/portal\\\/?author=1\"}]}<\/script>\n<!-- \/ Yoast SEO plugin. -->","yoast_head_json":{"title":"Senado aprova projeto que aumenta pena para crime de estupro coletivo - Aconteceu no Vale","robots":{"index":"index","follow":"follow","max-snippet":"max-snippet:-1","max-image-preview":"max-image-preview:large","max-video-preview":"max-video-preview:-1"},"canonical":"https:\/\/aconteceunovale.com.br\/portal\/?p=88215","og_locale":"pt_BR","og_type":"article","og_title":"Senado aprova projeto que aumenta pena para crime de estupro coletivo - Aconteceu no Vale","og_description":"Uma semana ap\u00f3s se tornar p\u00fablico o caso do estupro coletivo de uma adolescente no Rio de Janeiro, ocorrido no s\u00e1bado (21), o plen\u00e1rio do Senado aprovou hoje (31), por unanimidade, projeto de lei que tipifica os crimes de estupro coletivo e de divulga\u00e7\u00e3o de imagens desse tipo de crime. Pela proposta, de autoria da [&hellip;]","og_url":"https:\/\/aconteceunovale.com.br\/portal\/?p=88215","og_site_name":"Aconteceu no Vale","article_publisher":"https:\/\/www.facebook.com\/aconteceunovale\/","article_published_time":"2016-06-01T01:25:55+00:00","og_image":[{"width":674,"height":450,"url":"https:\/\/aconteceunovale.com.br\/portal\/wp-content\/uploads\/2016\/05\/vanessa-grazziotin.jpg","type":"image\/jpeg"}],"author":"Aconteceu no Vale","twitter_card":"summary_large_image","twitter_creator":"@noticiadosvales","twitter_site":"@noticiadosvales","twitter_misc":{"Escrito por":"Aconteceu no Vale","Est. tempo de leitura":"2 minutos"},"schema":{"@context":"https:\/\/schema.org","@graph":[{"@type":"Article","@id":"https:\/\/aconteceunovale.com.br\/portal\/?p=88215#article","isPartOf":{"@id":"https:\/\/aconteceunovale.com.br\/portal\/?p=88215"},"author":{"name":"Aconteceu no Vale","@id":"https:\/\/aconteceunovale.com.br\/portal\/#\/schema\/person\/633529146f2c94272bef50ac2953d589"},"headline":"Senado aprova projeto que aumenta pena para crime de estupro coletivo","datePublished":"2016-06-01T01:25:55+00:00","mainEntityOfPage":{"@id":"https:\/\/aconteceunovale.com.br\/portal\/?p=88215"},"wordCount":463,"commentCount":0,"image":{"@id":"https:\/\/aconteceunovale.com.br\/portal\/?p=88215#primaryimage"},"thumbnailUrl":"https:\/\/aconteceunovale.com.br\/portal\/wp-content\/uploads\/2016\/05\/vanessa-grazziotin.jpg","keywords":["aumento","Aumento da pena para crime de estupro coletivo","Aumento da pena para estupro coletivo","delegado afastado do caso","Delegado n\u00e3o \u00e9 mais respons\u00e1vel por investigar estupro coletivo","diz TJ-RJ","estuprada por 33 homens no rio de janeiro","estupro coletivo","estupro coletivo Jacarepagu\u00e1","estupro coletivo no morro S\u00e3o Jos\u00e9 Oper\u00e1rio","estupro coletivo no rio de janeiro","estupro coletivo no RJ","estupro coletivo rio de janeiro","estupro coletivo rj","estupro coletivo zona oeste do Rio de Janeiro","estupro no rio de janeiro","Jacarepagu\u00e1","jovem","jovem estuprada por 33 homens no rio de janeiro","morro S\u00e3o Jos\u00e9 Oper\u00e1rio","pena","pena para crime de estupro coletivo","pena para estupro coletivo","projeto","Rio de Janeiro","Senado","Senado aprova projeto que aumenta pena para crime de estupro coletivo","senadora Vanessa Grazziotin","Viol\u00eancia contra a Mulher","zona oeste do Rio de Janeiro"],"articleSection":["Brasil"],"inLanguage":"pt-BR","potentialAction":[{"@type":"CommentAction","name":"Comment","target":["https:\/\/aconteceunovale.com.br\/portal\/?p=88215#respond"]}]},{"@type":"WebPage","@id":"https:\/\/aconteceunovale.com.br\/portal\/?p=88215","url":"https:\/\/aconteceunovale.com.br\/portal\/?p=88215","name":"Senado aprova projeto que aumenta pena para crime de estupro coletivo - Aconteceu no Vale","isPartOf":{"@id":"https:\/\/aconteceunovale.com.br\/portal\/#website"},"primaryImageOfPage":{"@id":"https:\/\/aconteceunovale.com.br\/portal\/?p=88215#primaryimage"},"image":{"@id":"https:\/\/aconteceunovale.com.br\/portal\/?p=88215#primaryimage"},"thumbnailUrl":"https:\/\/aconteceunovale.com.br\/portal\/wp-content\/uploads\/2016\/05\/vanessa-grazziotin.jpg","datePublished":"2016-06-01T01:25:55+00:00","author":{"@id":"https:\/\/aconteceunovale.com.br\/portal\/#\/schema\/person\/633529146f2c94272bef50ac2953d589"},"breadcrumb":{"@id":"https:\/\/aconteceunovale.com.br\/portal\/?p=88215#breadcrumb"},"inLanguage":"pt-BR","potentialAction":[{"@type":"ReadAction","target":["https:\/\/aconteceunovale.com.br\/portal\/?p=88215"]}]},{"@type":"ImageObject","inLanguage":"pt-BR","@id":"https:\/\/aconteceunovale.com.br\/portal\/?p=88215#primaryimage","url":"https:\/\/aconteceunovale.com.br\/portal\/wp-content\/uploads\/2016\/05\/vanessa-grazziotin.jpg","contentUrl":"https:\/\/aconteceunovale.com.br\/portal\/wp-content\/uploads\/2016\/05\/vanessa-grazziotin.jpg","width":674,"height":450},{"@type":"BreadcrumbList","@id":"https:\/\/aconteceunovale.com.br\/portal\/?p=88215#breadcrumb","itemListElement":[{"@type":"ListItem","position":1,"name":"In\u00edcio","item":"https:\/\/aconteceunovale.com.br\/portal\/"},{"@type":"ListItem","position":2,"name":"Senado aprova projeto que aumenta pena para crime de estupro coletivo"}]},{"@type":"WebSite","@id":"https:\/\/aconteceunovale.com.br\/portal\/#website","url":"https:\/\/aconteceunovale.com.br\/portal\/","name":"Aconteceu no Vale","description":"Portal de Not\u00edcias","potentialAction":[{"@type":"SearchAction","target":{"@type":"EntryPoint","urlTemplate":"https:\/\/aconteceunovale.com.br\/portal\/?s={search_term_string}"},"query-input":{"@type":"PropertyValueSpecification","valueRequired":true,"valueName":"search_term_string"}}],"inLanguage":"pt-BR"},{"@type":"Person","@id":"https:\/\/aconteceunovale.com.br\/portal\/#\/schema\/person\/633529146f2c94272bef50ac2953d589","name":"Aconteceu no Vale","description":"Equipe de reportagem do Aconteceu no Vale, portal de not\u00edcias do Vale do Jequitinhonha, em Minas Gerais. Cobrimos as 51 cidades do Vale desde 2013. Sugest\u00f5es de pauta e pedidos de corre\u00e7\u00e3o: contato@aconteceunovale.com.br","sameAs":["http:\/\/www.aconteceunovale.com.br"],"url":"https:\/\/aconteceunovale.com.br\/portal\/?author=1"}]}},"_links":{"self":[{"href":"https:\/\/aconteceunovale.com.br\/portal\/index.php?rest_route=\/wp\/v2\/posts\/88215","targetHints":{"allow":["GET"]}}],"collection":[{"href":"https:\/\/aconteceunovale.com.br\/portal\/index.php?rest_route=\/wp\/v2\/posts"}],"about":[{"href":"https:\/\/aconteceunovale.com.br\/portal\/index.php?rest_route=\/wp\/v2\/types\/post"}],"author":[{"embeddable":true,"href":"https:\/\/aconteceunovale.com.br\/portal\/index.php?rest_route=\/wp\/v2\/users\/1"}],"replies":[{"embeddable":true,"href":"https:\/\/aconteceunovale.com.br\/portal\/index.php?rest_route=%2Fwp%2Fv2%2Fcomments&post=88215"}],"version-history":[{"count":0,"href":"https:\/\/aconteceunovale.com.br\/portal\/index.php?rest_route=\/wp\/v2\/posts\/88215\/revisions"}],"wp:featuredmedia":[{"embeddable":true,"href":"https:\/\/aconteceunovale.com.br\/portal\/index.php?rest_route=\/wp\/v2\/media\/88216"}],"wp:attachment":[{"href":"https:\/\/aconteceunovale.com.br\/portal\/index.php?rest_route=%2Fwp%2Fv2%2Fmedia&parent=88215"}],"wp:term":[{"taxonomy":"category","embeddable":true,"href":"https:\/\/aconteceunovale.com.br\/portal\/index.php?rest_route=%2Fwp%2Fv2%2Fcategories&post=88215"},{"taxonomy":"post_tag","embeddable":true,"href":"https:\/\/aconteceunovale.com.br\/portal\/index.php?rest_route=%2Fwp%2Fv2%2Ftags&post=88215"}],"curies":[{"name":"wp","href":"https:\/\/api.w.org\/{rel}","templated":true}]}}