{"id":88212,"date":"2016-05-31T22:23:21","date_gmt":"2016-06-01T01:23:21","guid":{"rendered":"http:\/\/aconteceunovale.com.br\/portal\/?p=88212"},"modified":"2016-05-31T22:23:21","modified_gmt":"2016-06-01T01:23:21","slug":"adolescente-que-sofreu-estupro-coletivo-no-rio-entra-para-programa-de-protecao","status":"publish","type":"post","link":"https:\/\/aconteceunovale.com.br\/portal\/?p=88212","title":{"rendered":"Adolescente que sofreu estupro coletivo no Rio entra para programa de prote\u00e7\u00e3o"},"content":{"rendered":"<p>A jovem de 16 anos que sofreu estupro h\u00e1 cerca de 10 dias em uma casa no alto do Morro S\u00e3o Jos\u00e9 Oper\u00e1rio, na Pra\u00e7a Seca, na zona oeste do Rio de Janeiro, foi inclu\u00edda no Programa de Prote\u00e7\u00e3o a Crian\u00e7as e Adolescentes Amea\u00e7ados de Morte junto com os pais, a av\u00f3 e o filho de 3 anos.<\/p>\n<p>O secret\u00e1rio de estado de Assist\u00eancia Social e Direitos Humanos do Rio, Paulo Mello, informou que os tr\u00e2mites foram feitos hoje (31) e que a adolescente pode at\u00e9 mudar de nome. \u201cDeve ganhar nova identidade, dependendo do grau, porque a\u00ed \u00e9 o programa em n\u00edvel federal que vai analisar isso. Acho que o correto seria [isso]\u201d, disse Mello.<\/p>\n<p>De acordo com o secret\u00e1rio, n\u00e3o foi poss\u00edvel definir ontem (30) a entrada da jovem no programa, porque ela ainda teve de prestar depoimentos e ser atendida por psic\u00f3logos. Mello ressaltou que a Pol\u00edcia Militar manteve, desde ontem, o efetivo de prote\u00e7\u00e3o para que a solu\u00e7\u00e3o sa\u00edsse hoje. Criado em 2003, o programa federal que dar\u00e1 prote\u00e7\u00e3o \u00e0 adolescente tem gest\u00e3o conjunta com os estados e organiza\u00e7\u00f5es n\u00e3o governamentais (ONGs).<\/p>\n<p>Mello explicou que o contato da secretaria com a jovem terminar\u00e1 quando ela for entregue \u00e0 ONG que ficar\u00e1 respons\u00e1vel por sua prote\u00e7\u00e3o. \u201cA partir da\u00ed, o gerenciamento da vida da adolescente passa a ser desta institui\u00e7\u00e3o com a fam\u00edlia dela.\u201d<\/p>\n<p>O secret\u00e1rio informou que conversou com a jovem por mais de uma hora e foi informado que das amea\u00e7as que ela recebeu, pela internet, at\u00e9 de outros locais do pa\u00eds.<\/p>\n<p>Mello declarou-se impressionado com a vontade da adolescente de recome\u00e7ar a vida e, por isso, considera melhor que ela v\u00e1 morar em outro lugar para evitar a possibilidade de ataques, inclusive de traficantes da comunidade em que sofreu o estupro. \u201cAcho que ela tem medo de tudo. Foi o que eu disse ontem para el, que tem 16 anos. \u00c9 uma crian\u00e7a, m\u00e3e de um garoto de 3 anos, que ela levou ontem l\u00e1. Essa garota tem tudo para come\u00e7ar uma nova vida. Com absoluta certeza, ela n\u00e3o vai ter recome\u00e7o se continuar aqui\u201d, afirmou o secret\u00e1rio.<\/p>\n<p>Para ele, pelo que j\u00e1 foi divulgado, n\u00e3o tem cabimento a discuss\u00e3o se houve ou n\u00e3o estupro, porque o crime ficou evidente no momento em que ela foi exposta em v\u00eddeos na internet, em condi\u00e7\u00f5es degradantes. \u201cAs pessoas se batem muito no estupro, se houve ou n\u00e3o houve estupro. Drogar uma garota de 16 anos; mant\u00ea-la em cativeiro, porque manter uma pessoa contra a sua vontade \u00e9 manter em cativeiro; fazer sexo com uma garota de 16 anos, j\u00e1 \u00e9 crime. Vender bebida alco\u00f3lica \u00e0 crian\u00e7a e ao adolescente est\u00e1 previsto na lei como crime pass\u00edvel de pris\u00e3o, imagina drogar, imagina bolinar uma pessoa da forma como foi feito, para expor o seu v\u00eddeo na internet. N\u00e3o precisa mais de nenhuma explica\u00e7\u00e3o para configurar a viol\u00eancia que aconteceu com esta menina\u201d, enfatizou.<\/p>\n<p>Segundo Mello, o caso ganhou repercuss\u00e3o porque houve den\u00fancia nas redes sociais sobre a postagem do v\u00eddeo, mas existem muitos estupros dos quais as v\u00edtimas n\u00e3o fazem registro e, por isso, os culpados ficam sem condena\u00e7\u00e3o. \u201cSabemos que, nas comunidades, tem traficantes que exigem que os pais entreguem os filhos para seu prazer. Isso n\u00e3o muito longe daqui, onde estamos gravando.&#8221;<\/p>\n<p>O secret\u00e1rio ressaltou que h\u00e1 repercuss\u00e3o justamente quando algu\u00e9m tem coragem de denunciar. &#8220;Est\u00e1 dentro tamb\u00e9m do estatuto da prote\u00e7\u00e3o o caso de uma menina que foi violentada por milicianos. Isso acontece o tempo inteiro. O que a gente sabe, na realidade, \u00e9 aquilo que extrapola \u00e0 barreira do sil\u00eancio das comunidades e chega ao asfalto\u201d, afirmou. (Ag\u00eancia Brasil)<\/p>\n","protected":false},"excerpt":{"rendered":"<p>A jovem de 16 anos que sofreu estupro h\u00e1 cerca de 10 dias em uma casa no alto do Morro S\u00e3o Jos\u00e9 Oper\u00e1rio, na Pra\u00e7a Seca, na zona oeste do Rio de Janeiro, foi inclu\u00edda no Programa de Prote\u00e7\u00e3o a Crian\u00e7as e Adolescentes Amea\u00e7ados de Morte junto com os pais, a av\u00f3 e o filho [&hellip;]<\/p>\n","protected":false},"author":1,"featured_media":88213,"comment_status":"open","ping_status":"closed","sticky":false,"template":"","format":"standard","meta":{"amp_status":"","footnotes":""},"categories":[6],"tags":[73567,97084,97086,47465,96538,96536,96537,96426,96429,96422,96418,96416,96510,96420,96421,96424,96419,77698,96539,96511,96417,97085,97087,1104,36712,96423],"class_list":["post-88212","post","type-post","status-publish","format-standard","has-post-thumbnail","hentry","category-br","tag-adolescente","tag-adolescente-que-sofreu-estupro-coletivo-no-rio-entra-para-programa-de-protecao","tag-ameaca-de-morte","tag-crianca","tag-delegado-afastado-do-caso","tag-delegado-nao-e-mais-responsavel-por-investigar-estupro-coletivo","tag-diz-tj-rj","tag-estuprada-por-33-homens-no-rio-de-janeiro","tag-estupro-coletivo","tag-estupro-coletivo-jacarepagua","tag-estupro-coletivo-no-morro-sao-jose-operario","tag-estupro-coletivo-no-rio-de-janeiro","tag-estupro-coletivo-no-rj","tag-estupro-coletivo-rio-de-janeiro","tag-estupro-coletivo-rj","tag-estupro-coletivo-zona-oeste-do-rio-de-janeiro","tag-estupro-no-rio-de-janeiro","tag-jacarepagua","tag-jovem","tag-jovem-estuprada-por-33-homens-no-rio-de-janeiro","tag-morro-sao-jose-operario","tag-programa-de-protecao","tag-programa-de-protecao-a-criancas-e-adolescentes-ameacados-de-morte","tag-rio-de-janeiro","tag-violencia-contra-a-mulher","tag-zona-oeste-do-rio-de-janeiro"],"yoast_head":"<!-- This site is optimized with the Yoast SEO plugin v28.3 - https:\/\/yoast.com\/product\/yoast-seo-wordpress\/ -->\n<title>Adolescente que sofreu estupro coletivo no Rio entra para programa de prote\u00e7\u00e3o - Aconteceu no Vale<\/title>\n<meta name=\"robots\" content=\"index, follow, max-snippet:-1, max-image-preview:large, max-video-preview:-1\" \/>\n<link rel=\"canonical\" href=\"https:\/\/aconteceunovale.com.br\/portal\/?p=88212\" \/>\n<meta property=\"og:locale\" content=\"pt_BR\" \/>\n<meta property=\"og:type\" content=\"article\" \/>\n<meta property=\"og:title\" content=\"Adolescente que sofreu estupro coletivo no Rio entra para programa de prote\u00e7\u00e3o - Aconteceu no Vale\" \/>\n<meta property=\"og:description\" content=\"A jovem de 16 anos que sofreu estupro h\u00e1 cerca de 10 dias em uma casa no alto do Morro S\u00e3o Jos\u00e9 Oper\u00e1rio, na Pra\u00e7a Seca, na zona oeste do Rio de Janeiro, foi inclu\u00edda no Programa de Prote\u00e7\u00e3o a Crian\u00e7as e Adolescentes Amea\u00e7ados de Morte junto com os pais, a av\u00f3 e o filho [&hellip;]\" \/>\n<meta property=\"og:url\" content=\"https:\/\/aconteceunovale.com.br\/portal\/?p=88212\" \/>\n<meta property=\"og:site_name\" content=\"Aconteceu no Vale\" \/>\n<meta property=\"article:publisher\" content=\"https:\/\/www.facebook.com\/aconteceunovale\/\" \/>\n<meta property=\"article:published_time\" content=\"2016-06-01T01:23:21+00:00\" \/>\n<meta property=\"og:image\" content=\"https:\/\/aconteceunovale.com.br\/portal\/wp-content\/uploads\/2016\/05\/estupro_rj_protecao.png\" \/>\n\t<meta property=\"og:image:width\" content=\"678\" \/>\n\t<meta property=\"og:image:height\" content=\"358\" \/>\n\t<meta property=\"og:image:type\" content=\"image\/png\" \/>\n<meta name=\"author\" content=\"Aconteceu no Vale\" \/>\n<meta name=\"twitter:card\" content=\"summary_large_image\" \/>\n<meta name=\"twitter:creator\" content=\"@noticiadosvales\" \/>\n<meta name=\"twitter:site\" content=\"@noticiadosvales\" \/>\n<meta name=\"twitter:label1\" content=\"Escrito por\" \/>\n\t<meta name=\"twitter:data1\" content=\"Aconteceu no Vale\" \/>\n\t<meta name=\"twitter:label2\" content=\"Est. tempo de leitura\" \/>\n\t<meta name=\"twitter:data2\" content=\"3 minutos\" \/>\n<script type=\"application\/ld+json\" class=\"yoast-schema-graph\">{\"@context\":\"https:\\\/\\\/schema.org\",\"@graph\":[{\"@type\":\"Article\",\"@id\":\"https:\\\/\\\/aconteceunovale.com.br\\\/portal\\\/?p=88212#article\",\"isPartOf\":{\"@id\":\"https:\\\/\\\/aconteceunovale.com.br\\\/portal\\\/?p=88212\"},\"author\":{\"name\":\"Aconteceu no Vale\",\"@id\":\"https:\\\/\\\/aconteceunovale.com.br\\\/portal\\\/#\\\/schema\\\/person\\\/633529146f2c94272bef50ac2953d589\"},\"headline\":\"Adolescente que sofreu estupro coletivo no Rio entra para programa de prote\u00e7\u00e3o\",\"datePublished\":\"2016-06-01T01:23:21+00:00\",\"mainEntityOfPage\":{\"@id\":\"https:\\\/\\\/aconteceunovale.com.br\\\/portal\\\/?p=88212\"},\"wordCount\":666,\"commentCount\":0,\"image\":{\"@id\":\"https:\\\/\\\/aconteceunovale.com.br\\\/portal\\\/?p=88212#primaryimage\"},\"thumbnailUrl\":\"https:\\\/\\\/aconteceunovale.com.br\\\/portal\\\/wp-content\\\/uploads\\\/2016\\\/05\\\/estupro_rj_protecao.png\",\"keywords\":[\"adolescente\",\"Adolescente que sofreu estupro coletivo no Rio entra para programa de prote\u00e7\u00e3o\",\"amea\u00e7a de morte\",\"crian\u00e7a\",\"delegado afastado do caso\",\"Delegado n\u00e3o \u00e9 mais respons\u00e1vel por investigar estupro coletivo\",\"diz TJ-RJ\",\"estuprada por 33 homens no rio de janeiro\",\"estupro coletivo\",\"estupro coletivo Jacarepagu\u00e1\",\"estupro coletivo no morro S\u00e3o Jos\u00e9 Oper\u00e1rio\",\"estupro coletivo no rio de janeiro\",\"estupro coletivo no RJ\",\"estupro coletivo rio de janeiro\",\"estupro coletivo rj\",\"estupro coletivo zona oeste do Rio de Janeiro\",\"estupro no rio de janeiro\",\"Jacarepagu\u00e1\",\"jovem\",\"jovem estuprada por 33 homens no rio de janeiro\",\"morro S\u00e3o Jos\u00e9 Oper\u00e1rio\",\"programa de prote\u00e7\u00e3o\",\"Programa de Prote\u00e7\u00e3o a Crian\u00e7as e Adolescentes Amea\u00e7ados de Morte\",\"Rio de Janeiro\",\"Viol\u00eancia contra a Mulher\",\"zona oeste do Rio de Janeiro\"],\"articleSection\":[\"Brasil\"],\"inLanguage\":\"pt-BR\",\"potentialAction\":[{\"@type\":\"CommentAction\",\"name\":\"Comment\",\"target\":[\"https:\\\/\\\/aconteceunovale.com.br\\\/portal\\\/?p=88212#respond\"]}]},{\"@type\":\"WebPage\",\"@id\":\"https:\\\/\\\/aconteceunovale.com.br\\\/portal\\\/?p=88212\",\"url\":\"https:\\\/\\\/aconteceunovale.com.br\\\/portal\\\/?p=88212\",\"name\":\"Adolescente que sofreu estupro coletivo no Rio entra para programa de prote\u00e7\u00e3o - Aconteceu no Vale\",\"isPartOf\":{\"@id\":\"https:\\\/\\\/aconteceunovale.com.br\\\/portal\\\/#website\"},\"primaryImageOfPage\":{\"@id\":\"https:\\\/\\\/aconteceunovale.com.br\\\/portal\\\/?p=88212#primaryimage\"},\"image\":{\"@id\":\"https:\\\/\\\/aconteceunovale.com.br\\\/portal\\\/?p=88212#primaryimage\"},\"thumbnailUrl\":\"https:\\\/\\\/aconteceunovale.com.br\\\/portal\\\/wp-content\\\/uploads\\\/2016\\\/05\\\/estupro_rj_protecao.png\",\"datePublished\":\"2016-06-01T01:23:21+00:00\",\"author\":{\"@id\":\"https:\\\/\\\/aconteceunovale.com.br\\\/portal\\\/#\\\/schema\\\/person\\\/633529146f2c94272bef50ac2953d589\"},\"breadcrumb\":{\"@id\":\"https:\\\/\\\/aconteceunovale.com.br\\\/portal\\\/?p=88212#breadcrumb\"},\"inLanguage\":\"pt-BR\",\"potentialAction\":[{\"@type\":\"ReadAction\",\"target\":[\"https:\\\/\\\/aconteceunovale.com.br\\\/portal\\\/?p=88212\"]}]},{\"@type\":\"ImageObject\",\"inLanguage\":\"pt-BR\",\"@id\":\"https:\\\/\\\/aconteceunovale.com.br\\\/portal\\\/?p=88212#primaryimage\",\"url\":\"https:\\\/\\\/aconteceunovale.com.br\\\/portal\\\/wp-content\\\/uploads\\\/2016\\\/05\\\/estupro_rj_protecao.png\",\"contentUrl\":\"https:\\\/\\\/aconteceunovale.com.br\\\/portal\\\/wp-content\\\/uploads\\\/2016\\\/05\\\/estupro_rj_protecao.png\",\"width\":678,\"height\":358},{\"@type\":\"BreadcrumbList\",\"@id\":\"https:\\\/\\\/aconteceunovale.com.br\\\/portal\\\/?p=88212#breadcrumb\",\"itemListElement\":[{\"@type\":\"ListItem\",\"position\":1,\"name\":\"In\u00edcio\",\"item\":\"https:\\\/\\\/aconteceunovale.com.br\\\/portal\\\/\"},{\"@type\":\"ListItem\",\"position\":2,\"name\":\"Adolescente que sofreu estupro coletivo no Rio entra para programa de prote\u00e7\u00e3o\"}]},{\"@type\":\"WebSite\",\"@id\":\"https:\\\/\\\/aconteceunovale.com.br\\\/portal\\\/#website\",\"url\":\"https:\\\/\\\/aconteceunovale.com.br\\\/portal\\\/\",\"name\":\"Aconteceu no Vale\",\"description\":\"Portal de Not\u00edcias\",\"potentialAction\":[{\"@type\":\"SearchAction\",\"target\":{\"@type\":\"EntryPoint\",\"urlTemplate\":\"https:\\\/\\\/aconteceunovale.com.br\\\/portal\\\/?s={search_term_string}\"},\"query-input\":{\"@type\":\"PropertyValueSpecification\",\"valueRequired\":true,\"valueName\":\"search_term_string\"}}],\"inLanguage\":\"pt-BR\"},{\"@type\":\"Person\",\"@id\":\"https:\\\/\\\/aconteceunovale.com.br\\\/portal\\\/#\\\/schema\\\/person\\\/633529146f2c94272bef50ac2953d589\",\"name\":\"Aconteceu no Vale\",\"description\":\"Equipe de reportagem do Aconteceu no Vale, portal de not\u00edcias do Vale do Jequitinhonha, em Minas Gerais. Cobrimos as 51 cidades do Vale desde 2013. Sugest\u00f5es de pauta e pedidos de corre\u00e7\u00e3o: contato@aconteceunovale.com.br\",\"sameAs\":[\"http:\\\/\\\/www.aconteceunovale.com.br\"],\"url\":\"https:\\\/\\\/aconteceunovale.com.br\\\/portal\\\/?author=1\"}]}<\/script>\n<!-- \/ Yoast SEO plugin. -->","yoast_head_json":{"title":"Adolescente que sofreu estupro coletivo no Rio entra para programa de prote\u00e7\u00e3o - Aconteceu no Vale","robots":{"index":"index","follow":"follow","max-snippet":"max-snippet:-1","max-image-preview":"max-image-preview:large","max-video-preview":"max-video-preview:-1"},"canonical":"https:\/\/aconteceunovale.com.br\/portal\/?p=88212","og_locale":"pt_BR","og_type":"article","og_title":"Adolescente que sofreu estupro coletivo no Rio entra para programa de prote\u00e7\u00e3o - Aconteceu no Vale","og_description":"A jovem de 16 anos que sofreu estupro h\u00e1 cerca de 10 dias em uma casa no alto do Morro S\u00e3o Jos\u00e9 Oper\u00e1rio, na Pra\u00e7a Seca, na zona oeste do Rio de Janeiro, foi inclu\u00edda no Programa de Prote\u00e7\u00e3o a Crian\u00e7as e Adolescentes Amea\u00e7ados de Morte junto com os pais, a av\u00f3 e o filho [&hellip;]","og_url":"https:\/\/aconteceunovale.com.br\/portal\/?p=88212","og_site_name":"Aconteceu no Vale","article_publisher":"https:\/\/www.facebook.com\/aconteceunovale\/","article_published_time":"2016-06-01T01:23:21+00:00","og_image":[{"width":678,"height":358,"url":"https:\/\/aconteceunovale.com.br\/portal\/wp-content\/uploads\/2016\/05\/estupro_rj_protecao.png","type":"image\/png"}],"author":"Aconteceu no Vale","twitter_card":"summary_large_image","twitter_creator":"@noticiadosvales","twitter_site":"@noticiadosvales","twitter_misc":{"Escrito por":"Aconteceu no Vale","Est. tempo de leitura":"3 minutos"},"schema":{"@context":"https:\/\/schema.org","@graph":[{"@type":"Article","@id":"https:\/\/aconteceunovale.com.br\/portal\/?p=88212#article","isPartOf":{"@id":"https:\/\/aconteceunovale.com.br\/portal\/?p=88212"},"author":{"name":"Aconteceu no Vale","@id":"https:\/\/aconteceunovale.com.br\/portal\/#\/schema\/person\/633529146f2c94272bef50ac2953d589"},"headline":"Adolescente que sofreu estupro coletivo no Rio entra para programa de prote\u00e7\u00e3o","datePublished":"2016-06-01T01:23:21+00:00","mainEntityOfPage":{"@id":"https:\/\/aconteceunovale.com.br\/portal\/?p=88212"},"wordCount":666,"commentCount":0,"image":{"@id":"https:\/\/aconteceunovale.com.br\/portal\/?p=88212#primaryimage"},"thumbnailUrl":"https:\/\/aconteceunovale.com.br\/portal\/wp-content\/uploads\/2016\/05\/estupro_rj_protecao.png","keywords":["adolescente","Adolescente que sofreu estupro coletivo no Rio entra para programa de prote\u00e7\u00e3o","amea\u00e7a de morte","crian\u00e7a","delegado afastado do caso","Delegado n\u00e3o \u00e9 mais respons\u00e1vel por investigar estupro coletivo","diz TJ-RJ","estuprada por 33 homens no rio de janeiro","estupro coletivo","estupro coletivo Jacarepagu\u00e1","estupro coletivo no morro S\u00e3o Jos\u00e9 Oper\u00e1rio","estupro coletivo no rio de janeiro","estupro coletivo no RJ","estupro coletivo rio de janeiro","estupro coletivo rj","estupro coletivo zona oeste do Rio de Janeiro","estupro no rio de janeiro","Jacarepagu\u00e1","jovem","jovem estuprada por 33 homens no rio de janeiro","morro S\u00e3o Jos\u00e9 Oper\u00e1rio","programa de prote\u00e7\u00e3o","Programa de Prote\u00e7\u00e3o a Crian\u00e7as e Adolescentes Amea\u00e7ados de Morte","Rio de Janeiro","Viol\u00eancia contra a Mulher","zona oeste do Rio de Janeiro"],"articleSection":["Brasil"],"inLanguage":"pt-BR","potentialAction":[{"@type":"CommentAction","name":"Comment","target":["https:\/\/aconteceunovale.com.br\/portal\/?p=88212#respond"]}]},{"@type":"WebPage","@id":"https:\/\/aconteceunovale.com.br\/portal\/?p=88212","url":"https:\/\/aconteceunovale.com.br\/portal\/?p=88212","name":"Adolescente que sofreu estupro coletivo no Rio entra para programa de prote\u00e7\u00e3o - Aconteceu no Vale","isPartOf":{"@id":"https:\/\/aconteceunovale.com.br\/portal\/#website"},"primaryImageOfPage":{"@id":"https:\/\/aconteceunovale.com.br\/portal\/?p=88212#primaryimage"},"image":{"@id":"https:\/\/aconteceunovale.com.br\/portal\/?p=88212#primaryimage"},"thumbnailUrl":"https:\/\/aconteceunovale.com.br\/portal\/wp-content\/uploads\/2016\/05\/estupro_rj_protecao.png","datePublished":"2016-06-01T01:23:21+00:00","author":{"@id":"https:\/\/aconteceunovale.com.br\/portal\/#\/schema\/person\/633529146f2c94272bef50ac2953d589"},"breadcrumb":{"@id":"https:\/\/aconteceunovale.com.br\/portal\/?p=88212#breadcrumb"},"inLanguage":"pt-BR","potentialAction":[{"@type":"ReadAction","target":["https:\/\/aconteceunovale.com.br\/portal\/?p=88212"]}]},{"@type":"ImageObject","inLanguage":"pt-BR","@id":"https:\/\/aconteceunovale.com.br\/portal\/?p=88212#primaryimage","url":"https:\/\/aconteceunovale.com.br\/portal\/wp-content\/uploads\/2016\/05\/estupro_rj_protecao.png","contentUrl":"https:\/\/aconteceunovale.com.br\/portal\/wp-content\/uploads\/2016\/05\/estupro_rj_protecao.png","width":678,"height":358},{"@type":"BreadcrumbList","@id":"https:\/\/aconteceunovale.com.br\/portal\/?p=88212#breadcrumb","itemListElement":[{"@type":"ListItem","position":1,"name":"In\u00edcio","item":"https:\/\/aconteceunovale.com.br\/portal\/"},{"@type":"ListItem","position":2,"name":"Adolescente que sofreu estupro coletivo no Rio entra para programa de prote\u00e7\u00e3o"}]},{"@type":"WebSite","@id":"https:\/\/aconteceunovale.com.br\/portal\/#website","url":"https:\/\/aconteceunovale.com.br\/portal\/","name":"Aconteceu no Vale","description":"Portal de Not\u00edcias","potentialAction":[{"@type":"SearchAction","target":{"@type":"EntryPoint","urlTemplate":"https:\/\/aconteceunovale.com.br\/portal\/?s={search_term_string}"},"query-input":{"@type":"PropertyValueSpecification","valueRequired":true,"valueName":"search_term_string"}}],"inLanguage":"pt-BR"},{"@type":"Person","@id":"https:\/\/aconteceunovale.com.br\/portal\/#\/schema\/person\/633529146f2c94272bef50ac2953d589","name":"Aconteceu no Vale","description":"Equipe de reportagem do Aconteceu no Vale, portal de not\u00edcias do Vale do Jequitinhonha, em Minas Gerais. Cobrimos as 51 cidades do Vale desde 2013. Sugest\u00f5es de pauta e pedidos de corre\u00e7\u00e3o: contato@aconteceunovale.com.br","sameAs":["http:\/\/www.aconteceunovale.com.br"],"url":"https:\/\/aconteceunovale.com.br\/portal\/?author=1"}]}},"_links":{"self":[{"href":"https:\/\/aconteceunovale.com.br\/portal\/index.php?rest_route=\/wp\/v2\/posts\/88212","targetHints":{"allow":["GET"]}}],"collection":[{"href":"https:\/\/aconteceunovale.com.br\/portal\/index.php?rest_route=\/wp\/v2\/posts"}],"about":[{"href":"https:\/\/aconteceunovale.com.br\/portal\/index.php?rest_route=\/wp\/v2\/types\/post"}],"author":[{"embeddable":true,"href":"https:\/\/aconteceunovale.com.br\/portal\/index.php?rest_route=\/wp\/v2\/users\/1"}],"replies":[{"embeddable":true,"href":"https:\/\/aconteceunovale.com.br\/portal\/index.php?rest_route=%2Fwp%2Fv2%2Fcomments&post=88212"}],"version-history":[{"count":0,"href":"https:\/\/aconteceunovale.com.br\/portal\/index.php?rest_route=\/wp\/v2\/posts\/88212\/revisions"}],"wp:featuredmedia":[{"embeddable":true,"href":"https:\/\/aconteceunovale.com.br\/portal\/index.php?rest_route=\/wp\/v2\/media\/88213"}],"wp:attachment":[{"href":"https:\/\/aconteceunovale.com.br\/portal\/index.php?rest_route=%2Fwp%2Fv2%2Fmedia&parent=88212"}],"wp:term":[{"taxonomy":"category","embeddable":true,"href":"https:\/\/aconteceunovale.com.br\/portal\/index.php?rest_route=%2Fwp%2Fv2%2Fcategories&post=88212"},{"taxonomy":"post_tag","embeddable":true,"href":"https:\/\/aconteceunovale.com.br\/portal\/index.php?rest_route=%2Fwp%2Fv2%2Ftags&post=88212"}],"curies":[{"name":"wp","href":"https:\/\/api.w.org\/{rel}","templated":true}]}}