{"id":88210,"date":"2016-05-31T22:16:16","date_gmt":"2016-06-01T01:16:16","guid":{"rendered":"http:\/\/aconteceunovale.com.br\/portal\/?p=88210"},"modified":"2016-05-31T22:16:16","modified_gmt":"2016-06-01T01:16:16","slug":"justica-federal-julgara-todas-as-acoes-de-crimes-ambientais-da-tragedia-de-mariana","status":"publish","type":"post","link":"https:\/\/aconteceunovale.com.br\/portal\/?p=88210","title":{"rendered":"Justi\u00e7a Federal julgar\u00e1 todas as a\u00e7\u00f5es de crimes ambientais da trag\u00e9dia de Mariana"},"content":{"rendered":"<p>A Justi\u00e7a Federal vai ser respons\u00e1vel por julgar todas as a\u00e7\u00f5es sobre crimes ambientais decorrentes do rompimento da Barragem de Fund\u00e3o, em Mariana (MG), no dia 5 de novembro do ano passado. A trag\u00e9dia, avaliada como o maior desastre ambiental da hist\u00f3ria do Brasil, deixou 19 mortos e devastou a paisagem e a biodiversidade do Rio Doce, em Minas Gerais e no Esp\u00edrito Santo.<\/p>\n<p>A decis\u00e3o foi tomada hoje (31) pelo ministro do Superior Tribunal de Justi\u00e7a (STJ) Nefi Cordeiro, ao julgar um conflito de compet\u00eancia apresentado pelo Minist\u00e9rio P\u00fablico Federal (MPF). A a\u00e7\u00e3o foi proposta porque a Pol\u00edcia Federal e o Minist\u00e9rio P\u00fablico Federal conduziram investiga\u00e7\u00f5es para apurar os crimes ambientais ao mesmo tempo em que a Pol\u00edcia Civil de Minas Gerais instaurou inqu\u00e9rito policial, com envio dos autos para a Justi\u00e7a Estadual.<\/p>\n<p>O MPF pediu ao STJ que a duplicidade das investiga\u00e7\u00f5es e a conex\u00e3o entre os delitos fosse reconhecida, e que as provas j\u00e1 produzidas pela investiga\u00e7\u00e3o estadual fossem aproveitadas pelo ju\u00edzo federal em Ponte Nova (MG).<\/p>\n<p><strong>Responsabilidade Civil<\/strong><\/p>\n<p>Um outro conflito de compet\u00eancia est\u00e1 sob an\u00e1lise no STJ, relacionado \u00e0s a\u00e7\u00f5es de responsabilidade civil pelos danos ambientais. No dia 25 de maio, a desembargadora convocada, Diva Malerbi, relatora do processo, apresentou voto defendendo a compet\u00eancia da Justi\u00e7a Federal em Belo Horizonte.<\/p>\n<p>A relatora argumentou que a Justi\u00e7a Estadual deve ficar respons\u00e1vel apenas pelo julgamento de a\u00e7\u00f5es locais e pontuais para facilitar o acesso \u00e0 Justi\u00e7a por pessoas atingidas pelo desastre.<\/p>\n<p>O julgamento desse conflito de compet\u00eancia foi suspenso por um pedido de vista do ministro Benedito Gon\u00e7alves. (Ag\u00eancia Brasil)<\/p>\n","protected":false},"excerpt":{"rendered":"<p>A Justi\u00e7a Federal vai ser respons\u00e1vel por julgar todas as a\u00e7\u00f5es sobre crimes ambientais decorrentes do rompimento da Barragem de Fund\u00e3o, em Mariana (MG), no dia 5 de novembro do ano passado. A trag\u00e9dia, avaliada como o maior desastre ambiental da hist\u00f3ria do Brasil, deixou 19 mortos e devastou a paisagem e a biodiversidade do [&hellip;]<\/p>\n","protected":false},"author":1,"featured_media":72467,"comment_status":"open","ping_status":"closed","sticky":false,"template":"","format":"standard","meta":{"amp_status":"","footnotes":""},"categories":[123],"tags":[24303,59520,79799,72593,97082,97083,23452,97081,97080,97078,97079,7363,65282,32642,65289,65508,65288],"class_list":["post-88210","post","type-post","status-publish","format-standard","has-post-thumbnail","hentry","category-gerais","tag-acoes","tag-bento-rodrigues","tag-crimes-ambientais","tag-desastre-de-mariana","tag-julgamento-da-tragedia-de-mariana","tag-julgamento-do-desastre-de-mariana","tag-justica-federal","tag-justica-federal-julgara-todas-as-acoes-de-crimes-ambientais","tag-justica-federal-julgara-todas-as-acoes-de-crimes-ambientais-da-tragedia-de-mariana","tag-justica-federal-julgara-todas-as-acoes-de-crimes-ambientais-decorrentes-do-rompimento-de-barragem-em-mariana","tag-justica-federal-julgara-todas-as-acoes-de-crimes-ambientais-relacionadas-ao-desastre-de-mariana","tag-mariana","tag-rompimento-de-barragem","tag-samarco","tag-tragedia-bento-rodrigues","tag-tragedia-de-mariana","tag-tragedia-samarco"],"yoast_head":"<!-- This site is optimized with the Yoast SEO plugin v28.3 - https:\/\/yoast.com\/product\/yoast-seo-wordpress\/ -->\n<title>Justi\u00e7a Federal julgar\u00e1 todas as a\u00e7\u00f5es de crimes ambientais da trag\u00e9dia de Mariana - Aconteceu no Vale<\/title>\n<meta name=\"robots\" content=\"index, follow, max-snippet:-1, max-image-preview:large, max-video-preview:-1\" \/>\n<link rel=\"canonical\" href=\"https:\/\/aconteceunovale.com.br\/portal\/?p=88210\" \/>\n<meta property=\"og:locale\" content=\"pt_BR\" \/>\n<meta property=\"og:type\" content=\"article\" \/>\n<meta property=\"og:title\" content=\"Justi\u00e7a Federal julgar\u00e1 todas as a\u00e7\u00f5es de crimes ambientais da trag\u00e9dia de Mariana - Aconteceu no Vale\" \/>\n<meta property=\"og:description\" content=\"A Justi\u00e7a Federal vai ser respons\u00e1vel por julgar todas as a\u00e7\u00f5es sobre crimes ambientais decorrentes do rompimento da Barragem de Fund\u00e3o, em Mariana (MG), no dia 5 de novembro do ano passado. A trag\u00e9dia, avaliada como o maior desastre ambiental da hist\u00f3ria do Brasil, deixou 19 mortos e devastou a paisagem e a biodiversidade do [&hellip;]\" \/>\n<meta property=\"og:url\" content=\"https:\/\/aconteceunovale.com.br\/portal\/?p=88210\" \/>\n<meta property=\"og:site_name\" content=\"Aconteceu no Vale\" \/>\n<meta property=\"article:publisher\" content=\"https:\/\/www.facebook.com\/aconteceunovale\/\" \/>\n<meta property=\"article:published_time\" content=\"2016-06-01T01:16:16+00:00\" \/>\n<meta property=\"og:image\" content=\"https:\/\/aconteceunovale.com.br\/portal\/wp-content\/uploads\/2015\/11\/bento_rodrigues_destruicao.jpg\" \/>\n\t<meta property=\"og:image:width\" content=\"672\" \/>\n\t<meta property=\"og:image:height\" content=\"450\" \/>\n\t<meta property=\"og:image:type\" content=\"image\/jpeg\" \/>\n<meta name=\"author\" content=\"Aconteceu no Vale\" \/>\n<meta name=\"twitter:card\" content=\"summary_large_image\" \/>\n<meta name=\"twitter:creator\" content=\"@noticiadosvales\" \/>\n<meta name=\"twitter:site\" content=\"@noticiadosvales\" \/>\n<meta name=\"twitter:label1\" content=\"Escrito por\" \/>\n\t<meta name=\"twitter:data1\" content=\"Aconteceu no Vale\" \/>\n\t<meta name=\"twitter:label2\" content=\"Est. tempo de leitura\" \/>\n\t<meta name=\"twitter:data2\" content=\"1 minuto\" \/>\n<script type=\"application\/ld+json\" class=\"yoast-schema-graph\">{\"@context\":\"https:\\\/\\\/schema.org\",\"@graph\":[{\"@type\":\"Article\",\"@id\":\"https:\\\/\\\/aconteceunovale.com.br\\\/portal\\\/?p=88210#article\",\"isPartOf\":{\"@id\":\"https:\\\/\\\/aconteceunovale.com.br\\\/portal\\\/?p=88210\"},\"author\":{\"name\":\"Aconteceu no Vale\",\"@id\":\"https:\\\/\\\/aconteceunovale.com.br\\\/portal\\\/#\\\/schema\\\/person\\\/633529146f2c94272bef50ac2953d589\"},\"headline\":\"Justi\u00e7a Federal julgar\u00e1 todas as a\u00e7\u00f5es de crimes ambientais da trag\u00e9dia de Mariana\",\"datePublished\":\"2016-06-01T01:16:16+00:00\",\"mainEntityOfPage\":{\"@id\":\"https:\\\/\\\/aconteceunovale.com.br\\\/portal\\\/?p=88210\"},\"wordCount\":310,\"commentCount\":0,\"image\":{\"@id\":\"https:\\\/\\\/aconteceunovale.com.br\\\/portal\\\/?p=88210#primaryimage\"},\"thumbnailUrl\":\"https:\\\/\\\/aconteceunovale.com.br\\\/portal\\\/wp-content\\\/uploads\\\/2015\\\/11\\\/bento_rodrigues_destruicao.jpg\",\"keywords\":[\"a\u00e7\u00f5es\",\"Bento Rodrigues\",\"crimes ambientais\",\"Desastre de Mariana\",\"Julgamento da trag\u00e9dia de Mariana\",\"Julgamento do desastre de Mariana\",\"Justi\u00e7a Federal\",\"Justi\u00e7a Federal julgar\u00e1 todas as a\u00e7\u00f5es de crimes ambientais\",\"Justi\u00e7a Federal julgar\u00e1 todas as a\u00e7\u00f5es de crimes ambientais da trag\u00e9dia de Mariana\",\"Justi\u00e7a Federal julgar\u00e1 todas as a\u00e7\u00f5es de crimes ambientais decorrentes do rompimento de barragem em Mariana\",\"Justi\u00e7a Federal julgar\u00e1 todas as a\u00e7\u00f5es de crimes ambientais relacionadas ao Desastre de Mariana\",\"Mariana\",\"rompimento de barragem\",\"Samarco\",\"trag\u00e9dia bento rodrigues\",\"trag\u00e9dia de mariana\",\"trag\u00e9dia samarco\"],\"articleSection\":[\"Minas Gerais\"],\"inLanguage\":\"pt-BR\",\"potentialAction\":[{\"@type\":\"CommentAction\",\"name\":\"Comment\",\"target\":[\"https:\\\/\\\/aconteceunovale.com.br\\\/portal\\\/?p=88210#respond\"]}]},{\"@type\":\"WebPage\",\"@id\":\"https:\\\/\\\/aconteceunovale.com.br\\\/portal\\\/?p=88210\",\"url\":\"https:\\\/\\\/aconteceunovale.com.br\\\/portal\\\/?p=88210\",\"name\":\"Justi\u00e7a Federal julgar\u00e1 todas as a\u00e7\u00f5es de crimes ambientais da trag\u00e9dia de Mariana - Aconteceu no Vale\",\"isPartOf\":{\"@id\":\"https:\\\/\\\/aconteceunovale.com.br\\\/portal\\\/#website\"},\"primaryImageOfPage\":{\"@id\":\"https:\\\/\\\/aconteceunovale.com.br\\\/portal\\\/?p=88210#primaryimage\"},\"image\":{\"@id\":\"https:\\\/\\\/aconteceunovale.com.br\\\/portal\\\/?p=88210#primaryimage\"},\"thumbnailUrl\":\"https:\\\/\\\/aconteceunovale.com.br\\\/portal\\\/wp-content\\\/uploads\\\/2015\\\/11\\\/bento_rodrigues_destruicao.jpg\",\"datePublished\":\"2016-06-01T01:16:16+00:00\",\"author\":{\"@id\":\"https:\\\/\\\/aconteceunovale.com.br\\\/portal\\\/#\\\/schema\\\/person\\\/633529146f2c94272bef50ac2953d589\"},\"breadcrumb\":{\"@id\":\"https:\\\/\\\/aconteceunovale.com.br\\\/portal\\\/?p=88210#breadcrumb\"},\"inLanguage\":\"pt-BR\",\"potentialAction\":[{\"@type\":\"ReadAction\",\"target\":[\"https:\\\/\\\/aconteceunovale.com.br\\\/portal\\\/?p=88210\"]}]},{\"@type\":\"ImageObject\",\"inLanguage\":\"pt-BR\",\"@id\":\"https:\\\/\\\/aconteceunovale.com.br\\\/portal\\\/?p=88210#primaryimage\",\"url\":\"https:\\\/\\\/aconteceunovale.com.br\\\/portal\\\/wp-content\\\/uploads\\\/2015\\\/11\\\/bento_rodrigues_destruicao.jpg\",\"contentUrl\":\"https:\\\/\\\/aconteceunovale.com.br\\\/portal\\\/wp-content\\\/uploads\\\/2015\\\/11\\\/bento_rodrigues_destruicao.jpg\",\"width\":672,\"height\":450},{\"@type\":\"BreadcrumbList\",\"@id\":\"https:\\\/\\\/aconteceunovale.com.br\\\/portal\\\/?p=88210#breadcrumb\",\"itemListElement\":[{\"@type\":\"ListItem\",\"position\":1,\"name\":\"In\u00edcio\",\"item\":\"https:\\\/\\\/aconteceunovale.com.br\\\/portal\\\/\"},{\"@type\":\"ListItem\",\"position\":2,\"name\":\"Justi\u00e7a Federal julgar\u00e1 todas as a\u00e7\u00f5es de crimes ambientais da trag\u00e9dia de Mariana\"}]},{\"@type\":\"WebSite\",\"@id\":\"https:\\\/\\\/aconteceunovale.com.br\\\/portal\\\/#website\",\"url\":\"https:\\\/\\\/aconteceunovale.com.br\\\/portal\\\/\",\"name\":\"Aconteceu no Vale\",\"description\":\"Portal de Not\u00edcias\",\"potentialAction\":[{\"@type\":\"SearchAction\",\"target\":{\"@type\":\"EntryPoint\",\"urlTemplate\":\"https:\\\/\\\/aconteceunovale.com.br\\\/portal\\\/?s={search_term_string}\"},\"query-input\":{\"@type\":\"PropertyValueSpecification\",\"valueRequired\":true,\"valueName\":\"search_term_string\"}}],\"inLanguage\":\"pt-BR\"},{\"@type\":\"Person\",\"@id\":\"https:\\\/\\\/aconteceunovale.com.br\\\/portal\\\/#\\\/schema\\\/person\\\/633529146f2c94272bef50ac2953d589\",\"name\":\"Aconteceu no Vale\",\"description\":\"Equipe de reportagem do Aconteceu no Vale, portal de not\u00edcias do Vale do Jequitinhonha, em Minas Gerais. Cobrimos as 51 cidades do Vale desde 2013. Sugest\u00f5es de pauta e pedidos de corre\u00e7\u00e3o: contato@aconteceunovale.com.br\",\"sameAs\":[\"http:\\\/\\\/www.aconteceunovale.com.br\"],\"url\":\"https:\\\/\\\/aconteceunovale.com.br\\\/portal\\\/?author=1\"}]}<\/script>\n<!-- \/ Yoast SEO plugin. -->","yoast_head_json":{"title":"Justi\u00e7a Federal julgar\u00e1 todas as a\u00e7\u00f5es de crimes ambientais da trag\u00e9dia de Mariana - Aconteceu no Vale","robots":{"index":"index","follow":"follow","max-snippet":"max-snippet:-1","max-image-preview":"max-image-preview:large","max-video-preview":"max-video-preview:-1"},"canonical":"https:\/\/aconteceunovale.com.br\/portal\/?p=88210","og_locale":"pt_BR","og_type":"article","og_title":"Justi\u00e7a Federal julgar\u00e1 todas as a\u00e7\u00f5es de crimes ambientais da trag\u00e9dia de Mariana - Aconteceu no Vale","og_description":"A Justi\u00e7a Federal vai ser respons\u00e1vel por julgar todas as a\u00e7\u00f5es sobre crimes ambientais decorrentes do rompimento da Barragem de Fund\u00e3o, em Mariana (MG), no dia 5 de novembro do ano passado. A trag\u00e9dia, avaliada como o maior desastre ambiental da hist\u00f3ria do Brasil, deixou 19 mortos e devastou a paisagem e a biodiversidade do [&hellip;]","og_url":"https:\/\/aconteceunovale.com.br\/portal\/?p=88210","og_site_name":"Aconteceu no Vale","article_publisher":"https:\/\/www.facebook.com\/aconteceunovale\/","article_published_time":"2016-06-01T01:16:16+00:00","og_image":[{"width":672,"height":450,"url":"https:\/\/aconteceunovale.com.br\/portal\/wp-content\/uploads\/2015\/11\/bento_rodrigues_destruicao.jpg","type":"image\/jpeg"}],"author":"Aconteceu no Vale","twitter_card":"summary_large_image","twitter_creator":"@noticiadosvales","twitter_site":"@noticiadosvales","twitter_misc":{"Escrito por":"Aconteceu no Vale","Est. tempo de leitura":"1 minuto"},"schema":{"@context":"https:\/\/schema.org","@graph":[{"@type":"Article","@id":"https:\/\/aconteceunovale.com.br\/portal\/?p=88210#article","isPartOf":{"@id":"https:\/\/aconteceunovale.com.br\/portal\/?p=88210"},"author":{"name":"Aconteceu no Vale","@id":"https:\/\/aconteceunovale.com.br\/portal\/#\/schema\/person\/633529146f2c94272bef50ac2953d589"},"headline":"Justi\u00e7a Federal julgar\u00e1 todas as a\u00e7\u00f5es de crimes ambientais da trag\u00e9dia de Mariana","datePublished":"2016-06-01T01:16:16+00:00","mainEntityOfPage":{"@id":"https:\/\/aconteceunovale.com.br\/portal\/?p=88210"},"wordCount":310,"commentCount":0,"image":{"@id":"https:\/\/aconteceunovale.com.br\/portal\/?p=88210#primaryimage"},"thumbnailUrl":"https:\/\/aconteceunovale.com.br\/portal\/wp-content\/uploads\/2015\/11\/bento_rodrigues_destruicao.jpg","keywords":["a\u00e7\u00f5es","Bento Rodrigues","crimes ambientais","Desastre de Mariana","Julgamento da trag\u00e9dia de Mariana","Julgamento do desastre de Mariana","Justi\u00e7a Federal","Justi\u00e7a Federal julgar\u00e1 todas as a\u00e7\u00f5es de crimes ambientais","Justi\u00e7a Federal julgar\u00e1 todas as a\u00e7\u00f5es de crimes ambientais da trag\u00e9dia de Mariana","Justi\u00e7a Federal julgar\u00e1 todas as a\u00e7\u00f5es de crimes ambientais decorrentes do rompimento de barragem em Mariana","Justi\u00e7a Federal julgar\u00e1 todas as a\u00e7\u00f5es de crimes ambientais relacionadas ao Desastre de Mariana","Mariana","rompimento de barragem","Samarco","trag\u00e9dia bento rodrigues","trag\u00e9dia de mariana","trag\u00e9dia samarco"],"articleSection":["Minas Gerais"],"inLanguage":"pt-BR","potentialAction":[{"@type":"CommentAction","name":"Comment","target":["https:\/\/aconteceunovale.com.br\/portal\/?p=88210#respond"]}]},{"@type":"WebPage","@id":"https:\/\/aconteceunovale.com.br\/portal\/?p=88210","url":"https:\/\/aconteceunovale.com.br\/portal\/?p=88210","name":"Justi\u00e7a Federal julgar\u00e1 todas as a\u00e7\u00f5es de crimes ambientais da trag\u00e9dia de Mariana - Aconteceu no Vale","isPartOf":{"@id":"https:\/\/aconteceunovale.com.br\/portal\/#website"},"primaryImageOfPage":{"@id":"https:\/\/aconteceunovale.com.br\/portal\/?p=88210#primaryimage"},"image":{"@id":"https:\/\/aconteceunovale.com.br\/portal\/?p=88210#primaryimage"},"thumbnailUrl":"https:\/\/aconteceunovale.com.br\/portal\/wp-content\/uploads\/2015\/11\/bento_rodrigues_destruicao.jpg","datePublished":"2016-06-01T01:16:16+00:00","author":{"@id":"https:\/\/aconteceunovale.com.br\/portal\/#\/schema\/person\/633529146f2c94272bef50ac2953d589"},"breadcrumb":{"@id":"https:\/\/aconteceunovale.com.br\/portal\/?p=88210#breadcrumb"},"inLanguage":"pt-BR","potentialAction":[{"@type":"ReadAction","target":["https:\/\/aconteceunovale.com.br\/portal\/?p=88210"]}]},{"@type":"ImageObject","inLanguage":"pt-BR","@id":"https:\/\/aconteceunovale.com.br\/portal\/?p=88210#primaryimage","url":"https:\/\/aconteceunovale.com.br\/portal\/wp-content\/uploads\/2015\/11\/bento_rodrigues_destruicao.jpg","contentUrl":"https:\/\/aconteceunovale.com.br\/portal\/wp-content\/uploads\/2015\/11\/bento_rodrigues_destruicao.jpg","width":672,"height":450},{"@type":"BreadcrumbList","@id":"https:\/\/aconteceunovale.com.br\/portal\/?p=88210#breadcrumb","itemListElement":[{"@type":"ListItem","position":1,"name":"In\u00edcio","item":"https:\/\/aconteceunovale.com.br\/portal\/"},{"@type":"ListItem","position":2,"name":"Justi\u00e7a Federal julgar\u00e1 todas as a\u00e7\u00f5es de crimes ambientais da trag\u00e9dia de Mariana"}]},{"@type":"WebSite","@id":"https:\/\/aconteceunovale.com.br\/portal\/#website","url":"https:\/\/aconteceunovale.com.br\/portal\/","name":"Aconteceu no Vale","description":"Portal de Not\u00edcias","potentialAction":[{"@type":"SearchAction","target":{"@type":"EntryPoint","urlTemplate":"https:\/\/aconteceunovale.com.br\/portal\/?s={search_term_string}"},"query-input":{"@type":"PropertyValueSpecification","valueRequired":true,"valueName":"search_term_string"}}],"inLanguage":"pt-BR"},{"@type":"Person","@id":"https:\/\/aconteceunovale.com.br\/portal\/#\/schema\/person\/633529146f2c94272bef50ac2953d589","name":"Aconteceu no Vale","description":"Equipe de reportagem do Aconteceu no Vale, portal de not\u00edcias do Vale do Jequitinhonha, em Minas Gerais. Cobrimos as 51 cidades do Vale desde 2013. Sugest\u00f5es de pauta e pedidos de corre\u00e7\u00e3o: contato@aconteceunovale.com.br","sameAs":["http:\/\/www.aconteceunovale.com.br"],"url":"https:\/\/aconteceunovale.com.br\/portal\/?author=1"}]}},"_links":{"self":[{"href":"https:\/\/aconteceunovale.com.br\/portal\/index.php?rest_route=\/wp\/v2\/posts\/88210","targetHints":{"allow":["GET"]}}],"collection":[{"href":"https:\/\/aconteceunovale.com.br\/portal\/index.php?rest_route=\/wp\/v2\/posts"}],"about":[{"href":"https:\/\/aconteceunovale.com.br\/portal\/index.php?rest_route=\/wp\/v2\/types\/post"}],"author":[{"embeddable":true,"href":"https:\/\/aconteceunovale.com.br\/portal\/index.php?rest_route=\/wp\/v2\/users\/1"}],"replies":[{"embeddable":true,"href":"https:\/\/aconteceunovale.com.br\/portal\/index.php?rest_route=%2Fwp%2Fv2%2Fcomments&post=88210"}],"version-history":[{"count":0,"href":"https:\/\/aconteceunovale.com.br\/portal\/index.php?rest_route=\/wp\/v2\/posts\/88210\/revisions"}],"wp:featuredmedia":[{"embeddable":true,"href":"https:\/\/aconteceunovale.com.br\/portal\/index.php?rest_route=\/wp\/v2\/media\/72467"}],"wp:attachment":[{"href":"https:\/\/aconteceunovale.com.br\/portal\/index.php?rest_route=%2Fwp%2Fv2%2Fmedia&parent=88210"}],"wp:term":[{"taxonomy":"category","embeddable":true,"href":"https:\/\/aconteceunovale.com.br\/portal\/index.php?rest_route=%2Fwp%2Fv2%2Fcategories&post=88210"},{"taxonomy":"post_tag","embeddable":true,"href":"https:\/\/aconteceunovale.com.br\/portal\/index.php?rest_route=%2Fwp%2Fv2%2Ftags&post=88210"}],"curies":[{"name":"wp","href":"https:\/\/api.w.org\/{rel}","templated":true}]}}